{"id":77247,"date":"2025-08-28T05:45:16","date_gmt":"2025-08-28T05:45:16","guid":{"rendered":"https:\/\/www.europesays.com\/es\/77247\/"},"modified":"2025-08-28T05:45:16","modified_gmt":"2025-08-28T05:45:16","slug":"unos-propietarios-consiguieron-la-casa-de-sus-suenos-en-un-maravilloso-paraje-murciano-sin-hacer-reformas","status":"publish","type":"post","link":"https:\/\/www.europesays.com\/es\/77247\/","title":{"rendered":"Unos propietarios consiguieron la casa de sus sue\u00f1os en un maravilloso paraje murciano sin hacer reformas"},"content":{"rendered":"<p><strong>Paola Garc\u00eda<\/strong>,\u00a0interiorista del estudio <strong>\u00c1rea Exclusiva Interiorismo <\/strong><a href=\"https:\/\/www.revistainteriores.es\/casas\/por-fuera-es-edificio-historico-protegido-1936-por-dentro-es-piso-estilo-parisino-diafano-muy-luminoso_11730\" rel=\"nofollow noopener\" target=\"_blank\">(anteriormente pudimos ver la renovaci\u00f3n de la directora creativa en Murcia)<\/a>\u00a0y autora del proyecto de dise\u00f1o de interiores de esta vivienda, aboga por dotar a los espacios del poder de contar historias, y lo consigue a trav\u00e9s de la escucha y la observaci\u00f3n, dise\u00f1ando ambientes que son un reflejo del estilo y personalidad de quienes los habitan. Amante de lo est\u00e9tico, siempre logra un equilibrio entre belleza y funcionalidad. Y en esta vivienda no ha sido diferente. \u201cPartimos de una finca con un marcado car\u00e1cter mediterr\u00e1neo, de amplias dimensiones, ubicada en un paraje natural de caracter\u00edsticas muy<br \/>especiales\u201d, cuenta Garc\u00eda (que<a href=\"https:\/\/www.revistainteriores.es\/ideas-casa\/paola-garcia-interiorista-si-sofa-no-esta-apoyado-pared-incorpora-consolas-aparadores-su-parte-trasera_11952\" rel=\"nofollow noopener\" target=\"_blank\"> tambi\u00e9n ha desvelado para <strong>Interiores<\/strong> que har\u00eda con un sof\u00e1 que no est\u00e1 pegado a la pared<\/a>).<\/p>\n<p>Aunque no la sometieron a una reforma (es una vivienda de nueva construcci\u00f3n), s\u00ed se realiz\u00f3 un completo trabajo de interiorismo y se dise\u00f1aron los exteriores para ajustarlo todo a las necesidades y preferencias de sus nuevos propietarios: \u201cSu objetivo era <strong>crear un lugar al que siempre apeteciera volver<\/strong>, que fuese un punto de encuentro y de disfrute para toda la familia. Quer\u00edan una casa c\u00e1lida, acogedora, con las puertas siempre abiertas para recibir amigos y disfrutar de experiencias con sus<br \/>seres queridos\u201d, asegura la interiorista.<\/p>\n<p>&#13;<img loading=\"lazy\" decoding=\"async\"   src=\"https:\/\/www.europesays.com\/es\/wp-content\/uploads\/2025\/08\/jardin-con-piscina_742a841c_250822150740_1280x1920.webp.webp\" alt=\"Jard\u00edn con piscina\" class=\"lazyload\" width=\"1280\" height=\"1920\" data-aspectratio=\"1280\/1920\"\/><\/p>\n<p>&#13;&#13;Foto: Fhe.es. Realizaci\u00f3n: Paloma Pacheco Turnes. Proyecto: \u00c1rea Exclusiva Interiorismo&#13;<\/p>\n<p> <a href=\"https:\/\/www.revistainteriores.es\/casas\/propietario-esta-casa-queria-vivienda-comoda-elegante-lujo-para-alquilar-todos-esos-aficionados-golf_11854\" data-ga4_event=\"custom_event\" data-ga4_event_name=\"click_intext\" data-ga4_link_url=\"https:\/\/www.revistainteriores.es\/casas\/propietario-esta-casa-queria-vivienda-comoda-elegante-lujo-para-alquilar-todos-esos-aficionados-golf_11854\" data-ga4_link_text=\"el_propietario_de_esta_casa_queria_una_vivienda_comoda_elegante_y_de_lujo_para_alquilar_a_todos_los_aficionados_al_golf\" data-ga4_content_type=\"photo\" data-ga4_element=\"related\" rel=\"nofollow noopener\" target=\"_blank\">&#13;&#13;<img loading=\"lazy\" decoding=\"async\" src=\"https:\/\/www.europesays.com\/es\/wp-content\/uploads\/2025\/08\/patricia-gonzalez-de-lara-vivienda-antequera_5ae84995_250729214417_600x600.webp.webp\" alt=\"Patricia Gonz\u00e1lez de Lara vivienda Antequera\" class=\"lazyload\" width=\"600\" height=\"600\" data-aspectratio=\"600\/600\"\/>&#13;&#13;<\/p>\n<p class=\"epigraph\">                    &#13;Noticia relacionada<\/p>\n<p class=\"title\">El propietario de esta casa quer\u00eda una vivienda c\u00f3moda, elegante y de lujo para alquilar a todos los aficionados al golf<\/p>\n<p><\/a><\/p>\n<p>Y se puso en marcha con todas las peticiones. \u201cLa mayor dificultad fue <strong>acotar los espacios exteriores<\/strong> para generar diferentes ambientes: la finca se ubica dentro de una parcela de grandes dimensiones y lograr <strong>delimitar y conectar los espacios<\/strong> con prop\u00f3sito y funcionalidad fue un gran reto. Y lo m\u00e1s motivador fue definir y concretar el estilo que\u00a0servir\u00eda como hilo conductor para conseguir una villa con personalidad y mucho estilo\u201d, comenta Garc\u00eda.<\/p>\n<p>\u201cDisfruto dise\u00f1ando estancias equilibradas, donde el orden, la simetr\u00eda y la coherencia visual se combinan con el <strong><a href=\"https:\/\/www.revistainteriores.es\/estilo-de-vida\/gianluca-lattuada-pintor-el-arte-abstracto-puede-ser-fuente-calma-energia-dependiendo-estado-animo-espectador-entorno_11736\" rel=\"nofollow noopener\" target=\"_blank\">uso de piezas de arte para decorar<\/a> y materiales nobles\u00a0<\/strong>cuidadosamente seleccionados. Siempre busco introducir alg\u00fan elemento con car\u00e1cter, capaz de aportar un sutil contraste y personalidad<br \/>al conjunto. Me inclino por una paleta de <strong>colores sobrios, serenos y atemporales<\/strong>, incorporando acentos crom\u00e1ticos en elementos f\u00e1cilmente sustituibles. Mi objetivo es crear ambientes que trasciendan las tendencias y se mantengan vigentes en el tiempo\u201d.<\/p>\n<p>Prueba de ello es esta fant\u00e1stica vivienda, cuya decoraci\u00f3n encaja perfectamente en ella, dado que<br \/>ya contaba con arcos de medio punto y connotaciones coloniales. A\u00f1adi\u00f3 ventanas redondeadas, <strong>alfombras \u00e9tnicas<\/strong>, papel pintado de paisaje selv\u00e1tico, cabeceros de estructura arabesca&#8230; un mix elegante que aporta personalidad sin restar funcionalidad.<\/p>\n<p>A tu medida&#13;<img loading=\"lazy\" decoding=\"async\"   src=\"https:\/\/www.europesays.com\/es\/wp-content\/uploads\/2025\/08\/escalera-oscura_1a0041b8_250822150837_1280x1920.webp.webp\" alt=\"Escalera oscura\" class=\"lazyload\" width=\"1280\" height=\"1920\" data-aspectratio=\"1280\/1920\"\/><\/p>\n<p>El <strong>binomio blanco y negro<\/strong> no tiene rival, y en esta<br \/>vivienda se convierte en el hilo conductor del distribuidor de plantas, aportando una dosis de toque se\u00f1orial.<\/p>\n<p>&#13;Foto: Fhe.es. Realizaci\u00f3n: Paloma Pacheco Turnes. Proyecto: \u00c1rea Exclusiva Interiorismo<\/p>\n<p>\u00c1rea Exclusiva Interiorismo, con Paola Garc\u00eda como interiorista, es un estudio que cree en el poder de los espacios para contar historias. Cada uno de sus proyectos nace de la escucha y la observaci\u00f3n, con una apuesta clara por la <strong>versatilidad, la personalizaci\u00f3n y la atenci\u00f3n a los peque\u00f1os detalles.<\/strong> Su trabajo va m\u00e1s all\u00e1 de lo est\u00e9tico: buscan crear ambientes que emocionen, que conecten con la esencia de quienes los habitan y acompa\u00f1en su estilo de vida de forma natural y elegante.<\/p>\n<p>Para Paola, un espacio bien dise\u00f1ado \u201cno solo se ve bonito: se vive, se siente y se convierte en una extensi\u00f3n de quien lo habita. Esa es la misi\u00f3n de \u00c1rea Exclusiva Interiorismo, que cada persona pueda encontrar en <strong>su hogar un reflejo aut\u00e9ntico de s\u00ed misma<\/strong>\u201d.<\/p>\n<p>Una casa donde todo es posible <\/p>\n","protected":false},"excerpt":{"rendered":"Paola Garc\u00eda,\u00a0interiorista del estudio \u00c1rea Exclusiva Interiorismo (anteriormente pudimos ver la renovaci\u00f3n de la directora creativa en Murcia)\u00a0y&hellip;\n","protected":false},"author":2,"featured_media":77248,"comment_status":"","ping_status":"","sticky":false,"template":"","format":"standard","meta":{"footnotes":""},"categories":[173],"tags":[229,233,231,230,232,234,146,147,25,24,23],"class_list":{"0":"post-77247","1":"post","2":"type-post","3":"status-publish","4":"format-standard","5":"has-post-thumbnail","7":"category-arte-y-diseno","8":"tag-arte","9":"tag-arte-y-diseno","10":"tag-arts","11":"tag-arts-and-design","12":"tag-design","13":"tag-diseno","14":"tag-entertainment","15":"tag-entretenimiento","16":"tag-es","17":"tag-espana","18":"tag-spain"},"share_on_mastodon":{"url":"","error":""},"_links":{"self":[{"href":"https:\/\/www.europesays.com\/es\/wp-json\/wp\/v2\/posts\/77247","targetHints":{"allow":["GET"]}}],"collection":[{"href":"https:\/\/www.europesays.com\/es\/wp-json\/wp\/v2\/posts"}],"about":[{"href":"https:\/\/www.europesays.com\/es\/wp-json\/wp\/v2\/types\/post"}],"author":[{"embeddable":true,"href":"https:\/\/www.europesays.com\/es\/wp-json\/wp\/v2\/users\/2"}],"replies":[{"embeddable":true,"href":"https:\/\/www.europesays.com\/es\/wp-json\/wp\/v2\/comments?post=77247"}],"version-history":[{"count":0,"href":"https:\/\/www.europesays.com\/es\/wp-json\/wp\/v2\/posts\/77247\/revisions"}],"wp:featuredmedia":[{"embeddable":true,"href":"https:\/\/www.europesays.com\/es\/wp-json\/wp\/v2\/media\/77248"}],"wp:attachment":[{"href":"https:\/\/www.europesays.com\/es\/wp-json\/wp\/v2\/media?parent=77247"}],"wp:term":[{"taxonomy":"category","embeddable":true,"href":"https:\/\/www.europesays.com\/es\/wp-json\/wp\/v2\/categories?post=77247"},{"taxonomy":"post_tag","embeddable":true,"href":"https:\/\/www.europesays.com\/es\/wp-json\/wp\/v2\/tags?post=77247"}],"curies":[{"name":"wp","href":"https:\/\/api.w.org\/{rel}","templated":true}]}}