{"id":77379,"date":"2025-08-28T07:08:14","date_gmt":"2025-08-28T07:08:14","guid":{"rendered":"https:\/\/www.europesays.com\/es\/77379\/"},"modified":"2025-08-28T07:08:14","modified_gmt":"2025-08-28T07:08:14","slug":"que-dijo-la-mama-del-joven-de-22-anos-que-murio-tras-ser-embestido-por-un-toro-de-700-kilos","status":"publish","type":"post","link":"https:\/\/www.europesays.com\/es\/77379\/","title":{"rendered":"Qu\u00e9 dijo la mam\u00e1 del joven de 22 a\u00f1os que muri\u00f3 tras ser embestido por un toro de 700 kilos"},"content":{"rendered":"<p class=\"mb-4 text-lg md:leading-8 break-words\"><b>Manuel Mar\u00eda Trindade<\/b>, torero portugu\u00e9s de 22 a\u00f1os, <a href=\"https:\/\/es-us.noticias.yahoo.com\/muri%C3%B3-joven-22-a%C3%B1os-ser-232220457.html\" rel=\"nofollow noopener\" data-ylk=\"slk:muri\u00f3 este s\u00e1bado en Lisboa, Portugal, luego de ser embestido por un toro de 700 kilos;elm:context_link;itc:0;sec:content-canvas;outcm:mb_qualified_link;_E:mb_qualified_link;ct:story;\" class=\"link  yahoo-link\" target=\"_blank\">muri\u00f3 este s\u00e1bado en Lisboa, Portugal, luego de ser embestido por un toro de 700 kilos<\/a> el d\u00eda anterior. El incidente ocurri\u00f3 en la <b>Plaza de Toros de Campo Peque\u00f1o<\/b> durante una corrida, cuando el residente de S\u00e3o Miguel de Machede e integrante del grupo Forcados Amadores de S\u00e3o Man\u00e7os sufri\u00f3 graves heridas tras el impacto. Fue trasladado al Hospital de S\u00e3o Jos\u00e9, donde se confirm\u00f3 su deceso por <b>\u201cmuerte cerebral\u201d<\/b>.<\/p>\n<p><img alt=\"El torero portugu\u00e9s Manuel Maria Trindade ten\u00eda 22 a\u00f1os\" loading=\"lazy\" width=\"768\" height=\"512\" decoding=\"async\" data-nimg=\"1\" class=\"rounded-lg\" style=\"color:transparent\" src=\"https:\/\/www.europesays.com\/es\/wp-content\/uploads\/2025\/08\/b656efb2d99f47b37f55192ec645ec95.jpeg\"\/><\/p>\n<p>El torero portugu\u00e9s Manuel Maria Trindade ten\u00eda 22 a\u00f1os<\/p>\n<p class=\"mb-4 text-lg md:leading-8 break-words\">Alzira Beringel, la madre de Manuel Maria Trindade, recurri\u00f3 a sus redes sociales para expresar su dolor y defender a su hijo. Ante las cr\u00edticas que recibi\u00f3 la tauromaquia tras la muerte del joven, Beringel respondi\u00f3: <b>\u201cVengo a agradecerles todos sus aplausos, todas las risas y regocijos por la muerte de mi hijo \u00bfLo conocieron como para alegrarse de su muerte? \u00bfSaben si le gustaban los animales? <\/b>Siempre hemos tenido perros y son parte de nuestra familia. Dorm\u00edan con \u00e9l y cuando llegaba a casa se re\u00edan con \u00e9l&#8230; <b>los animales saben qui\u00e9nes son las buenas personas\u201d.<\/b><\/p>\n<p class=\"mb-4 text-lg md:leading-8 break-words\">Beringel tambi\u00e9n lament\u00f3 los comentarios \u201cinteligentes\u201d que aparecieron en las redes sociales, pero reafirm\u00f3 su derecho a vivir en un pa\u00eds democr\u00e1tico donde cada uno es libre de elegir sus gustos. <b>\u201cMe hab\u00eda prometido a m\u00ed misma no leer sus comentarios inteligentes, pero fueron apareciendo algunos \u2018tan bonitos\u2019, que no pude soportar <\/b>y tuve que agradecerles por el apoyo y el cari\u00f1o mostrado. Todav\u00eda vivimos en un pa\u00eds democr\u00e1tico, en el que cada uno es libre de gustar lo que le gusta y a nadie m\u00e1s le importa\u201d.<\/p>\n<p><img alt=\"Alzira Beringel, madre de Manuel Maria Trindade, utiliz\u00f3 sus redes sociales para defender la memoria de su hijo y responder a las cr\u00edticas tras su tr\u00e1gica muerte (Fuente: Facebook)\" loading=\"lazy\" width=\"768\" height=\"765\" decoding=\"async\" data-nimg=\"1\" class=\"rounded-lg\" style=\"color:transparent\" src=\"https:\/\/www.europesays.com\/es\/wp-content\/uploads\/2025\/08\/45e18e26dc28fce1198d0a9edeaa2606.jpeg\"\/><\/p>\n<p>Alzira Beringel, madre de Manuel Maria Trindade, utiliz\u00f3 sus redes sociales para defender la memoria de su hijo y responder a las cr\u00edticas tras su tr\u00e1gica muerte (Fuente: Facebook)<\/p>\n<p class=\"mb-4 text-lg md:leading-8 break-words\">Para concluir su mensaje sostuvo: <b>\u201cEstoy aqu\u00ed en mi casa, haciendo tiempo&#8230; esperando&#8230; que me entreguen el cuerpo de mi \u2018ni\u00f1o de oro\u2019\u201d.<\/b><\/p>\n<p class=\"mb-4 text-lg md:leading-8 break-words\">El suceso ocurri\u00f3 durante la primera toma de la noche, cuando el <b>toro<\/b> de la ganader\u00eda Vinhas embisti\u00f3 a Trindade y lo estrell\u00f3 contra las tablas de la plaza.<b> El impacto dej\u00f3 al joven inmovilizado sobre la arena<\/b>. Sus compa\u00f1eros lo asistieron de inmediato y luego fue estabilizado en la enfermer\u00eda de Campo Peque\u00f1o por el equipo m\u00e9dico presente en la corrida. Posteriormente, fue trasladado al Hospital de Santa Mar\u00eda y, m\u00e1s tarde, con ventilaci\u00f3n asistida, al Hospital de S\u00e3o Jos\u00e9, donde ingres\u00f3 con \u201cmuerte cerebral\u201d.<\/p>\n<p class=\"mb-4 text-lg md:leading-8 break-words\">La Asociaci\u00f3n Nacional de Grupos de Forcados (ANGF) lament\u00f3 el fallecimiento del joven. <b>\u201cANGF desea expresar sus m\u00e1s sentidos condolencias a la familia de Manuel, a todos sus amigos y al Grupo de Forcados Amadores de S\u00e3o Man\u00e7os\u201d<\/b>, se\u00f1al\u00f3 la asociaci\u00f3n en un comunicado. La ANGF se ofreci\u00f3 a brindar apoyo en este momento dif\u00edcil. <b>\u201cQue la memoria y el ejemplo de valent\u00eda de Manuel Mar\u00eda Trindade permanezcan vivos en el coraz\u00f3n de todos los que lo conocieron y admiraron. Las m\u00e1s sentidas condolencias\u201d<\/b>, concluy\u00f3 el comunicado.<\/p>\n<p><img alt=\"La Asociaci\u00f3n Nacional de Grupos de Forcados (ANGF) lament\u00f3 profundamente la muerte de Manuel Maria Trindade (Fuente: Instagram @forcado_oficial)\" loading=\"lazy\" width=\"862\" height=\"1080\" decoding=\"async\" data-nimg=\"1\" class=\"rounded-lg\" style=\"color:transparent\" src=\"https:\/\/www.europesays.com\/es\/wp-content\/uploads\/2025\/08\/09a6b057749f1f70c13fd538388e6ad6.jpeg\"\/><\/p>\n<p>La Asociaci\u00f3n Nacional de Grupos de Forcados (ANGF) lament\u00f3 profundamente la muerte de Manuel Maria Trindade (Fuente: Instagram @forcado_oficial)<\/p>\n<p class=\"mb-4 text-lg md:leading-8 break-words\"><b>Carlos Pinto de S\u00e1<\/b>, Presidente de la C\u00e1mara Municipal de \u00c9vora, tambi\u00e9n lament\u00f3 la muerte del joven. <b>\u201cEn mi nombre personal y en nombre del Municipio de \u00c9vora nos dirigimos a la familia y al Grupo de Forcados Amadores de S\u00e3o Man\u00e7os para expresar nuestras m\u00e1s sentidas condolencias y nuestra solidaridad en este momento doloroso que nos golpea. \u00a1Que descanse en paz!\u201d<\/b>, escribi\u00f3 en su cuenta oficial de Facebook.<\/p>\n<p><img alt=\"Carlos Pinto de S\u00e1, Presidente de la C\u00e1mara Municipal de \u00c9vora, se uni\u00f3 al luto por el fallecimiento de Manuel Maria Trindade (Facebook: \u00c9vora Not\u00edcias)\" loading=\"lazy\" width=\"466\" height=\"720\" decoding=\"async\" data-nimg=\"1\" class=\"rounded-lg\" style=\"color:transparent\" src=\"https:\/\/www.europesays.com\/es\/wp-content\/uploads\/2025\/08\/272032f8b48a5991b504225bcd6c922d.jpeg\"\/><\/p>\n<p>Carlos Pinto de S\u00e1, Presidente de la C\u00e1mara Municipal de \u00c9vora, se uni\u00f3 al luto por el fallecimiento de Manuel Maria Trindade (Facebook: \u00c9vora Not\u00edcias)<\/p>\n<p class=\"mb-4 text-lg md:leading-8 break-words\">Este contenido fue producido por un equipo de LA NACION con la asistencia de la IA.<\/p>\n","protected":false},"excerpt":{"rendered":"Manuel Mar\u00eda Trindade, torero portugu\u00e9s de 22 a\u00f1os, muri\u00f3 este s\u00e1bado en Lisboa, Portugal, luego de ser embestido&hellip;\n","protected":false},"author":2,"featured_media":77380,"comment_status":"","ping_status":"","sticky":false,"template":"","format":"standard","meta":{"footnotes":""},"categories":[277],"tags":[373,29095,168,25,24,29844,29092,1389,29843,23,167,374],"class_list":{"0":"post-77379","1":"post","2":"type-post","3":"status-publish","4":"format-standard","5":"has-post-thumbnail","7":"category-toreo","8":"tag-bullfighting","9":"tag-campo-pequeno","10":"tag-deportes","11":"tag-es","12":"tag-espana","13":"tag-la-muerte","14":"tag-manuel-maria-trindade","15":"tag-plaza-de-toros","16":"tag-sao-miguel-de-machede","17":"tag-spain","18":"tag-sports","19":"tag-toreo"},"share_on_mastodon":{"url":"","error":""},"_links":{"self":[{"href":"https:\/\/www.europesays.com\/es\/wp-json\/wp\/v2\/posts\/77379","targetHints":{"allow":["GET"]}}],"collection":[{"href":"https:\/\/www.europesays.com\/es\/wp-json\/wp\/v2\/posts"}],"about":[{"href":"https:\/\/www.europesays.com\/es\/wp-json\/wp\/v2\/types\/post"}],"author":[{"embeddable":true,"href":"https:\/\/www.europesays.com\/es\/wp-json\/wp\/v2\/users\/2"}],"replies":[{"embeddable":true,"href":"https:\/\/www.europesays.com\/es\/wp-json\/wp\/v2\/comments?post=77379"}],"version-history":[{"count":0,"href":"https:\/\/www.europesays.com\/es\/wp-json\/wp\/v2\/posts\/77379\/revisions"}],"wp:featuredmedia":[{"embeddable":true,"href":"https:\/\/www.europesays.com\/es\/wp-json\/wp\/v2\/media\/77380"}],"wp:attachment":[{"href":"https:\/\/www.europesays.com\/es\/wp-json\/wp\/v2\/media?parent=77379"}],"wp:term":[{"taxonomy":"category","embeddable":true,"href":"https:\/\/www.europesays.com\/es\/wp-json\/wp\/v2\/categories?post=77379"},{"taxonomy":"post_tag","embeddable":true,"href":"https:\/\/www.europesays.com\/es\/wp-json\/wp\/v2\/tags?post=77379"}],"curies":[{"name":"wp","href":"https:\/\/api.w.org\/{rel}","templated":true}]}}