{"id":77493,"date":"2025-08-28T08:36:09","date_gmt":"2025-08-28T08:36:09","guid":{"rendered":"https:\/\/www.europesays.com\/es\/77493\/"},"modified":"2025-08-28T08:36:09","modified_gmt":"2025-08-28T08:36:09","slug":"el-pais-de-la-ue-y-uno-de-los-mas-ricos-del-mundo-que-una-vez-fue-parte-de-espana","status":"publish","type":"post","link":"https:\/\/www.europesays.com\/es\/77493\/","title":{"rendered":"El pa\u00eds de la UE y uno de los m\u00e1s ricos del mundo que una vez fue parte de Espa\u00f1a"},"content":{"rendered":"<p class=\"description\"><b>\u00a1\u00daLTIMA OPORTUNIDAD!<\/b> Suscr\u00edbete por solo 0,75\u20ac al mes a la revista Historia National Geographic.<\/p>\n<p class=\"description\"><b>\u00a1Novedad!<\/b> Consigue la nueva edici\u00f3n especial de Historia NG: Grandes Episodios de Grecia.<\/p>\n<p>Entre los lugares m\u00e1s inesperados que una vez formaron parte del <a href=\"https:\/\/historia.nationalgeographic.com.es\/a\/imperio-donde-nunca-se-pone-sol-cuanto-territorio-abarco-realmente-imperio-espanol-su-apogeo_24331\" rel=\"nofollow noopener\" target=\"_blank\">Imperio espa\u00f1ol<\/a> se encuentra<strong>\u00a0un peque\u00f1o pa\u00eds centroeuropeo <\/strong>que hoy<strong>\u00a0<\/strong>es una de las naciones con las rentas per c\u00e1pita m\u00e1s altas del mundo.<\/p>\n<p><strong>Hablamos de Luxemburgo, hoy miembro fundador de la Uni\u00f3n Europea, pero que durante m\u00e1s de 150 a\u00f1os form\u00f3 parte del gran Imperio espa\u00f1ol <\/strong>el cual, en su apogeo, lleg\u00f3 a ser el imperio m\u00e1s grande y m\u00e1s rico del mundo, con territorios no solo en Europa sino tambi\u00e9n en Am\u00e9rica, \u00c1frica u Ocean\u00eda.<\/p>\n<p class=\"relatedTitle\">Art\u00edculo recomendado<\/p>\n<p><a href=\"https:\/\/historia.nationalgeographic.com.es\/a\/egipto-recupera-parte-ciudad-canopo-sumergida-cerca-alejandria-hace-mas-dos-mil-anos_24445\" class=\"rel\" rel=\"nofollow noopener\" target=\"_blank\">&#13;&#13;<img decoding=\"async\" src=\"https:\/\/www.europesays.com\/es\/wp-content\/uploads\/2025\/08\/restos-de-una-estatua-de-marmol-de-epoca-ptolemaica-recuperada-bajo-las-aguas-del-mediterraneo_39410.webp\" alt=\"Restos de una estatua de m\u00e1rmol de \u00e9poca ptolemaica recuperada bajo las aguas del Mediterr\u00e1neo.\" class=\"imagenRelacionado lazyload\"\/>&#13;&#13;<\/p>\n<p class=\"title\">Egipto recupera parte de la ciudad de Canopo, sumergida hace m\u00e1s de dos mil a\u00f1os<\/p>\n<p class=\"readarticle\">Leer art\u00edculo<\/p>\n<p><\/a>El Ducado de Luxemburgo y los Habsburgo<\/p>\n<p>Entre los siglos XVI y XVII, Luxemburgo estuvo bajo dominio de los <a href=\"https:\/\/historia.nationalgeographic.com.es\/a\/carlos-habsburgo-apogeo-emperador_16089\" rel=\"nofollow noopener\" target=\"_blank\">Habsburgo espa\u00f1oles<\/a>, integr\u00e1ndose en los llamados Pa\u00edses Bajos Espa\u00f1oles. Originalmente surgi\u00f3 como un condado del Sacro Imperio Romano Germ\u00e1nico, y m\u00e1s tarde un ducado. Pero su destino pol\u00edtico cambi\u00f3 cuando, a finales del siglo XV, pas\u00f3 a formar parte de la herencia borgo\u00f1ona que acabar\u00eda en manos de <strong>Carlos V, nieto de los Reyes Cat\u00f3licos, que se convirti\u00f3 en rey de Espa\u00f1a con tan solo 16 a\u00f1os de edad y heredero, poco despu\u00e9s, de la corona del Sacro Imperio Romano Germ\u00e1nico<\/strong>.\u00a0<\/p>\n<p>Si bien bajo el reinado de Carlos V Espa\u00f1a vivi\u00f3 el Siglo de Oro, cuando este abdic\u00f3 en 1555 con la intenci\u00f3n de vivir piadosamente en un monasterio, dividi\u00f3 su imperio entre su hermano Fernando (que recibi\u00f3 Austria y el t\u00edtulo imperial) y su hijo Felipe II, quien hered\u00f3 Espa\u00f1a, Am\u00e9rica, N\u00e1poles, Sicilia, Mil\u00e1n&#8230; y los Pa\u00edses Bajos, entre los que se encontraba Luxemburgo. As\u00ed, <strong>el peque\u00f1o ducado qued\u00f3 bajo dominio directo de la Corona espa\u00f1ola.<\/strong><\/p>\n<p>Luxemburgo como parte de Espa\u00f1a<\/p>\n<p>Lo cierto es que <strong>era una zona id\u00f3nea a nivel estrat\u00e9gico, <\/strong>ya que se encontraba entre Francia, Alemania y los Pa\u00edses Bajos, de ah\u00ed que se convirtiera en un fuerte baluarte del tablero militar europeo. De hecho, durante las guerras santas en Europa (con el inicio de la Reforma protestante), la rebeli\u00f3n de los Pa\u00edses Bajos y la Guerra de los Treinta A\u00f1os, <strong>Luxemburgo fue fortificada y defendida como clave imperial como frontera directa con Flandes. <\/strong>Se construyeron t\u00faneles, miradores, fortalezas&#8230; tanto es as\u00ed que la ciudad recibi\u00f3 el apodo de \u201cla Gibraltar del norte\u201d por estas poderosas defensas dise\u00f1adas por ingenieros militares espa\u00f1oles y flamencos.<\/p>\n<p>Se convirti\u00f3 en un baluarte militar con castillo y murallas reforzados sin miramientos, y la regi\u00f3n se convirti\u00f3 en un punto de paso vital para tropas hisp\u00e1nicas que recorr\u00edan <strong>el famoso \u201cCamino Espa\u00f1ol\u201d: una ruta log\u00edstica de 1.000 kil\u00f3metros exactos <\/strong>que conectaba el norte de Italia con Flandes cruzando por el Franco Condado, el Ducado de Saboya, Lorena y obviamente Luxemburgo (y que propici\u00f3 una log\u00edstica militar perfecta).<\/p>\n<p><img loading=\"lazy\" decoding=\"async\"   src=\"https:\/\/www.europesays.com\/es\/wp-content\/uploads\/2025\/08\/belagerung-luxemburg_099efcc5_1684_250826132420_800x588.webp.webp\" alt=\"Belagerung Luxemburg\" class=\"lazyload\" width=\"800\" height=\"588\" data-aspectratio=\"800\/588\"\/><br \/>\n&#13;Belagerung Luxemburg&#13;<\/p>\n<p>Asedio de Luxemburgo en 1684.<\/p>\n<p>&#13;<\/p>\n<p>&#13;Wikimedia Commons<\/p>\n<p>&#13;<\/p>\n<p>C\u00f3mo era estar bajo dominio espa\u00f1ol<\/p>\n<p>En esta etapa con Luxemburgo integrado dentro del Imperio espa\u00f1ol, el ducado fue administrado por los gobernadores generales de los Pa\u00edses Bajos Espa\u00f1oles desde Bruselas. Aunque mantuvo cierta autonom\u00eda local, sus instituciones respond\u00edan a la monarqu\u00eda hisp\u00e1nica. <strong>\u00bfSe hablaba espa\u00f1ol? No fue la lengua principal, pero la influencia cultural y religiosa fue destacable.<\/strong> Lo que s\u00ed se promovi\u00f3 fue el catolicismo (con tensiones con los protestantes del norte), y se fundaron conventos, iglesias y colegios vinculados a \u00f3rdenes religiosas apoyadas por la Corona Espa\u00f1ola.<\/p>\n<p>\u00bfCu\u00e1ndo dej\u00f3 Luxemburgo de formar parte del Imperio espa\u00f1ol?<\/p>\n<p><strong>El dominio espa\u00f1ol termin\u00f3 en 1714 con la Paz de Utrecht <\/strong>(tratados firmados entre 1713 y 1715), que puso fin a la Guerra de Sucesi\u00f3n Espa\u00f1ola. Los Pa\u00edses Bajos Espa\u00f1oles, incluido Luxemburgo, pasaron a manos de los Habsburgo de Austria, dando inicio a una nueva etapa imperial. Pero la huella del Imperio espa\u00f1ol perdura a d\u00eda de hoy: de hecho, uno de los reclamos culturales m\u00e1s llamativos de este peque\u00f1o pa\u00eds es su ciudad fortificada junto a su legado conectado con las grandes potencias de la Edad Moderna.<\/p>\n<p><a href=\"https:\/\/whatsapp.com\/channel\/0029VaCGIn5KwqSTl8E9Y10X\" target=\"_blank\" rel=\"nofollow noopener\">Suscr\u00edbete a nuestro canal de WhatsApp<\/a>\u00a0y recibe las \u00faltimas noticias sobre grandes descubrimientos, adem\u00e1s de las efem\u00e9rides m\u00e1s importantes y mucho m\u00e1s.<\/p>\n","protected":false},"excerpt":{"rendered":"\u00a1\u00daLTIMA OPORTUNIDAD! Suscr\u00edbete por solo 0,75\u20ac al mes a la revista Historia National Geographic. \u00a1Novedad! Consigue la nueva&hellip;\n","protected":false},"author":2,"featured_media":77494,"comment_status":"","ping_status":"","sticky":false,"template":"","format":"standard","meta":{"footnotes":""},"categories":[42],"tags":[17,18,28462,700,13,14,11,28460,29869,61,62,63,64,19,20,29870,6041,9,10,15,16,952,12,21,22,65,66,67],"class_list":{"0":"post-77493","1":"post","2":"type-post","3":"status-publish","4":"format-standard","5":"has-post-thumbnail","7":"category-internacional","8":"tag-breaking-news","9":"tag-breakingnews","10":"tag-curiosidades-de-la-historia","11":"tag-europa","12":"tag-featured-news","13":"tag-featurednews","14":"tag-headlines","15":"tag-historia-de-espana","16":"tag-imperio-espanol","17":"tag-internacional","18":"tag-international","19":"tag-international-news","20":"tag-internationalnews","21":"tag-latest-news","22":"tag-latestnews","23":"tag-luxemburgo","24":"tag-monarquia","25":"tag-news","26":"tag-noticias","27":"tag-noticias-destacadas","28":"tag-noticiasdestacadas","29":"tag-politica","30":"tag-titulares","31":"tag-ultimas-noticias","32":"tag-ultimasnoticias","33":"tag-world","34":"tag-world-news","35":"tag-worldnews"},"share_on_mastodon":{"url":"","error":""},"_links":{"self":[{"href":"https:\/\/www.europesays.com\/es\/wp-json\/wp\/v2\/posts\/77493","targetHints":{"allow":["GET"]}}],"collection":[{"href":"https:\/\/www.europesays.com\/es\/wp-json\/wp\/v2\/posts"}],"about":[{"href":"https:\/\/www.europesays.com\/es\/wp-json\/wp\/v2\/types\/post"}],"author":[{"embeddable":true,"href":"https:\/\/www.europesays.com\/es\/wp-json\/wp\/v2\/users\/2"}],"replies":[{"embeddable":true,"href":"https:\/\/www.europesays.com\/es\/wp-json\/wp\/v2\/comments?post=77493"}],"version-history":[{"count":0,"href":"https:\/\/www.europesays.com\/es\/wp-json\/wp\/v2\/posts\/77493\/revisions"}],"wp:featuredmedia":[{"embeddable":true,"href":"https:\/\/www.europesays.com\/es\/wp-json\/wp\/v2\/media\/77494"}],"wp:attachment":[{"href":"https:\/\/www.europesays.com\/es\/wp-json\/wp\/v2\/media?parent=77493"}],"wp:term":[{"taxonomy":"category","embeddable":true,"href":"https:\/\/www.europesays.com\/es\/wp-json\/wp\/v2\/categories?post=77493"},{"taxonomy":"post_tag","embeddable":true,"href":"https:\/\/www.europesays.com\/es\/wp-json\/wp\/v2\/tags?post=77493"}],"curies":[{"name":"wp","href":"https:\/\/api.w.org\/{rel}","templated":true}]}}