{"id":77521,"date":"2025-08-28T08:55:08","date_gmt":"2025-08-28T08:55:08","guid":{"rendered":"https:\/\/www.europesays.com\/es\/77521\/"},"modified":"2025-08-28T08:55:08","modified_gmt":"2025-08-28T08:55:08","slug":"una-investigacion-de-la-umu-revela-un-vinculo-entre-el-microbioma-oral-y-la-depresion-sala-de-prensa","status":"publish","type":"post","link":"https:\/\/www.europesays.com\/es\/77521\/","title":{"rendered":"Una investigaci\u00f3n de la UMU revela un v\u00ednculo entre el microbioma oral y la depresi\u00f3n &#8211; Sala de prensa"},"content":{"rendered":"<p>\n\t\t\tLos estudios analizados coinciden en que las personas con depresi\u00f3n presentan una menor diversidad microbiana en la boca\n\t\t<\/p>\n<p>Una boca desequilibrada podr\u00eda estar enviando se\u00f1ales al cerebro. Un reciente estudio liderado por el grupo de investigaci\u00f3n de Odontolog\u00eda en Personas los Necesidades Especiales y Gerodontolog\u00eda de la sugiere que los cambios en la microbiota bucal \u2014el conjunto de microorganismos que habitan nuestra boca\u2014 podr\u00edan estar relacionados con el desarrollo de la depresi\u00f3n, abriendo nuevas v\u00edas para su diagn\u00f3stico y posible tratamiento.<\/p>\n<p>Mediante una revisi\u00f3n sistem\u00e1tica se recopil\u00f3 y analiz\u00f3 los resultados de 11 investigaciones publicadas en la \u00faltima d\u00e9cada, que exploran c\u00f3mo el desequilibrio bacteriano en la boca podr\u00eda influir en la aparici\u00f3n o severidad de los s\u00edntomas depresivos. \u201cLa cavidad oral es mucho m\u00e1s que una entrada para los alimentos; es un ecosistema que, cuando se altera, puede desencadenar procesos inflamatorios que afecten incluso al sistema nervioso central\u201d, explica Miguel Ram\u00f3n Pecci-Lloret, coordinador de la investigaci\u00f3n junto a Mar\u00eda Pilar Pecci Lloret.<\/p>\n<p><strong>Bacterias que hablan del estado de \u00e1nimo<\/strong><\/p>\n<p>Los estudios analizados coinciden en que las personas con depresi\u00f3n presentan una menor diversidad microbiana en la boca y una composici\u00f3n bacteriana distinta respecto a personas sanas. Este desequilibrio se ha asociado con procesos inflamatorios que podr\u00edan alterar la barrera hematoencef\u00e1lica, una de las posibles rutas por las que las bacterias orales afectar\u00edan al cerebro.<\/p>\n<p>En particular, ciertas bacterias como Streptococcus, Neisseria o Prevotella aparecen con mayor o menor frecuencia en personas con s\u00edntomas depresivos, seg\u00fan los diferentes estudios. Aunque todav\u00eda no se puede afirmar una relaci\u00f3n causal directa, la evidencia acumulada sugiere que el microbioma bucal podr\u00eda convertirse en un biomarcador no invasivo para detectar se\u00f1ales tempranas de esta enfermedad.<\/p>\n<p><strong>Una herramienta diagn\u00f3stica y terap\u00e9utica en potencia<\/strong><\/p>\n<p>La revisi\u00f3n tambi\u00e9n destaca que, debido a la accesibilidad de la cavidad oral, el an\u00e1lisis de la microbiota podr\u00eda facilitar el diagn\u00f3stico precoz de la depresi\u00f3n y apoyar estrategias terap\u00e9uticas complementarias. En particular, intervenir sobre la salud bucal \u2014con probi\u00f3ticos, cambios en la dieta o mejora de la higiene oral\u2014 podr\u00eda tener efectos beneficiosos sobre el estado de \u00e1nimo.<\/p>\n<p>\u201cEl eje oral-intestinal-cerebral est\u00e1 cobrando protagonismo. Este estudio pone de relieve que cuidar la boca puede ser tan relevante como cuidar el intestino o el sue\u00f1o en el abordaje integral de la salud mental\u201d, afirma la investigadora M.\u00aa Pilar Pecci.<\/p>\n<p><strong>Hacia una medicina m\u00e1s integradora<\/strong><\/p>\n<p>Los autores subrayan que a\u00fan se necesitan estudios m\u00e1s homog\u00e9neos y experimentales para establecer una relaci\u00f3n definitiva. Sin embargo, el trabajo marca un hito en la comprensi\u00f3n de la depresi\u00f3n desde una perspectiva biol\u00f3gica y sist\u00e9mica.<\/p>\n<p>El estudio acaba de publicarse en la prestigiosa revista Journal of Clinical Medicine y se enmarca en una creciente l\u00ednea de investigaci\u00f3n que conecta la salud bucodental con enfermedades neurol\u00f3gicas y mentales, como el p\u00e1rkinson o el alzh\u00e9imer especialmente en poblaciones vulnerables como adolescentes, embarazadas y personas mayores.<\/p>\n","protected":false},"excerpt":{"rendered":"Los estudios analizados coinciden en que las personas con depresi\u00f3n presentan una menor diversidad microbiana en la boca&hellip;\n","protected":false},"author":2,"featured_media":77522,"comment_status":"","ping_status":"","sticky":false,"template":"","format":"standard","meta":{"footnotes":""},"categories":[92],"tags":[25,24,165,29876,7080,166,23,29877],"class_list":{"0":"post-77521","1":"post","2":"type-post","3":"status-publish","4":"format-standard","5":"has-post-thumbnail","7":"category-salud","8":"tag-es","9":"tag-espana","10":"tag-health","11":"tag-nota-de-prensa","12":"tag-noticia","13":"tag-salud","14":"tag-spain","15":"tag-web-principal-um"},"share_on_mastodon":{"url":"","error":""},"_links":{"self":[{"href":"https:\/\/www.europesays.com\/es\/wp-json\/wp\/v2\/posts\/77521","targetHints":{"allow":["GET"]}}],"collection":[{"href":"https:\/\/www.europesays.com\/es\/wp-json\/wp\/v2\/posts"}],"about":[{"href":"https:\/\/www.europesays.com\/es\/wp-json\/wp\/v2\/types\/post"}],"author":[{"embeddable":true,"href":"https:\/\/www.europesays.com\/es\/wp-json\/wp\/v2\/users\/2"}],"replies":[{"embeddable":true,"href":"https:\/\/www.europesays.com\/es\/wp-json\/wp\/v2\/comments?post=77521"}],"version-history":[{"count":0,"href":"https:\/\/www.europesays.com\/es\/wp-json\/wp\/v2\/posts\/77521\/revisions"}],"wp:featuredmedia":[{"embeddable":true,"href":"https:\/\/www.europesays.com\/es\/wp-json\/wp\/v2\/media\/77522"}],"wp:attachment":[{"href":"https:\/\/www.europesays.com\/es\/wp-json\/wp\/v2\/media?parent=77521"}],"wp:term":[{"taxonomy":"category","embeddable":true,"href":"https:\/\/www.europesays.com\/es\/wp-json\/wp\/v2\/categories?post=77521"},{"taxonomy":"post_tag","embeddable":true,"href":"https:\/\/www.europesays.com\/es\/wp-json\/wp\/v2\/tags?post=77521"}],"curies":[{"name":"wp","href":"https:\/\/api.w.org\/{rel}","templated":true}]}}