{"id":77662,"date":"2025-08-28T10:31:09","date_gmt":"2025-08-28T10:31:09","guid":{"rendered":"https:\/\/www.europesays.com\/es\/77662\/"},"modified":"2025-08-28T10:31:09","modified_gmt":"2025-08-28T10:31:09","slug":"rusia-bombardea-la-embajada-de-la-ue-en-kiev","status":"publish","type":"post","link":"https:\/\/www.europesays.com\/es\/77662\/","title":{"rendered":"Rusia bombardea la embajada de la UE en Kiev"},"content":{"rendered":"<p><img decoding=\"async\" class=\"voc-author__img\" src=\"https:\/\/www.europesays.com\/es\/wp-content\/uploads\/2025\/07\/autor-2045-foto-15.jpeg\" alt=\"Enrique Serbeto\"\/><\/p>\n<p>28\/08\/2025<br \/>\n<br \/><strong><br \/>\nActualizado a las 12:29h.<br \/>\n<\/strong><\/p>\n<p class=\"voc-p\" style=\"\"><strong>Rusia<\/strong> ha atacado esta noche el edificio de la delegaci\u00f3n de la <strong>Uni\u00f3n Europea<\/strong> en Kiev al que ha causado \u00abda\u00f1os significativos\u00bb seg\u00fan fuentes oficiales. El ministro de Asuntos Exteriores ucraniano, <strong>Andriy Sybiha<\/strong>, ha informado que, como resultado del ataque con misiles lanzado por Rusia durante la noche del 28 de agosto, el edificio de la misi\u00f3n de la UE en Kiev result\u00f3 da\u00f1ado. En esta oleada de drones y misiles han muerto doce personas, entre las que se incluye un ni\u00f1o, y una treintena han resultado heridas. Todos los funcionarios europeos est\u00e1n a salvo, seg\u00fan la presidenta de la Comisi\u00f3n,<strong> Ursula von der Leyen<\/strong>.<\/p>\n<p class=\"voc-p\" style=\"\">\u00abDurante la noche, las Fuerzas Armadas de la Federaci\u00f3n Rusa lanzaron un ataque grupal&#8230; contra empresas del complejo militar-industrial y bases a\u00e9reas militares en Ucrania\u00bb, indic\u00f3 el Ministerio de Defensa ruso en redes sociales, afirmando que los \u00faltimos ataques alcanzaron objetivos \u00abmilitares\u00bb.<\/p>\n<p class=\"voc-p\" style=\"\">Sybiha ha escrito en redes sociales que \u00abla misi\u00f3n de la UE en Ucrania result\u00f3 da\u00f1ada. Esto requiere la condena no solo de la UE, sino tambi\u00e9n de todo el mundo. Expresamos nuestra solidaridad con nuestros colegas de la UE y estamos dispuestos a brindar asistencia.\u00bb<\/p>\n<p class=\"voc-p\" style=\"\">La embajadora de la UE en Ucrania, <strong>Katarina Mathernova<\/strong>, declar\u00f3 que el edificio result\u00f3 \u00abgravemente da\u00f1ado\u00bb por el masivo bombardeo que Rusia lanz\u00f3 contra Ucrania durante la noche.<\/p>\n<p class=\"voc-p\" style=\"\">El presidente del Consejo Europeo,<strong> Antonio Costa<\/strong>, dijo estar \u00abhorrorizado\u00bb por lo que defini\u00f3 como \u00abotra noche de mort\u00edferos ataques con misiles rusos contra Ucrania\u00bb. En redes sociales escribi\u00f3 que \u00abmis condolencias est\u00e1n con las v\u00edctimas ucranianas y tambi\u00e9n con el personal de la delegaci\u00f3n de la UE en Ucrania, cuyo edificio result\u00f3 da\u00f1ado en este ataque deliberado ruso\u00bb para finalizar diciendo que \u00abla UE no se dejar\u00e1 intimidar. La agresi\u00f3n rusa no hace m\u00e1s que reforzar nuestra determinaci\u00f3n de apoyar a Ucrania y a su pueblo\u00bb.<\/p>\n<p class=\"voc-p\" style=\"\"><strong>Roberta Metsola<\/strong>, presidenta del Parlamento Europeo, tambi\u00e9n ha publicado un mensaje dedicado a los funcionarios europeos destacados en Ucrania que son \u00abla voz de la UE sobre en Ucrania\u00bb y cuyas oficinas \u00abse convirtieron en el blanco de otro ataque ruso indiscriminado durante esta agresi\u00f3n sin sentido. Mis pensamientos est\u00e1n con todo nuestro equipo en Kiev y con el valiente pueblo de Ucrania que merece vivir en paz\u00bb.<\/p>\n<p class=\"voc-p\" style=\"\">Para la Alta Representante europea, <strong>Kaja Kallas<\/strong>, \u00abmientras el mundo busca un camino hacia la paz, Rusia responde con misiles. El ataque nocturno a Kiev muestra una decisi\u00f3n deliberada de intensificar la tensi\u00f3n y burlarse de los esfuerzos de paz. Rusia debe detener las matanzas y negociar\u00bb.<\/p>\n<p class=\"voc-p\" style=\"\">El primer ministro del Reino Unido,<strong> Keir Starmer<\/strong>, ha denunciado tambi\u00e9n el da\u00f1o a el edificio del British Council y ha publicado: \u00abMis pensamientos est\u00e1n con todos los afectados por los ataques rusos &#8216;sin sentido&#8217;\u00bb.<\/p>\n<p class=\"voc-p\" style=\"\">Por su parte, el presidente ucraniano, Volod\u00edmir Zelenski ha publicado en su cuenta de la red social X que: \u00abAhora mismo, en Kiev, los servicios de emergencia est\u00e1n retirando los escombros de un edificio residencial tras un ataque ruso. Otro <a href=\"https:\/\/www.abc.es\/internacional\/rusia-intensifica-ofensiva-ucrania-nuevos-avances-bombardeos-20250827124715-nt.html\" title=\"www.abc.es\" data-voc-vtm-id=\"in-text-traffic\" data-mrf-link=\"www.abc.es\" rel=\"nofollow noopener\" target=\"_blank\">ataque masivo contra nuestras ciudades y comunidades<\/a>. Asesinatos de nuevo\u00bb.<\/p>\n<p class=\"voc-p\" style=\"\">Asimismo, ha manifestado que \u00abhay gente que podr\u00eda estar a\u00fan entre los escombros\u00bb y que hay \u00abdecenas de heridos\u00bb, por lo que <strong>no se descarta que la cifra de fallecidos aumente<\/strong> en las pr\u00f3ximas horas a causa del ataque ruso, que ha descrito como \u00abuna clara respuesta (de Mosc\u00fa) a todos aquellos en el mundo que, desde hace semanas y meses, han pedido un alto el fuego y verdadera diplomacia\u00bb.<\/p>\n<p class=\"voc-p\" style=\"\">\u00abRusia elige los misiles bal\u00edsticos frente a la mesa de negociaciones. Elige seguir matando en lugar de poner fin a la guerra. Esto significa que <strong>Rusia a\u00fan no teme las consecuencias<\/strong>. Rusia sigue aprovech\u00e1ndose del hecho de que al menos parte del mundo hace la vista gorda ante los ni\u00f1os asesinados y busca excusas para Putin\u00ab, ha denunciado Zelenski.<\/p>\n<p class=\"voc-p\" style=\"\">En este sentido, ha hecho hincapi\u00e9 en que Ucrania \u00abespera una <strong>reacci\u00f3n de China a lo que est\u00e1 pasando<\/strong>\u00bb. \u00abChina ha pedido en repetidas ocasiones que no se expanda la guerra y un alto el fuego, algo que no pasa a causa de Rusia\u00bb, ha se\u00f1alado Zelenski, quien ha apuntado que tambi\u00e9n espera \u00abuna reacci\u00f3n\u00bb por <a href=\"https:\/\/www.abc.es\/internacional\/hungria-sugiere-cortar-electricidad-ucrania-ataques-oleoducto-20250826143310-nt.html\" title=\"www.abc.es\" data-voc-vtm-id=\"in-text-traffic\" data-mrf-link=\"www.abc.es\" rel=\"nofollow noopener\" target=\"_blank\">parte del Gobierno de Hungr\u00eda<\/a>.<\/p>\n<p class=\"voc-p\" style=\"\">\u00abLa muerte de ni\u00f1os deber\u00eda provocar sin duda una emoci\u00f3n mayor que cualquier otra cosa. Estamos esperando <a href=\"https:\/\/www.abc.es\/internacional\/rumania-ofrece-bases-militares-otan-apoyo-ucrania-20250827184317-nt.html\" title=\"www.abc.es\" data-voc-vtm-id=\"in-text-traffic\" data-mrf-link=\"www.abc.es\" rel=\"nofollow noopener\" target=\"_blank\">la reacci\u00f3n de todos aquellos en el mundo que pidieron la paz<\/a>, pero que ahora suelen guardar silencio en lugar de adoptar posiciones de principio\u00bb, ha subrayado el mandatario ucraniano, quien ha pedido \u00ab<strong>nuevas y duras sanciones contra Rusia<\/strong> por todo lo que est\u00e1 haciendo\u00bb.<\/p>\n<p class=\"voc-p\" style=\"\">\u00abYa se han incumplido todos los plazos, se han arruinado <a href=\"https:\/\/www.abc.es\/sociedad\/carta-leon-xiv-zelenski-dia-independencia-ucrania-20250824172604-nt.html\" title=\"www.abc.es\" data-voc-vtm-id=\"in-text-traffic\" data-mrf-link=\"www.abc.es\" rel=\"nofollow noopener\" target=\"_blank\">decenas de oportunidades diplom\u00e1ticas<\/a>. Rusia debe sentirse responsable de cada ataque, de cada d\u00eda de esta guerra\u00bb, ha apostillado, sin que las autoridades de Rusia se hayan pronunciado sobre este nuevo ataque contra Kiev, en el marco de la invasi\u00f3n desatada en febrero de 2022.<\/p>\n<p class=\"voc-p\" style=\"\">Los ministros europeos de Asuntos Exteriores y Defensa viajan hoy a <strong>Copenhague<\/strong> para asistir a dos d\u00edas de reuniones centradas especialmente a la guerra de Ucrania y las consecuencias del intento del proceso de paz que abandera el presidente norteamericano Donald Trump.<\/p>\n<p>Reportar un error<\/p>\n","protected":false},"excerpt":{"rendered":"28\/08\/2025 Actualizado a las 12:29h. Rusia ha atacado esta noche el edificio de la delegaci\u00f3n de la Uni\u00f3n&hellip;\n","protected":false},"author":2,"featured_media":77663,"comment_status":"","ping_status":"","sticky":false,"template":"","format":"standard","meta":{"footnotes":""},"categories":[42],"tags":[29915,1422,17,18,13,14,11,61,62,63,64,28106,19,20,16396,5161,9,10,15,16,2799,1614,12,21,22,65,66,67],"class_list":{"0":"post-77662","1":"post","2":"type-post","3":"status-publish","4":"format-standard","5":"has-post-thumbnail","7":"category-internacional","8":"tag-ascienden","9":"tag-ataque","10":"tag-breaking-news","11":"tag-breakingnews","12":"tag-featured-news","13":"tag-featurednews","14":"tag-headlines","15":"tag-internacional","16":"tag-international","17":"tag-international-news","18":"tag-internationalnews","19":"tag-kiev","20":"tag-latest-news","21":"tag-latestnews","22":"tag-masivo","23":"tag-muertos","24":"tag-news","25":"tag-noticias","26":"tag-noticias-destacadas","27":"tag-noticiasdestacadas","28":"tag-ocho","29":"tag-rusia","30":"tag-titulares","31":"tag-ultimas-noticias","32":"tag-ultimasnoticias","33":"tag-world","34":"tag-world-news","35":"tag-worldnews"},"share_on_mastodon":{"url":"","error":""},"_links":{"self":[{"href":"https:\/\/www.europesays.com\/es\/wp-json\/wp\/v2\/posts\/77662","targetHints":{"allow":["GET"]}}],"collection":[{"href":"https:\/\/www.europesays.com\/es\/wp-json\/wp\/v2\/posts"}],"about":[{"href":"https:\/\/www.europesays.com\/es\/wp-json\/wp\/v2\/types\/post"}],"author":[{"embeddable":true,"href":"https:\/\/www.europesays.com\/es\/wp-json\/wp\/v2\/users\/2"}],"replies":[{"embeddable":true,"href":"https:\/\/www.europesays.com\/es\/wp-json\/wp\/v2\/comments?post=77662"}],"version-history":[{"count":0,"href":"https:\/\/www.europesays.com\/es\/wp-json\/wp\/v2\/posts\/77662\/revisions"}],"wp:featuredmedia":[{"embeddable":true,"href":"https:\/\/www.europesays.com\/es\/wp-json\/wp\/v2\/media\/77663"}],"wp:attachment":[{"href":"https:\/\/www.europesays.com\/es\/wp-json\/wp\/v2\/media?parent=77662"}],"wp:term":[{"taxonomy":"category","embeddable":true,"href":"https:\/\/www.europesays.com\/es\/wp-json\/wp\/v2\/categories?post=77662"},{"taxonomy":"post_tag","embeddable":true,"href":"https:\/\/www.europesays.com\/es\/wp-json\/wp\/v2\/tags?post=77662"}],"curies":[{"name":"wp","href":"https:\/\/api.w.org\/{rel}","templated":true}]}}