{"id":77710,"date":"2025-08-28T11:02:04","date_gmt":"2025-08-28T11:02:04","guid":{"rendered":"https:\/\/www.europesays.com\/es\/77710\/"},"modified":"2025-08-28T11:02:04","modified_gmt":"2025-08-28T11:02:04","slug":"el-tiempo-pasa-el-diario-vasco","status":"publish","type":"post","link":"https:\/\/www.europesays.com\/es\/77710\/","title":{"rendered":"El tiempo pasa | El Diario Vasco"},"content":{"rendered":"<p>Hasta hace poco era capaz de seguir el ritmo de mi hijo cuando sal\u00edamos juntos en bicicleta. Conservaba un buen nivel. \u00daltimamente me cuesta y  &#8230; el chaval me saca los ojos. El tiempo pasa r\u00e1pido, aunque cueste reconocerlo.<\/p>\n<p class=\"v-p\">Cuando veo una contrarreloj por equipos me acuerdo de que se me daba bien la disciplina. Pero me pasa lo mismo que con mi hijo. Parece que era en otra vida. Impresionante la capacidad de los equipos World Tour para ir a semejantes velocidades y sacar medias tan altas. Incluso en moto costaria seguir hoy a cualquiera de ellos. Recorrer 24 kil\u00f3metros en ese tiempo es incre\u00edble.<\/p>\n<p class=\"v-p\">Disciplina dif\u00edcil, importan sobre todo la coordinaci\u00f3n y el buen entendimiento de todos. Hoy en d\u00eda se trabaja muy bien. Cada ciclista sabe cu\u00e1ndo dar el relevo y hasta d\u00f3nde llegar. Incluso, los directores preparan alternativas en caso de fallar alguno. La aerodin\u00e1mica pesa mucho y la eficiencia del material se analiza cada vez mejor.<\/p>\n<p class=\"v-p\">Vingegard cumple los pron\u00f3sticos y recupera el liderato, pero la victoria de etapa y la psicol\u00f3gica pertenecen a UAE. Recortan segundos al dan\u00e9s. Ayuso se coloca segundo en la general y eso reforzar\u00e1 su moral para la etapa de Andorra. <\/p>\n<p class=\"v-p\">Destacan,las peque\u00f1as diferencias en la clasificaci\u00f3n general, lo cual favorece el espect\u00e1culo. Se perfila claramente como l\u00edder al gran favorito y sus grandes rivales aparecen en los puestos de honor. Los esfuerzos con una bici normal despu\u00e9s de un dia exigente con la de crono no son f\u00e1ciles. Y menos en una llegada como la de Pal, donde anuncian mal tiempo, factor a tener tambi\u00e9n en cuenta. Vingegaard dispone de una oportunidad para aumentar la renta. Veremos c\u00f3mo responde despu\u00e9s de una crono por equipos que pensaba m\u00e1s decisiva<\/p>\n<p class=\"v-p\">Por ultimo, mandar \u00e1nimos y un fuerte abrazo a la familia de Peio Arreitunandia. Se nos va un buen ciclista y perdemos a una mejor persona.<\/p>\n","protected":false},"excerpt":{"rendered":"Hasta hace poco era capaz de seguir el ritmo de mi hijo cuando sal\u00edamos juntos en bicicleta. Conservaba&hellip;\n","protected":false},"author":2,"featured_media":77711,"comment_status":"","ping_status":"","sticky":false,"template":"","format":"standard","meta":{"footnotes":""},"categories":[273],"tags":[313,312,168,25,24,3954,23,167,159],"class_list":{"0":"post-77710","1":"post","2":"type-post","3":"status-publish","4":"format-standard","5":"has-post-thumbnail","7":"category-ciclismo","8":"tag-ciclismo","9":"tag-cycling","10":"tag-deportes","11":"tag-es","12":"tag-espana","13":"tag-pasa","14":"tag-spain","15":"tag-sports","16":"tag-tiempo"},"share_on_mastodon":{"url":"","error":""},"_links":{"self":[{"href":"https:\/\/www.europesays.com\/es\/wp-json\/wp\/v2\/posts\/77710","targetHints":{"allow":["GET"]}}],"collection":[{"href":"https:\/\/www.europesays.com\/es\/wp-json\/wp\/v2\/posts"}],"about":[{"href":"https:\/\/www.europesays.com\/es\/wp-json\/wp\/v2\/types\/post"}],"author":[{"embeddable":true,"href":"https:\/\/www.europesays.com\/es\/wp-json\/wp\/v2\/users\/2"}],"replies":[{"embeddable":true,"href":"https:\/\/www.europesays.com\/es\/wp-json\/wp\/v2\/comments?post=77710"}],"version-history":[{"count":0,"href":"https:\/\/www.europesays.com\/es\/wp-json\/wp\/v2\/posts\/77710\/revisions"}],"wp:featuredmedia":[{"embeddable":true,"href":"https:\/\/www.europesays.com\/es\/wp-json\/wp\/v2\/media\/77711"}],"wp:attachment":[{"href":"https:\/\/www.europesays.com\/es\/wp-json\/wp\/v2\/media?parent=77710"}],"wp:term":[{"taxonomy":"category","embeddable":true,"href":"https:\/\/www.europesays.com\/es\/wp-json\/wp\/v2\/categories?post=77710"},{"taxonomy":"post_tag","embeddable":true,"href":"https:\/\/www.europesays.com\/es\/wp-json\/wp\/v2\/tags?post=77710"}],"curies":[{"name":"wp","href":"https:\/\/api.w.org\/{rel}","templated":true}]}}