{"id":77718,"date":"2025-08-28T11:06:08","date_gmt":"2025-08-28T11:06:08","guid":{"rendered":"https:\/\/www.europesays.com\/es\/77718\/"},"modified":"2025-08-28T11:06:08","modified_gmt":"2025-08-28T11:06:08","slug":"testament-hablan-sobre-infanticide-ai-the-offspring-han-lanzado-el-video-de-truth-in-fiction-mike-tramp-lanzara-songs-of-white-lion","status":"publish","type":"post","link":"https:\/\/www.europesays.com\/es\/77718\/","title":{"rendered":"TESTAMENT hablan sobre \u00abInfanticide AI\u00bb. THE OFFSPRING\u00a0han lanzado el video de\u00a0\u00abTruth In Fiction\u00bb. Mike Tramp lanzar\u00e1\u00a0\u00abSongs Of White Lion"},"content":{"rendered":"<p>\u00a0<\/p>\n<p style=\"text-align: center;\"><strong><a href=\"#TESTAMENT2\">TESTAMENT hablan sobre \u00abInfanticide AI\u00bb<\/a><\/strong> \u2013 <a href=\"#THE_OFFSPRING\"><strong>THE OFFSPRING<\/strong>\u00a0<strong>han lanzado el video de\u00a0\u00abTruth In Fiction\u00bb<\/strong><\/a> \u2013 <strong><a href=\"#Mike_Tramp\">Mike Tramp \u00a0lanzar\u00e1\u00a0\u00abSongs Of White Lion \u2013 Vol. III\u00bb<\/a><\/strong><\/p>\n<p>El guitarrista\u00a0<strong>de TESTAMENT,\u00a0<\/strong><strong>Eric Peterson,<\/strong>\u00a0 habla sobre su sencillo\u00a0<strong>\u00abInfanticide AI\u00bb<\/strong>: \u00abCuando escribimos la canci\u00f3n, creo que eran como las 12 de la noche y hab\u00edamos terminado de improvisar, y\u00a0<strong>Chris<\/strong>\u00a0<strong>Dovas<\/strong>\u00a0estaba en casa viendo la pel\u00edcula de terror de 2023\u00a0<strong>\u2018Evil Dead Rise\u2019<\/strong>\u00a0.<\/p>\n<p><strong>Dovas<\/strong>\u00a0a\u00f1adi\u00f3\u00a0: \u00abNos inspir\u00f3. Pens\u00e1bamos: \u2018Vamos a componer m\u00fasica malvada. \u00a1Vamos!\u2019. Creo que est\u00e1bamos bebiendo J\u00e4ger o algo as\u00ed. Y, s\u00ed, no s\u00e9. Est\u00e1bamos despiertos hasta muy tarde. Fue una de esas noches en las que nos quedamos hasta las dos o tres de la ma\u00f1ana improvisando, y as\u00ed naci\u00f3 esa canci\u00f3n\u00bb.<\/p>\n<p><strong>Eric<\/strong>\u00a0continu\u00f3: \u00abCreo que muchas pel\u00edculas, para m\u00ed, visualmente, pel\u00edculas de terror, creo que eso me inspira a escribir m\u00fasica\u00bb.<\/p>\n<p><strong>TESTAMENT <\/strong> lanzaron su sencillo\u00a0<strong>\u00abInfanticide AI\u00bb<\/strong> . La canci\u00f3n forma parte de su pr\u00f3ximo \u00e1lbum,\u00a0<strong>\u00abPara Bellum\u00bb<\/strong>\u00a0, que saldr\u00e1 el 10 de octubre a trav\u00e9s de\u00a0<strong>Nuclear Blast<\/strong>\u00a0.<\/p>\n<p>El bajista\u00a0<strong>de TESTAMENT,\u00a0<\/strong><strong>Steve DiGiorgio,<\/strong>\u00a0intervino: \u00abSiempre supe que ser\u00eda un tema fuerte desde el principio. Ten\u00eda la sensaci\u00f3n de que probablemente ser\u00eda un single o la canci\u00f3n principal\u00bb.<\/p>\n<p>El v\u00eddeo musical de\u00a0<strong>\u00abInfanticide AI\u00bb<\/strong>\u00a0, dirigido por\u00a0<strong>Joey Durango<\/strong>:<\/p>\n<p>El cantante\u00a0<strong>de TESTAMENT,\u00a0<\/strong><strong>Chuck Billy,<\/strong>\u00a0coment\u00f3 sobre\u00a0<strong>\u00abPara Bellum\u00bb<\/strong>\u00a0: \u00abEl nuevo \u00e1lbum\u00a0<strong>\u2018Para Bellum\u2019<\/strong>\u00a0contiene melod\u00edas r\u00e1pidas, intensas y mel\u00f3dicas. Una vez m\u00e1s,\u00a0<strong>Peterson<\/strong>\u00a0ha encontrado la manera de mantener la composici\u00f3n con un sonido fresco y moderno. Ser\u00e1 dif\u00edcil elegir qu\u00e9 canciones tocar en vivo, ya que hay demasiadas para elegir\u00bb.<\/p>\n<p><strong>Peterson<\/strong>\u00a0a\u00f1adi\u00f3: \u00abHan pasado cinco a\u00f1os desde el lanzamiento de nuestro \u00faltimo disco\u00a0<strong>, \u2018Titans Of Creation\u2019<\/strong>\u00a0. Desde entonces, todos esper\u00e1bamos con ilusi\u00f3n volver a \u00e9l, \u00a1y lo hicimos a lo grande! Ahora, nuestro esperado nuevo disco,\u00a0<strong>\u2018Para Bellum\u2019,<\/strong>\u00a0ya est\u00e1 aqu\u00ed y se lanzar\u00e1 en octubre. \u00a1Estamos encantados de traerles nueva sangre y furia! Con nuestro primer sencillo,\u00a0<strong>\u2018Infanticide AI\u2019, \u00a1<\/strong>\u00a0salimos con todo! Pero con nuevas velocidades de furia, manteniendo el equilibrio que todos amamos y conocemos de un tema\u00a0<strong>de TESTAMENT<\/strong>\u00a0. \u00a1Disfruten!\u00bb.<\/p>\n<p><img fetchpriority=\"high\" decoding=\"async\" src=\"https:\/\/www.europesays.com\/es\/wp-content\/uploads\/2025\/08\/testament2025_5.jpg\" alt=\"TESTAMENT\" width=\"500\" height=\"333\"\/><\/p>\n<p>\u00a0<\/p>\n<p><strong>THE OFFSPRING<\/strong>\u00a0han lanzado el video oficial de la canci\u00f3n\u00a0<strong>\u00abTruth In Fiction\u00bb<\/strong>\u00a0.<\/p>\n<p>El tema, producido por\u00a0<strong>Bob Rock<\/strong>\u00a0(\u00a0<strong>METALLICA<\/strong>\u00a0,\u00a0<strong>M\u00d6TLEY CR\u00dcE<\/strong>\u00a0,\u00a0<strong>AEROSMITH<\/strong>\u00a0), forma parte del \u00e1lbum\u00a0<strong>\u00abSupercharged\u00bb<\/strong>\u00a0de la banda , publicado en octubre pasado a trav\u00e9s de\u00a0<strong>Concord Records<\/strong>\u00a0.<\/p>\n<p><strong>THE OFFSPRING<\/strong>\u00a0nos visitar\u00e1n en las siguientes fechas:<\/p>\n<ul>\n<li>26 de septiembre de 2025. Palacio de Vistalegre<\/li>\n<li>27 de septiembre de 2025. Olimpic Arena Badalona<\/li>\n<\/ul>\n<p>\u00a0<\/p>\n<p><strong>Mike Tramp,<\/strong>\u00a0cantante\u00a0fundador\u00a0<strong>de WHITE LION,<\/strong>\u00a0lanzar\u00e1\u00a0<strong>\u00abSongs Of White Lion \u2013 Vol. III\u00bb<\/strong>\u00a0, el tercer \u00e1lbum de una serie donde reinterpreta canciones de su antigua banda\u00a0<strong>WHITE LION<\/strong>\u00a0, el 19 de septiembre a trav\u00e9s de\u00a0<strong>Frontiers Music Srl<\/strong>\u00a0.<\/p>\n<p>Al igual que en\u00a0<strong>\u00abSongs Of White Lion \u2013 Vol. I\u00bb<\/strong>\u00a0y\u00a0<strong>\u00abSongs Of White Lion \u2013 Vol. II\u00bb,\u00a0<\/strong><strong>Tramp<\/strong>\u00a0vuelve\u00a0a estar acompa\u00f1ado por su actual banda solista.<\/p>\n<p>En una nueva entrevista con el podcast\u00a0<a href=\"https:\/\/www.youtube.com\/@thethunderunderground\" target=\"_blank\" rel=\"noopener nofollow\">Thunder Underground,<\/a>\u00a0<strong>Mike<\/strong>\u00a0respondi\u00f3 (transcrito por\u00a0<strong>BLABBERMOUTH.NET<\/strong> y traducido por RafaBasa.com\u00a0): \u00abS\u00ed, bueno, claro, es una pregunta natural y genial. Ya tengo algo as\u00ed como\u2026 O sea, no me siento a escribir todos los d\u00edas ni estoy en el estudio todos los d\u00edas ni cosas as\u00ed; definitivamente necesito descansos, pero durante los \u00faltimos dos a\u00f1os, mientras hac\u00edamos los vol\u00famenes uno al tres, complet\u00e9 un nuevo \u00e1lbum en solitario\u00a0<strong>de Mike Tramp<\/strong>\u00a0. Cu\u00e1ndo saldr\u00e1 y c\u00f3mo saldr\u00e1, esa es probablemente la pregunta m\u00e1s importante sobre c\u00f3mo se lanza un \u00e1lbum hoy en d\u00eda\u00bb. \u00abPara componer un nuevo \u00e1lbum de hard rock, sabiendo que no vas a tocar las canciones en directo porque est\u00e1s de gira con\u00a0<strong>WHITE LION<\/strong>\u00a0, tienes que tomar esa decisi\u00f3n. \u00bfQu\u00e9 sentido tiene? \u00bfQu\u00e9 sentido tiene? Porque no he compuesto un \u00e1lbum de hard rock desde 2009, y no tengo ganas. Salir a tocar las canciones\u00a0<strong>de WHITE LION<\/strong>\u00a0es una cosa, pero como artista, no soy un fan\u00e1tico del hard rock. Tengo mis \u00e1lbumes cl\u00e1sicos que escucho de vez en cuando y con los que crec\u00ed, pero sentarme a escribir\u00a0<strong>\u2018Fight To Survive\u2019<\/strong>\u00a0a los 65 a\u00f1os\u2026<\/p>\n<p>\u00abTengo algunas cosas en mente que podr\u00edan ser algo m\u00e1s que un proyecto\u00bb. \u00abPodr\u00eda ser un \u00e1lbum conceptual donde las historias se cuenten a trav\u00e9s de canciones de hard rock. Pero simplemente sentarme y decir: \u2018Este es el nuevo \u00e1lbum de hard rock\u00a0<strong>de Mike Tramp<\/strong>\u00a0\u2018, y que realmente creo en \u00e9l, quiz\u00e1s no sea algo que pueda hacer. Y definitivamente traer\u00e9 a algunos de mis compa\u00f1eros con los que siento que me gustar\u00eda escribir esto. Porque cuando escribo mis \u00e1lbumes en solitario, es el verdadero estilo de\u00a0<strong>Mike Tramp<\/strong>\u00a0. No soy quien compuso los riffs de guitarra en\u00a0<strong>WHITE LION<\/strong>\u00a0. As\u00ed que es una lata de gusanos completamente diferente. Pero todo est\u00e1 en el escritorio. Hay un mont\u00f3n de notas adhesivas en la nevera. [\u00a0Risas\u00a0]\u00bb<\/p>\n<p align=\"center\"><strong>Sigue el\u00a0<a href=\"https:\/\/whatsapp.com\/channel\/0029VaCprxVBA1f555USvT2O\" target=\"_blank\" rel=\"nofollow noopener\">Canal de RAFABASA.COM en WhatsApp<\/a>, donde encontrar\u00e1s todas nuestras novedades al instante<\/strong><\/p>\n<p>\u00a0<\/p>\n<p>\u00a0<\/p>\n<p>\u00a0<\/p>\n<p>\u00a0<\/p>\n","protected":false},"excerpt":{"rendered":"\u00a0 TESTAMENT hablan sobre \u00abInfanticide AI\u00bb \u2013 THE OFFSPRING\u00a0han lanzado el video de\u00a0\u00abTruth In Fiction\u00bb \u2013 Mike Tramp&hellip;\n","protected":false},"author":2,"featured_media":77719,"comment_status":"","ping_status":"","sticky":false,"template":"","format":"standard","meta":{"footnotes":""},"categories":[174],"tags":[255,146,147,25,24,256,29933,23,29934,29935],"class_list":{"0":"post-77718","1":"post","2":"type-post","3":"status-publish","4":"format-standard","5":"has-post-thumbnail","7":"category-famosos","8":"tag-celebrities","9":"tag-entertainment","10":"tag-entretenimiento","11":"tag-es","12":"tag-espana","13":"tag-famosos","14":"tag-mike-tramp","15":"tag-spain","16":"tag-testament","17":"tag-the-offspring"},"share_on_mastodon":{"url":"","error":""},"_links":{"self":[{"href":"https:\/\/www.europesays.com\/es\/wp-json\/wp\/v2\/posts\/77718","targetHints":{"allow":["GET"]}}],"collection":[{"href":"https:\/\/www.europesays.com\/es\/wp-json\/wp\/v2\/posts"}],"about":[{"href":"https:\/\/www.europesays.com\/es\/wp-json\/wp\/v2\/types\/post"}],"author":[{"embeddable":true,"href":"https:\/\/www.europesays.com\/es\/wp-json\/wp\/v2\/users\/2"}],"replies":[{"embeddable":true,"href":"https:\/\/www.europesays.com\/es\/wp-json\/wp\/v2\/comments?post=77718"}],"version-history":[{"count":0,"href":"https:\/\/www.europesays.com\/es\/wp-json\/wp\/v2\/posts\/77718\/revisions"}],"wp:featuredmedia":[{"embeddable":true,"href":"https:\/\/www.europesays.com\/es\/wp-json\/wp\/v2\/media\/77719"}],"wp:attachment":[{"href":"https:\/\/www.europesays.com\/es\/wp-json\/wp\/v2\/media?parent=77718"}],"wp:term":[{"taxonomy":"category","embeddable":true,"href":"https:\/\/www.europesays.com\/es\/wp-json\/wp\/v2\/categories?post=77718"},{"taxonomy":"post_tag","embeddable":true,"href":"https:\/\/www.europesays.com\/es\/wp-json\/wp\/v2\/tags?post=77718"}],"curies":[{"name":"wp","href":"https:\/\/api.w.org\/{rel}","templated":true}]}}