{"id":77747,"date":"2025-08-28T11:28:10","date_gmt":"2025-08-28T11:28:10","guid":{"rendered":"https:\/\/www.europesays.com\/es\/77747\/"},"modified":"2025-08-28T11:28:10","modified_gmt":"2025-08-28T11:28:10","slug":"no-sera-facil-que-el-madrid-gane-titulos-el-barca-sigue-fuerte","status":"publish","type":"post","link":"https:\/\/www.europesays.com\/es\/77747\/","title":{"rendered":"\u201cNo ser\u00e1 f\u00e1cil que el Madrid gane t\u00edtulos, el Bar\u00e7a sigue fuerte\u201d"},"content":{"rendered":"<p class=\"ft-text\"><strong>Toni Kroos estuvo diez a\u00f1os en el Real Madrid<\/strong> y conoce bien como respira ese vestuario, al igual que <strong>Xabi Alonso, que tambi\u00e9n estuvo seis temporadas<\/strong>. Ambos fueron centrocampistas importantes e incluso <strong>coincidieron una temporada<\/strong>. El alem\u00e1n le recuerda que para sobrevivir en el banquillo \u201c<a href=\"https:\/\/www.sport.es\/es\/noticias\/real-madrid\/kroos-confiesa-desmadre-madrid-sabiamos-118527130\" class=\"ft-link ft-link--decoration\" rel=\"nofollow noopener\" target=\"_blank\"><strong>es importa la percepci\u00f3n de los jugadores<\/strong><\/a><strong> y l\u00edderes del equipo\u00bb<\/strong>. Y cree que su ex equipo no tendr\u00e1 f\u00e1cil ganar t\u00edtulos, porque \u00abel Bar\u00e7a sigue fuerte\u00bb, asegur\u00f3 en el podcast \u2018Einfach mal Luppen\u2019 de su hermano F\u00e9lix.<\/p>\n<p>Nadie tiene el puesto asegurado<\/p>\n<p class=\"ft-text\"><strong>\u201cLa confianza de la directiva con el entrenador importa<\/strong>. No siempre es el resultado, porque la confianza permite superar malos resultados temporales. A veces, los entrenadores son despedidos tras cuatro partidos. <strong>Pero la creencia en su capacidad puede darle margen<\/strong>. Tambi\u00e9n importa la percepci\u00f3n de los jugadores y l\u00edderes del vestuario. <a href=\"https:\/\/www.sport.es\/es\/noticias\/real-madrid\/jugadores-creen-estilo-ancelotti-117043468\" class=\"ft-link ft-link--decoration\" rel=\"nofollow noopener\" target=\"_blank\"><strong>Se suele escuchar lo que piensa la plantilla sobre el entrenador<\/strong><\/a>\u201d, asegur\u00f3.<\/p>\n<p class=\"ft-text\"><strong>\u201cTambi\u00e9n influye la manera en la que se pierde un partido. No solo es el resultado, sino el c\u00f3mo<\/strong>. Esto influye en la duraci\u00f3n del entrenador. <strong>Nadie est\u00e1 completamente seguro de su puesto, sean jugadores o entrenadores<\/strong>\u201d, afirma para definir las altas exigencias que hay en el Real Madrid. Le recordaron el caso de Lopetegui, otro ex jugador que apenas dur\u00f3 cuatro meses: <strong>\u201cCreo que Xabi viene con otro estatus distinto a Lopetegui.<\/strong> Su historial como jugador ayuda, pero no lo protege si no gana t\u00edtulos tres a\u00f1os seguidos\u201d.<\/p>\n<p>Mejora del juego <\/p>\n<p class=\"ft-text\"><strong>\u201cNo va a ser f\u00e1cil ganar t\u00edtulos, <\/strong><a href=\"https:\/\/www.sport.es\/es\/noticias\/real-madrid\/kroos-flipa-barca-impresiono-juegan-117364845\" class=\"ft-link ft-link--decoration\" rel=\"nofollow noopener\" target=\"_blank\"><strong>el Barcelona sigue fuerte<\/strong><\/a><strong> y la Champions es dura<\/strong>: Real Madrid, Bar\u00e7a, Liverpool, City, Bayern, PSG, Arsenal&#8230;\u201d, enumera, aunque cree que <strong>el Madrid ha cambiado: \u201cSe ha reforzado bien.<\/strong> <strong>Espero una temporada mejor que la anterior, hay margen de mejora\u201d.<\/strong> De los fichajes <strong>destaca el de Huijsen. \u201cEs un central muy completo, <\/strong>fuerte en el juego a\u00e9reo, r\u00e1pido y con buena salida desde atr\u00e1s\u201d, afirma y destaca <strong>la entrada de canteranos<\/strong> como Asencio y Gonzalo e incluso Carreras pese a costar 50 M\u20ac pagados para recuperarlo: \u201c<strong>Habr\u00e1 que ver su impacto.<\/strong> Pero creo que la temporada ser\u00e1 mejor\u201d.<\/p>\n<p class=\"ft-text\">Espera que \u00ab<strong>con Xabi el Madrid<\/strong> <strong>juegue un f\u00fatbol mejor, aunque es pronto para juzgar<\/strong>. La semana pasada fue un buen partido, pero a\u00fan es demasiado pronto para una evaluaci\u00f3n final\u201d. \u201cLa intensidad de los entrenamientos <strong>y la competencia interna es buena<\/strong>, esta din\u00e1mica se refleja directamente en el rendimiento del equipo durante los partidos\u201d, subray\u00f3, y valor\u00f3 <strong>la suplencia de Vinicius en Oviedo: \u201cHubo cambios evidentes<\/strong> en algunas posiciones y en el juego, pero <strong>har\u00e1n falta m\u00e1s pruebas<\/strong> para un pron\u00f3stico final\u201d.<\/p>\n","protected":false},"excerpt":{"rendered":"Toni Kroos estuvo diez a\u00f1os en el Real Madrid y conoce bien como respira ese vestuario, al igual&hellip;\n","protected":false},"author":2,"featured_media":77748,"comment_status":"","ping_status":"","sticky":false,"template":"","format":"standard","meta":{"footnotes":""},"categories":[268],"tags":[168,25,24,9868,881,280,282,29941,29940,205,523,281,23,167,29942,10344],"class_list":{"0":"post-77747","1":"post","2":"type-post","3":"status-publish","4":"format-standard","5":"has-post-thumbnail","7":"category-futbol","8":"tag-deportes","9":"tag-es","10":"tag-espana","11":"tag-facil","12":"tag-fc-barcelona","13":"tag-football","14":"tag-futbol","15":"tag-gane","16":"tag-kroos","17":"tag-madrid","18":"tag-sera","19":"tag-soccer","20":"tag-spain","21":"tag-sports","22":"tag-toni-kroos","23":"tag-xabi-alonso"},"share_on_mastodon":{"url":"","error":""},"_links":{"self":[{"href":"https:\/\/www.europesays.com\/es\/wp-json\/wp\/v2\/posts\/77747","targetHints":{"allow":["GET"]}}],"collection":[{"href":"https:\/\/www.europesays.com\/es\/wp-json\/wp\/v2\/posts"}],"about":[{"href":"https:\/\/www.europesays.com\/es\/wp-json\/wp\/v2\/types\/post"}],"author":[{"embeddable":true,"href":"https:\/\/www.europesays.com\/es\/wp-json\/wp\/v2\/users\/2"}],"replies":[{"embeddable":true,"href":"https:\/\/www.europesays.com\/es\/wp-json\/wp\/v2\/comments?post=77747"}],"version-history":[{"count":0,"href":"https:\/\/www.europesays.com\/es\/wp-json\/wp\/v2\/posts\/77747\/revisions"}],"wp:featuredmedia":[{"embeddable":true,"href":"https:\/\/www.europesays.com\/es\/wp-json\/wp\/v2\/media\/77748"}],"wp:attachment":[{"href":"https:\/\/www.europesays.com\/es\/wp-json\/wp\/v2\/media?parent=77747"}],"wp:term":[{"taxonomy":"category","embeddable":true,"href":"https:\/\/www.europesays.com\/es\/wp-json\/wp\/v2\/categories?post=77747"},{"taxonomy":"post_tag","embeddable":true,"href":"https:\/\/www.europesays.com\/es\/wp-json\/wp\/v2\/tags?post=77747"}],"curies":[{"name":"wp","href":"https:\/\/api.w.org\/{rel}","templated":true}]}}