{"id":77749,"date":"2025-08-28T11:29:14","date_gmt":"2025-08-28T11:29:14","guid":{"rendered":"https:\/\/www.europesays.com\/es\/77749\/"},"modified":"2025-08-28T11:29:14","modified_gmt":"2025-08-28T11:29:14","slug":"el-hormiguero-desvela-quienes-seran-los-seis-primeros-invitados-con-los-que-arrancara-la-temporada","status":"publish","type":"post","link":"https:\/\/www.europesays.com\/es\/77749\/","title":{"rendered":"&#8216;El Hormiguero&#8217; desvela qui\u00e9nes ser\u00e1n los seis primeros invitados con los que arrancar\u00e1 la temporada"},"content":{"rendered":"<p><a class=\"v-mdl-ath__fig-a\" href=\"https:\/\/www.elcorreo.com\/autor\/marina-leon-6788.html\" title=\"Marina Le\u00f3n\" rel=\"nofollow noopener\" target=\"_blank\"><br \/>\n<img decoding=\"async\" class=\"v-mdl-ath__img\" src=\"https:\/\/www.europesays.com\/es\/wp-content\/uploads\/2025\/07\/autor-6788-foto-1.jpeg\" alt=\"Marina Le\u00f3n\"\/><br \/>\n<\/a><\/p>\n<p class=\"v-mdl-ath__p v-mdl-ath__p--6\">\nJueves, 28 de agosto 2025, 08:35<\/p>\n<p class=\"v-p\">&#8216;El Hormiguero&#8217; calienta motores para su temporada n\u00famero 20. Antena 3 ha comenzado a promocionar el regreso del espacio de Pablo Motos, que vuelve el lunes tras las vacaciones de verano, y ya ha anunciado los invitados con los que contar\u00e1 en la primera semana de septiembre.<\/p>\n<p class=\"v-p\">Los primeros en sentarse junto a Motos y las populares hormigas Trancas y Barrancas el 1 de septiembre ser\u00e1n Bert\u00edn Osborne y Sergio Ramos. El martes los entrevistados ser\u00e1n Joaqu\u00edn S\u00e1nchez y Susana Saborido. El matrimonio acudir\u00e1 a presentar la nueva temporada de su programa &#8216;Emparejados&#8217;. <\/p>\n<p class=\"v-p\">El mi\u00e9rcoles, Motos recibir\u00e1 a Arturo P\u00e9rez-Reverte para presentar su nueva novela &#8216;Misi\u00f3n En Par\u00eds&#8217;. El programa cerrar\u00e1 su primera semana de la temporada con Ester Exp\u00f3sito, que hablar\u00e1 en &#8216;El Hormiguero&#8217; de su \u00faltima pel\u00edcula, &#8216;El talento&#8217;, dirigida por Polo Men\u00e1rguez y que llegar\u00e1 a los cines el pr\u00f3ximo 5 de septiembre. As\u00ed, el espacio m\u00e1s visto de la televisi\u00f3n volver\u00e1 a la parrilla el lunes a las 21.45 horas con algunas novedades, aunque manteniendo la estructura de siempre.<\/p>\n<p class=\"v-p\">En cuanto a su gran rival, &#8216;La Revuelta&#8217; volver\u00e1 a La 1 el lunes 8 de septiembre. Por tanto, habr\u00e1 que esperar una semana m\u00e1s para comprobar c\u00f3mo se desarrolla y qu\u00e9 datos arroja el primer asalto entre ambos presentadores.<\/p>\n<p>Comenta<\/p>\n<p>Reporta un error<\/p>\n","protected":false},"excerpt":{"rendered":"Jueves, 28 de agosto 2025, 08:35 &#8216;El Hormiguero&#8217; calienta motores para su temporada n\u00famero 20. Antena 3 ha&hellip;\n","protected":false},"author":2,"featured_media":77750,"comment_status":"","ping_status":"","sticky":false,"template":"","format":"standard","meta":{"footnotes":""},"categories":[174],"tags":[4187,5569,255,146,147,25,24,256,17775,3551,566,1139,23,1152],"class_list":{"0":"post-77749","1":"post","2":"type-post","3":"status-publish","4":"format-standard","5":"has-post-thumbnail","7":"category-famosos","8":"tag-anuncia","9":"tag-arrancara","10":"tag-celebrities","11":"tag-entertainment","12":"tag-entretenimiento","13":"tag-es","14":"tag-espana","15":"tag-famosos","16":"tag-hormiguero","17":"tag-invitados","18":"tag-primeros","19":"tag-seis","20":"tag-spain","21":"tag-temporada"},"share_on_mastodon":{"url":"","error":""},"_links":{"self":[{"href":"https:\/\/www.europesays.com\/es\/wp-json\/wp\/v2\/posts\/77749","targetHints":{"allow":["GET"]}}],"collection":[{"href":"https:\/\/www.europesays.com\/es\/wp-json\/wp\/v2\/posts"}],"about":[{"href":"https:\/\/www.europesays.com\/es\/wp-json\/wp\/v2\/types\/post"}],"author":[{"embeddable":true,"href":"https:\/\/www.europesays.com\/es\/wp-json\/wp\/v2\/users\/2"}],"replies":[{"embeddable":true,"href":"https:\/\/www.europesays.com\/es\/wp-json\/wp\/v2\/comments?post=77749"}],"version-history":[{"count":0,"href":"https:\/\/www.europesays.com\/es\/wp-json\/wp\/v2\/posts\/77749\/revisions"}],"wp:featuredmedia":[{"embeddable":true,"href":"https:\/\/www.europesays.com\/es\/wp-json\/wp\/v2\/media\/77750"}],"wp:attachment":[{"href":"https:\/\/www.europesays.com\/es\/wp-json\/wp\/v2\/media?parent=77749"}],"wp:term":[{"taxonomy":"category","embeddable":true,"href":"https:\/\/www.europesays.com\/es\/wp-json\/wp\/v2\/categories?post=77749"},{"taxonomy":"post_tag","embeddable":true,"href":"https:\/\/www.europesays.com\/es\/wp-json\/wp\/v2\/tags?post=77749"}],"curies":[{"name":"wp","href":"https:\/\/api.w.org\/{rel}","templated":true}]}}