{"id":77767,"date":"2025-08-28T11:40:04","date_gmt":"2025-08-28T11:40:04","guid":{"rendered":"https:\/\/www.europesays.com\/es\/77767\/"},"modified":"2025-08-28T11:40:04","modified_gmt":"2025-08-28T11:40:04","slug":"ucrania-un-gran-ataque-ruso-contra-kiev-causa-al-menos-15-muertos-y-dana-la-sede-de-la-union-europea-internacional","status":"publish","type":"post","link":"https:\/\/www.europesays.com\/es\/77767\/","title":{"rendered":"Ucrania: Un gran ataque ruso contra Kiev causa al menos 15 muertos y da\u00f1a la sede de la Uni\u00f3n Europea | Internacional"},"content":{"rendered":"<p class=\"\">Al menos 15 personas han muerto como consecuencia de un nuevo ataque masivo ruso con drones y misiles contra Kiev en el que la sede de la Uni\u00f3n Europea ha sufrido graves da\u00f1os. \u201cEsta es la verdadera respuesta de Mosc\u00fa a los esfuerzos de paz\u201d, ha declarado la embajadora de los Veintisiete en Ucrania, Katarina Mathernova. Tambi\u00e9n se ha visto afectado el edificio en el que est\u00e1 situado el British Council, cercano a la delegaci\u00f3n comunitaria, seg\u00fan ha confirmado el primer ministro del Reino Unido, Keir Starmer.<\/p>\n<p class=\"\">Cuatro de los fallecidos en la capital del pa\u00eds son menores: tres de ellos, de 2, 14 y 17 a\u00f1os, seg\u00fan ha adelantado el ministro del Interior de Ucrania, Igor Klimenko. El n\u00famero de heridos asciende a al menos 45 personas. Entre ellos, ni\u00f1os y adolescentes.<\/p>\n<p class=\"\">Las autoridades ucranias acusan a Rusia de haber disparado, solo durante la noche y la madrugada, casi 600 drones y 31 misiles. Es, por tanto, uno de los mayores ataques de la guerra y, seg\u00fan han subrayado las autoridades comunitarias, el m\u00e1s mortal que sufre la capital del pa\u00eds desde julio. Ucrania asegura, adem\u00e1s, haber derribado al menos 560 drones y 26 cohetes.<\/p>\n<p class=\"\">\u201cRusia debe cesar inmediatamente sus ataques indiscriminados contra las infraestructuras civiles y unirse a las negociaciones para una paz justa y duradera\u201d, ha reclamado la presidenta de la Comisi\u00f3n Europea, <a href=\"https:\/\/elpais.com\/noticias\/ursula-gertrud-von-der-leyen\/\" target=\"_self\" rel=\"nofollow noopener\" title=\"https:\/\/elpais.com\/noticias\/ursula-gertrud-von-der-leyen\/\">Ursula von der Leyen<\/a>. La UE ha convocado este mismo jueves al encargado de negocios ruso en Bruselas.<\/p>\n<p><img alt=\"Da\u00f1os en la sede de la Uni\u00f3n Europea en Kiev, en una imagen de la embajadora Katarina Mathernova en su cuenta de X.\" decoding=\"auto\" class=\"_re lazyload a_m-h\" height=\"233\"  width=\"414\"  src=\"https:\/\/www.europesays.com\/es\/wp-content\/uploads\/2025\/08\/EAEJKYUQ3NHG3FEMFBDKJETSAU.jfif\" loading=\"lazy\"\/>Da\u00f1os en la sede de la Uni\u00f3n Europea en Kiev, en una imagen de la embajadora Katarina Mathernova en su cuenta de X.<\/p>\n<p class=\"\">En una declaraci\u00f3n desde Bruselas, en la que ha mostrado im\u00e1genes de los destrozos en la oficina europea en Kiev, la jefa del Ejecutivo europeo ha confirmado que todo el personal de la delegaci\u00f3n est\u00e1 a salvo pese a que dos de los misiles lanzados impactaron a solo 50 metros de su sede, con un intervalo de apenas 20 segundos, ha detallado. Con todo, ha subrayado, el ataque es otro \u201csombr\u00edo recordatorio de lo que est\u00e1 en juego\u201d, con una Rusia que claramente \u201cno se detendr\u00e1 ante nada para aterrorizar a Ucrania\u201d. Por ello, ha reiterado, la intenci\u00f3n de Europa de \u201cendurecer\u201d el r\u00e9gimen de sanciones contra Rusia con un nuevo paquete, el decimonoveno, informa <b>Silvia Ayuso<\/b>.<\/p>\n<p class=\"\">El presidente del Consejo Europeo, <a href=\"https:\/\/elpais.com\/noticias\/antonio-costa\/\" target=\"_self\" rel=\"nofollow noopener\" title=\"https:\/\/elpais.com\/noticias\/antonio-costa\/\">Ant\u00f3nio Costa<\/a>, ha mostrado su \u201chorror por otra noche mortal\u201d al tiempo que lanzaba una advertencia a Mosc\u00fa: \u201cLa UE no se dejar\u00e1 intimidar. La agresi\u00f3n rusa no hace m\u00e1s que reforzar nuestra determinaci\u00f3n de apoyar a Ucrania y a su pueblo\u201d.<\/p>\n<p>Fotogaler\u00eda<\/p>\n<p class=\"\">Los proyectiles volaron en varias oleadas contra diferentes puntos de Kiev durante la noche y la madrugada y han provocado incendios y cuantiosos destrozos en numerosos edificios residenciales y veh\u00edculos. Seg\u00fan el diario <a href=\"https:\/\/kyivindependent.com\/\" target=\"_self\" rel=\"nofollow noopener\" title=\"https:\/\/kyivindependent.com\/\">The Kyiv Independent<\/a>, casi todas las regiones del pa\u00eds se pusieron en alerta ante el lanzamiento de los misiles hipers\u00f3nicos y los m\u00faltiples avisos de drones lanzados desde distintas provincias rusas contra poblaciones ucranias situadas a cientos de kil\u00f3metros del frente.<\/p>\n<p class=\"\">Miles de personas han tenido que buscar refugio en el metro de la capital para protegerse del ataque, llevado a cabo con <a href=\"https:\/\/elpais.com\/internacional\/2025-06-29\/el-incesante-zumbido-del-dron-shahed-desespera-a-ucrania.html\" target=\"_self\" rel=\"nofollow noopener\" title=\"https:\/\/elpais.com\/internacional\/2025-06-29\/el-incesante-zumbido-del-dron-shahed-desespera-a-ucrania.html\">drones Shahed<\/a> \u2014de dise\u00f1o iran\u00ed\u2014, drones se\u00f1uelo, misiles de crucero y misiles bal\u00edsticos Kinzhal, seg\u00fan ha detallado el jefe de la administraci\u00f3n militar de Kiev.<\/p>\n<p class=\"\">A primera hora de la ma\u00f1ana, Zelenski ha publicado un largo mensaje en X en el que comienza relatando c\u00f3mo los servicios de rescate intentan buscar supervivientes entre los escombros de un \u201cedificio residencial com\u00fan\u201d. \u201cOtro ataque masivo contra nuestras ciudades y comunidades. Muertes de nuevo. Entre ellas, la de una menor\u201d, afirma.<\/p>\n<p><img alt=\"Personal de rescate trabaja en un edificio afectado por el ataque, este jueves, en Kiev.\" decoding=\"auto\" class=\"_re lazyload a_m-h\" height=\"277\"  width=\"414\"  src=\"https:\/\/www.europesays.com\/es\/wp-content\/uploads\/2025\/08\/GEJGTK4T2ZDJ5ATQ2GP46W2CHY.JPG\" loading=\"lazy\"\/>Personal de rescate trabaja en un edificio afectado por el ataque, este jueves, en Kiev.Thomas Peter (REUTERS)<\/p>\n<p class=\"\">Adem\u00e1s, el presidente ucranio vincula la nueva ofensiva a la coyuntura de esfuerzos diplom\u00e1ticos liderados por Estados Unidos para acabar con la guerra. \u201cEstos ataques de misiles y drones son una clara respuesta a todos aquellos en el mundo que, durante semanas y meses, han llamado a un alto el fuego y a la diplomacia real\u201d, a\u00f1ade Zelenski. \u201cRusia elige misiles bal\u00edsticos en vez de la mesa negociadora, elige seguir matando en lugar de acabar la guerra. No teme las consecuencias, se aprovecha del hecho de que al menos parte del mundo hace la vista gorda al asesinato de ni\u00f1os y busca excusas para Putin\u201d.<\/p>\n<p class=\"\">Por ello, el jefe del Ejecutivo ucranio reta a China, aliado de Rusia, y a Hungr\u00eda, tambi\u00e9n partidario de Putin en el seno de la UE, a \u201creaccionar a lo que est\u00e1 pasando\u201d. \u201cEsperamos una respuesta de cualquiera en el mundo que haya llamado a la paz pero ahora m\u00e1s a menudo guarda silencio en lugar de posicionarse de acuerdo a sus principios\u201d, escribe Zelenski, que llama a \u201cnuevas, severas sanciones contra Rusia por todo lo que hace\u201d. \u201cHan roto todos los plazos y arruinado decenas de oportunidades para la diplomacia, Rusia debe rendir cuentas por cada ataque, por cada d\u00eda de esta guerra\u201d, zanja.<\/p>\n<p><img alt=\"Una columna de humo y fuego se eleva en la ciudad tras el ataque masivo ruso sobre Kiev.\" decoding=\"auto\" class=\"_re lazyload a_m-h\" height=\"293\"  width=\"414\"  src=\"https:\/\/www.europesays.com\/es\/wp-content\/uploads\/2025\/08\/ZNKVBFD2WFO7HGXAMFHVTTDADI.jpg\" loading=\"lazy\"\/>Una columna de humo y fuego se eleva en la ciudad tras el ataque masivo ruso sobre Kiev.Vladyslav Sodel (REUTERS)<\/p>\n<p class=\"\">Al margen del ataque sobre la capital, Rusia ha asestado de madrugada un severo golpe sobre el suministro de electricidad en la regi\u00f3n de V\u00ednnitsa (en el centro del pa\u00eds), dejando sin luz a unos 60.000 usuarios. El operador de la red de transmisi\u00f3n ha confirmado, asimismo, da\u00f1os sobre esta infraestructura en otras zonas del pa\u00eds.<\/p>\n<p>Ucrania bombardea dos importantes refiner\u00edas rusas<\/p>\n<p class=\"\">Mosc\u00fa no ha hecho ning\u00fan comentario sobre los \u00faltimos bombardeos sobre Kiev. El Ministerio de Defensa ruso ha publicado un escueto parte de guerra a primera hora de la ma\u00f1ana en el que solo mencionaba el derribo de 13 drones ucranios sobre su territorio.<\/p>\n<p class=\"\">Los ataques ucranios est\u00e1n mayoritariamente enfocados en la infraestructura energ\u00e9tica rusa, la fuente de ingresos con la que el Kremlin alimenta su maquinaria b\u00e9lica. Seg\u00fan los canales de guerra rusos, dos refiner\u00edas han sido alcanzadas por las fuerzas armadas de Kiev.<\/p>\n<p class=\"\">En Samara, una regi\u00f3n del Volga al este de Mosc\u00fa, la planta de la petrolera Rosneft de Novokuibyshevski volvi\u00f3 a ser da\u00f1ada por los drones ucranios. Capaz de producir hasta 8,8 millones de barriles de petr\u00f3leo al a\u00f1o, esta refiner\u00eda hab\u00eda cesado sus operaciones tras su \u00faltimo bombardeo a principios de agosto.<\/p>\n<p class=\"\">En Afipski, en la regi\u00f3n de Krasnodar, otra refiner\u00eda capaz de procesar 6,2 millones de barriles ha ardido en la madrugada del mi\u00e9rcoles al jueves por las bombas ucranias en el segundo ataque que recibe en agosto.<\/p>\n<p class=\"\">Seg\u00fan Reuters, <a href=\"https:\/\/elpais.com\/internacional\/2025-08-19\/los-drones-de-ucrania-cortan-el-oleoducto-que-transporta-petroleo-ruso-a-hungria-y-eslovaquia.html\" target=\"_self\" rel=\"nofollow noopener\" title=\"https:\/\/elpais.com\/internacional\/2025-08-19\/los-drones-de-ucrania-cortan-el-oleoducto-que-transporta-petroleo-ruso-a-hungria-y-eslovaquia.html\">la campa\u00f1a ucrania de bombardeos sobre el sector petrolero ruso<\/a> ha reducido en torno a un 17% su capacidad de refino, alrededor de un mill\u00f3n de barriles diarios. Esta presi\u00f3n ha provocado el desabastecimiento de carburantes en algunas regiones, desde Crimea, en el Mar Negro, a las islas Kuriles, en el Pac\u00edfico, y ha encarecido el combustible en m\u00e1s de un 50% en lo que va de a\u00f1o.<\/p>\n<p>Incendio en el \u201cpalacio de Putin\u201d<\/p>\n<p class=\"\">Otro dron ucranio ha provocado un incendio a una decena de kil\u00f3metros del llamado \u201c<a href=\"https:\/\/elpais.com\/internacional\/2021-01-30\/el-ecologista-que-se-colo-en-el-presunto-palacio-de-putin-y-documento-su-lujo.html\" target=\"_blank\" rel=\"noreferrer nofollow noopener\" title=\"https:\/\/elpais.com\/internacional\/2021-01-30\/el-ecologista-que-se-colo-en-el-presunto-palacio-de-putin-y-documento-su-lujo.html\">palacio de Putin<\/a>\u201d, una enorme mansi\u00f3n en la costa del mar Negro que en los papeles figura como propiedad de un empresario pr\u00f3ximo al l\u00edder ruso, pero que <a href=\"https:\/\/elpais.com\/internacional\/2021-01-25\/putin-niega-las-acusaciones-de-navalni-sobre-su-supuesto-palacio-multimillonario-en-el-mar-negro.html\" target=\"_blank\" rel=\"noreferrer nofollow noopener\" title=\"https:\/\/elpais.com\/internacional\/2021-01-25\/putin-niega-las-acusaciones-de-navalni-sobre-su-supuesto-palacio-multimillonario-en-el-mar-negro.html\">una investigaci\u00f3n independiente<\/a> del medio Proekt atribuye al mandatario. Seg\u00fan el Servicio de Emergencias ruso, el proyectil ha provocado un incendio de unos 32.000 metros cuadrados en la aldea vecina de Krinitsa.<\/p>\n<p class=\"\">Las fuerzas armadas ucranias tambi\u00e9n han alcanzado este jueves con un dron una corbeta rusa de la clase Buyan-M, capaz de portar misiles hipers\u00f3nicos Kalibr. La nave, que navegaba por el mar de Azov, junto a la pen\u00ednsula de Crimea, se ha visto obligada a retirarse cuando se dispon\u00eda a atacar, seg\u00fan Kiev. Su radar ha sufrido da\u00f1os.<\/p>\n","protected":false},"excerpt":{"rendered":"Al menos 15 personas han muerto como consecuencia de un nuevo ataque masivo ruso con drones y misiles&hellip;\n","protected":false},"author":2,"featured_media":77768,"comment_status":"","ping_status":"","sticky":false,"template":"","format":"standard","meta":{"footnotes":""},"categories":[42],"tags":[8738,15686,17,18,13,14,7082,11,61,62,63,64,28106,19,20,29944,4809,9,10,15,16,1614,12,21,22,7083,14181,65,66,67],"class_list":{"0":"post-77767","1":"post","2":"type-post","3":"status-publish","4":"format-standard","5":"has-post-thumbnail","7":"category-internacional","8":"tag-ataques-militares","9":"tag-bombardeos","10":"tag-breaking-news","11":"tag-breakingnews","12":"tag-featured-news","13":"tag-featurednews","14":"tag-guerra-de-rusia-en-ucrania","15":"tag-headlines","16":"tag-internacional","17":"tag-international","18":"tag-international-news","19":"tag-internationalnews","20":"tag-kiev","21":"tag-latest-news","22":"tag-latestnews","23":"tag-misiles","24":"tag-muertes","25":"tag-news","26":"tag-noticias","27":"tag-noticias-destacadas","28":"tag-noticiasdestacadas","29":"tag-rusia","30":"tag-titulares","31":"tag-ultimas-noticias","32":"tag-ultimasnoticias","33":"tag-vladimir-putin","34":"tag-volodimir-zelenski","35":"tag-world","36":"tag-world-news","37":"tag-worldnews"},"share_on_mastodon":{"url":"","error":""},"_links":{"self":[{"href":"https:\/\/www.europesays.com\/es\/wp-json\/wp\/v2\/posts\/77767","targetHints":{"allow":["GET"]}}],"collection":[{"href":"https:\/\/www.europesays.com\/es\/wp-json\/wp\/v2\/posts"}],"about":[{"href":"https:\/\/www.europesays.com\/es\/wp-json\/wp\/v2\/types\/post"}],"author":[{"embeddable":true,"href":"https:\/\/www.europesays.com\/es\/wp-json\/wp\/v2\/users\/2"}],"replies":[{"embeddable":true,"href":"https:\/\/www.europesays.com\/es\/wp-json\/wp\/v2\/comments?post=77767"}],"version-history":[{"count":0,"href":"https:\/\/www.europesays.com\/es\/wp-json\/wp\/v2\/posts\/77767\/revisions"}],"wp:featuredmedia":[{"embeddable":true,"href":"https:\/\/www.europesays.com\/es\/wp-json\/wp\/v2\/media\/77768"}],"wp:attachment":[{"href":"https:\/\/www.europesays.com\/es\/wp-json\/wp\/v2\/media?parent=77767"}],"wp:term":[{"taxonomy":"category","embeddable":true,"href":"https:\/\/www.europesays.com\/es\/wp-json\/wp\/v2\/categories?post=77767"},{"taxonomy":"post_tag","embeddable":true,"href":"https:\/\/www.europesays.com\/es\/wp-json\/wp\/v2\/tags?post=77767"}],"curies":[{"name":"wp","href":"https:\/\/api.w.org\/{rel}","templated":true}]}}