{"id":77775,"date":"2025-08-28T11:44:13","date_gmt":"2025-08-28T11:44:13","guid":{"rendered":"https:\/\/www.europesays.com\/es\/77775\/"},"modified":"2025-08-28T11:44:13","modified_gmt":"2025-08-28T11:44:13","slug":"a-punt-recupera-corridas-de-toros-historicas-cada-domingo-con-el-mano-a-mano-entre-manzanares-y-enrique-ponce-de-1996","status":"publish","type":"post","link":"https:\/\/www.europesays.com\/es\/77775\/","title":{"rendered":"\u00c0 Punt recupera corridas de toros hist\u00f3ricas cada domingo con el mano a mano entre Manzanares y Enrique Ponce de 1996"},"content":{"rendered":"<p>Este domingo a las 18:30 horas \u00c0 Punt vuelve a llenar &#8216;La Pla\u00e7a&#8217; de los fieles a la tauromaquia con un evento memorable presentado por Jorge Casals<\/p>\n<p><img fetchpriority=\"high\" class=\"voc-img\" src=\"https:\/\/www.europesays.com\/es\/wp-content\/uploads\/2025\/08\/Cartellmam1996-RZZO5fMxd40UWO2GNIAmclK-1200x840@diario_abc.jpg\" loading=\"eager\" decoding=\"async\" alt=\"Cartel del mano a mano entre Manzanares y Enrique Ponce en la Feria de San Juan de Alicante de 1996\" width=\"1200\" height=\"840\"\/><\/p>\n<p>Cartel del mano a mano entre Manzanares y Enrique Ponce en la Feria de San Juan de Alicante de 1996    ABC  <\/p>\n<p class=\"voc-p\" style=\"\">Este domingo, a partir de las 18:30 horas, \u00c0 Punt volver\u00e1 a llenar &#8216;La Pla\u00e7a&#8217; de los fieles a la tauromaquia con una corrida de toros hist\u00f3rica presentada por el periodista Jorge Casals. Una oportunidad que, gracias a los archivos documentales de la <a href=\"https:\/\/www.abc.es\/espana\/comunidad-valenciana\/ver-directo-tomatina-bunol-2025-miercoles-agosto-20250825104421-nt.html\" target=\"_blank\" data-voc-vtm-id=\"in-text-traffic\" title=\"radiotelevisi\u00f3n p\u00fablica valenciana\" data-mrf-link=\"www.abc.es\" rel=\"nofollow noopener\">radiotelevisi\u00f3n p\u00fablica valenciana<\/a>, permitir\u00e1 volver a disfrutar de uno de los festejos taurinos que la afici\u00f3n no ha olvidado.<\/p>\n<p class=\"voc-p\" style=\"\">Con la narraci\u00f3n de Jos\u00e9 Luis Benlloch, se trata del <strong>mano a mano entre Jos\u00e9 Mar\u00eda Manzanares y Enrique Ponce<\/strong> en la plaza de toros de Alicante dentro del cartel de la Feria taurina de las Hogueras de 1996.<\/p>\n<p class=\"voc-p\" style=\"\">Aquella corrida hist\u00f3rica es recordada por varios motivos que la hicieron especial. Por un lado, Manzanares celebraba 25 a\u00f1os como matador y el diestro respondi\u00f3 a sus incondicionales consiguiendo cuatro orejas.<\/p>\n<p class=\"voc-p\" style=\"\">En la plaza estaban su padre Pepe Manzanares y el maestro Julio Robles, a quienes brind\u00f3 dos de sus faenas. Por otro lado, Enrique Ponce hizo gala de su t\u00e9cnica y maestr\u00eda con los toros de Alcurruc\u00e9n, brindando su \u00faltimo toro a Manzanares.<\/p>\n<p class=\"voc-p\" style=\"\">Un duelo en la arena lleno de admiraci\u00f3n y entrega que acab\u00f3 con una <strong>salida triunfal a hombros<\/strong> por la puerta grande y que podr\u00e1 volver a ser disfrutado por los espectadores de \u00c0 Punt la tarde de este domingo en sus pantallas.<\/p>\n<p>Reportar un error<\/p>\n","protected":false},"excerpt":{"rendered":"Este domingo a las 18:30 horas \u00c0 Punt vuelve a llenar &#8216;La Pla\u00e7a&#8217; de los fieles a la&hellip;\n","protected":false},"author":2,"featured_media":77776,"comment_status":"","ping_status":"","sticky":false,"template":"","format":"standard","meta":{"footnotes":""},"categories":[277],"tags":[29948,373,1353,168,1053,12096,25,24,806,3238,5090,14791,19344,6833,23,167,374,444],"class_list":{"0":"post-77775","1":"post","2":"type-post","3":"status-publish","4":"format-standard","5":"has-post-thumbnail","7":"category-toreo","8":"tag-29948","9":"tag-bullfighting","10":"tag-corridas","11":"tag-deportes","12":"tag-domingo","13":"tag-enrique","14":"tag-es","15":"tag-espana","16":"tag-historicas","17":"tag-mano","18":"tag-manzanares","19":"tag-ponce","20":"tag-punt","21":"tag-recupera","22":"tag-spain","23":"tag-sports","24":"tag-toreo","25":"tag-toros"},"share_on_mastodon":{"url":"","error":""},"_links":{"self":[{"href":"https:\/\/www.europesays.com\/es\/wp-json\/wp\/v2\/posts\/77775","targetHints":{"allow":["GET"]}}],"collection":[{"href":"https:\/\/www.europesays.com\/es\/wp-json\/wp\/v2\/posts"}],"about":[{"href":"https:\/\/www.europesays.com\/es\/wp-json\/wp\/v2\/types\/post"}],"author":[{"embeddable":true,"href":"https:\/\/www.europesays.com\/es\/wp-json\/wp\/v2\/users\/2"}],"replies":[{"embeddable":true,"href":"https:\/\/www.europesays.com\/es\/wp-json\/wp\/v2\/comments?post=77775"}],"version-history":[{"count":0,"href":"https:\/\/www.europesays.com\/es\/wp-json\/wp\/v2\/posts\/77775\/revisions"}],"wp:featuredmedia":[{"embeddable":true,"href":"https:\/\/www.europesays.com\/es\/wp-json\/wp\/v2\/media\/77776"}],"wp:attachment":[{"href":"https:\/\/www.europesays.com\/es\/wp-json\/wp\/v2\/media?parent=77775"}],"wp:term":[{"taxonomy":"category","embeddable":true,"href":"https:\/\/www.europesays.com\/es\/wp-json\/wp\/v2\/categories?post=77775"},{"taxonomy":"post_tag","embeddable":true,"href":"https:\/\/www.europesays.com\/es\/wp-json\/wp\/v2\/tags?post=77775"}],"curies":[{"name":"wp","href":"https:\/\/api.w.org\/{rel}","templated":true}]}}