{"id":77881,"date":"2025-08-28T12:49:08","date_gmt":"2025-08-28T12:49:08","guid":{"rendered":"https:\/\/www.europesays.com\/es\/77881\/"},"modified":"2025-08-28T12:49:08","modified_gmt":"2025-08-28T12:49:08","slug":"rusia-mata-a-al-menos-14-personas-en-un-bombardeo-nocturno-en-kiev-y-ataca-la-delegacion-de-la-ue-en-la-capital","status":"publish","type":"post","link":"https:\/\/www.europesays.com\/es\/77881\/","title":{"rendered":"Rusia mata a al menos 14 personas en un bombardeo nocturno en Kiev y ataca la delegaci\u00f3n de la UE en la capital"},"content":{"rendered":"<p class=\"article-text\">\n        El presidente del Consejo Europeo, Ant\u00f3nio Costa, ha denunciado un ataque \u201cdeliberado\u201d de Rusia contra la delegaci\u00f3n de la Uni\u00f3n Europea en la capital ucraniana, que ha sufrido da\u00f1os, mientras que al menos 14 civiles, entre ellos un ni\u00f1o de dos a\u00f1os, han muerto en Kiev como resultado de los impactos de cientos de misiles y drones rusos durante la noche.\n    <\/p>\n<p>    <a href=\"https:\/\/www.eldiario.es\/internacional\/bloqueo-putin-caos-trump-enfrian-esperanzas-paz-ucrania_1_12550513.html\" data-mrf-recirculation=\"saber-mas\" data-dl-event=\"saber-mas\" rel=\"nofollow noopener\" target=\"_blank\"><\/p>\n<p class=\"know-more__title\">El bloqueo de Putin y el caos de Trump enfr\u00edan las esperanzas de paz en Ucrania<\/p>\n<p>            <img decoding=\"async\" class=\"lazy\" loading=\"lazy\" data-src=\"https:\/\/static.eldiario.es\/clip\/a47bcad0-8ca8-4c09-875a-4ba37c18e070_16-9-aspect-ratio_default_0.jpg\" src=\"data:image\/svg+xml,%3Csvg xmlns=\" http:=\"\" viewbox=\"0 0 880 495\" alt=\"El bloqueo de Putin y el caos de Trump enfr\u00edan las esperanzas de paz en Ucrania\"\/><\/p>\n<p>                        <\/a><\/p>\n<p class=\"article-text\">\n        \u201cLa UE no ser\u00e1 intimidada. La agresi\u00f3n rusa s\u00f3lo refuerza nuestra resoluci\u00f3n por estar del lado de Ucrania y su gente\u201d, ha afirmado Costa en la red social X, en la que ha compartido una imagen de los da\u00f1os causados en la delegaci\u00f3n europea por el ataque ruso. Costa tambi\u00e9n ha mostrado su solidaridad con las v\u00edctimas ucranianas y con el personal de la delegaci\u00f3n europea.\n    <\/p>\n<blockquote class=\"twitter-tweet\" data-lang=\"es\"><p><a href=\"https:\/\/twitter.com\/X\/status\/1960954861467435341?ref_src=twsrc%5Etfw\" rel=\"nofollow noopener\" target=\"_blank\"><\/p><\/blockquote>\n<p class=\"article-text\">\n        Tambi\u00e9n en sus redes sociales, la presidenta de la Comisi\u00f3n Europea, Ursula von der Leyen, ha confirmado que todo el personal de la delegaci\u00f3n est\u00e1 a salvo y ha instado al Kremlin a detener sus ataques indiscriminados y a participar en las negociaciones para una paz justa y duradera.\n    <\/p>\n<p class=\"article-text\">\n        Por su parte, el presidente ucraniano, Volod\u00edmir Zelenski, <a href=\"https:\/\/x.com\/ZelenskyyUa\/status\/1960934028321685907\" data-mrf-recirculation=\"links-noticia\" class=\"link\" target=\"_blank\" rel=\"nofollow\">ha informado en X<\/a> de que los ataques rusos causaron al menos 14 muertos, incluidos tres ni\u00f1os. \u201cUn asesinato horrible y deliberado de civiles\u201d, ha denunciado.\n    <\/p>\n<p class=\"article-text\">\n        Las labores de rescate contin\u00faan y el saldo de v\u00edctimas ha ido aumentando desde primera hora de la ma\u00f1ana. Entre los muertos hay tres menores, de 2, 14 y 17 a\u00f1os, seg\u00fan el jefe de la administraci\u00f3n militar de la ciudad de Kiev, Timur Tkachenko.\n    <\/p>\n<p class=\"article-text\">\n        Seg\u00fan la agencia de noticias Associated Press, es uno de los mayores ataques a\u00e9reos rusos contra Kiev. La Fuerza A\u00e9rea ucraniana ha informado de que Rusia lanz\u00f3 un total de 598 drones y 31 misiles \u2013entre ellos, misiles de crucero Kh-101, misiles bal\u00edsticos Iskander-M y misiles cuasi-bal\u00edsticos Kinzhal\u2013 contra territorio ucraniano.\n    <\/p>\n<p class=\"article-text\">\n        \u201cLos rusos no optan por poner fin a la guerra, sino por nuevos ataques. Durante la noche, en Kiev, decenas de edificios resultaron da\u00f1ados: viviendas, oficinas y empresas civiles. Entre ellos, el edificio donde se encuentra la Delegaci\u00f3n de la Uni\u00f3n Europea en Ucrania\u201d, ha lamentado Zelenski.\n    <\/p>\n<p class=\"article-text\">\n        Los ataques de esta noche da\u00f1aron edificios de viviendas en varios distritos de la capital, adem\u00e1s de un centro comercial y una guarder\u00eda, as\u00ed como en las oficinas del peri\u00f3dico Ukrainska Pravda, seg\u00fan la Agencia EFE.\n    <\/p>\n<p class=\"article-text\">\n        En una publicaci\u00f3n anterior, el mandatario ha afirmado que \u201cRusia elige los [misiles] bal\u00edsticos en vez de la mesa de negociaci\u00f3n. Elige seguir matando en lugar de poner fin a la guerra\u201d.\n    <\/p>\n<p class=\"article-text\">\n        Tambi\u00e9n ha pedido al mundo que \u201cresponda con firmeza\u201d. \u201cRusia debe detener esta guerra que inici\u00f3 y contin\u00faa. Debido al incumplimiento del alto el fuego y a los constantes intentos rusos de evadir las negociaciones, se necesitan nuevas sanciones severas. Solo esto puede funcionar\u201d, ha escrito Zelenski.\n    <\/p>\n<p class=\"article-text\">\n        \u201cLos rusos solo entienden de fuerza y presi\u00f3n. Por cada ataque, Mosc\u00fa debe sufrir las consecuencias\u201d, ha remachado.\n    <\/p>\n<p class=\"article-text\">\n        El presidente del Gobierno, Pedro S\u00e1nchez, ha condenado el ataque ruso, que se trata de \u201cuna nueva violaci\u00f3n flagrante del derecho internacional\u201d: \u201cCada agresi\u00f3n de Rusia en esta guerra injusta es un nuevo golpe contra la paz\u201d. \u201cToda mi solidaridad con el personal de la Delegaci\u00f3n de la UE en Kyiv, las v\u00edctimas y el pueblo ucraniano\u201d, ha a\u00f1adido en su perfil de X.\n    <\/p>\n<blockquote class=\"twitter-tweet\" data-lang=\"es\"><p><a href=\"https:\/\/twitter.com\/X\/status\/1960988683370156462?ref_src=twsrc%5Etfw\" rel=\"nofollow noopener\" target=\"_blank\"><\/p><\/blockquote>\n<p class=\"article-text\">\n        Tambi\u00e9n en el Ejecutivo espa\u00f1ol, el ministro de Exteriores, Jos\u00e9 Manuel Albares, ha condenado el ataque: \u201cUna noche m\u00e1s, Rusia responde a los esfuerzos de paz con ataques contra infraestructuras civiles y sedes diplom\u00e1ticas en Ucrania\u201d.\n    <\/p>\n<p class=\"article-text\">\n        La alta representante de la UE para la Pol\u00edtica Exterior, Kaja Kallas, tambi\u00e9n ha denunciado el ataque y ha afirmado que \u201cmuestra una decisi\u00f3n deliberada de intensificar la tensi\u00f3n y burlarse de los esfuerzos de paz\u201d. \u201cRusia debe detener las matanzas y negociar\u201d, ha dicho Kallas.\n    <\/p>\n<p class=\"article-text\">\n        Por su parte, el alcalde de Kiev, Vitali Klitschk\u00f3, ha dicho en declaraciones citadas por la agencia Ukrinform que aproximadamente 50 personas han sido heridas, de las que 40 han sido hospitalizadas para recibir tratamiento.\n    <\/p>\n<p class=\"article-text\">\n        Por otro lado, el ministro del Interior, Igor Klimenko, ha advertido de que hay informaciones sobre siete desaparecidos en un bloque de apartamentos en el distrito de Darnitski, por lo que el n\u00famero de muertos podr\u00eda ascender.\n    <\/p>\n<p class=\"article-text\">\n        Kiev no fue el \u00fanico blanco de los ataques rusos de la noche del mi\u00e9rcoles al jueves. En la regi\u00f3n central de V\u00ednitsia, las autoridades informaron de un impacto contra unas instalaciones energ\u00e9ticas, el cual dej\u00f3 temporalmente sin luz a 60.000 usuarios en 29 localidades.\n    <\/p>\n<p class=\"article-text\">\n        Mientras, el Ministerio de Defensa ruso ha dicho que intercept\u00f3 m\u00e1s de un centenar de drones ucranianos durante la noche, principalmente en el suroeste del pa\u00eds.\n    <\/p>\n<p>                                    <script async src=\"https:\/\/platform.twitter.com\/widgets.js\" charset=\"utf-8\"><\/script><\/p>\n","protected":false},"excerpt":{"rendered":"El presidente del Consejo Europeo, Ant\u00f3nio Costa, ha denunciado un ataque \u201cdeliberado\u201d de Rusia contra la delegaci\u00f3n de&hellip;\n","protected":false},"author":2,"featured_media":77882,"comment_status":"","ping_status":"","sticky":false,"template":"","format":"standard","meta":{"footnotes":""},"categories":[42],"tags":[5668,29972,17,18,7264,29973,13,14,11,61,62,63,64,28106,19,20,12837,9,5387,10,15,16,2799,3477,1614,12,943,21,22,65,66,67],"class_list":{"0":"post-77881","1":"post","2":"type-post","3":"status-publish","4":"format-standard","5":"has-post-thumbnail","7":"category-internacional","8":"tag-ataca","9":"tag-bombardeo","10":"tag-breaking-news","11":"tag-breakingnews","12":"tag-capital","13":"tag-delegacion","14":"tag-featured-news","15":"tag-featurednews","16":"tag-headlines","17":"tag-internacional","18":"tag-international","19":"tag-international-news","20":"tag-internationalnews","21":"tag-kiev","22":"tag-latest-news","23":"tag-latestnews","24":"tag-mata","25":"tag-news","26":"tag-nocturno","27":"tag-noticias","28":"tag-noticias-destacadas","29":"tag-noticiasdestacadas","30":"tag-ocho","31":"tag-personas","32":"tag-rusia","33":"tag-titulares","34":"tag-ue","35":"tag-ultimas-noticias","36":"tag-ultimasnoticias","37":"tag-world","38":"tag-world-news","39":"tag-worldnews"},"share_on_mastodon":{"url":"","error":""},"_links":{"self":[{"href":"https:\/\/www.europesays.com\/es\/wp-json\/wp\/v2\/posts\/77881","targetHints":{"allow":["GET"]}}],"collection":[{"href":"https:\/\/www.europesays.com\/es\/wp-json\/wp\/v2\/posts"}],"about":[{"href":"https:\/\/www.europesays.com\/es\/wp-json\/wp\/v2\/types\/post"}],"author":[{"embeddable":true,"href":"https:\/\/www.europesays.com\/es\/wp-json\/wp\/v2\/users\/2"}],"replies":[{"embeddable":true,"href":"https:\/\/www.europesays.com\/es\/wp-json\/wp\/v2\/comments?post=77881"}],"version-history":[{"count":0,"href":"https:\/\/www.europesays.com\/es\/wp-json\/wp\/v2\/posts\/77881\/revisions"}],"wp:featuredmedia":[{"embeddable":true,"href":"https:\/\/www.europesays.com\/es\/wp-json\/wp\/v2\/media\/77882"}],"wp:attachment":[{"href":"https:\/\/www.europesays.com\/es\/wp-json\/wp\/v2\/media?parent=77881"}],"wp:term":[{"taxonomy":"category","embeddable":true,"href":"https:\/\/www.europesays.com\/es\/wp-json\/wp\/v2\/categories?post=77881"},{"taxonomy":"post_tag","embeddable":true,"href":"https:\/\/www.europesays.com\/es\/wp-json\/wp\/v2\/tags?post=77881"}],"curies":[{"name":"wp","href":"https:\/\/api.w.org\/{rel}","templated":true}]}}