{"id":78001,"date":"2025-08-28T14:11:16","date_gmt":"2025-08-28T14:11:16","guid":{"rendered":"https:\/\/www.europesays.com\/es\/78001\/"},"modified":"2025-08-28T14:11:16","modified_gmt":"2025-08-28T14:11:16","slug":"otro-gran-detalle-de-capitan-de-dika-mem","status":"publish","type":"post","link":"https:\/\/www.europesays.com\/es\/78001\/","title":{"rendered":"Otro gran detalle de capit\u00e1n de Dika Mem"},"content":{"rendered":"<p class=\"ft-text\">Carlos Ortega tom\u00f3 una decisi\u00f3n dif\u00edcil en el verano de 2023 al <strong>retirar la capitan\u00eda a Gonzalo P\u00e9rez de Vargas tras conocerse que no renovar\u00eda y dar el brazalete a Dika Mem<\/strong>, un jugador que llevaba ya m\u00e1s de un lustro en el Bar\u00e7a desde que lleg\u00f3 con la mayor\u00eda de edad reci\u00e9n cumplida en 2016 procedente del Tremblay galo.<\/p>\n<p class=\"ft-text\">Ahora recuper\u00e1ndose de su grave lesi\u00f3n <a href=\"https:\/\/www.sport.es\/es\/noticias\/barca\/balonmano\/alguien-habia-olvidado-perez-vargas-109975292\" class=\"ft-link ft-link--decoration\" rel=\"nofollow noopener\" target=\"_blank\">ya en las filas de un <\/a><a href=\"https:\/\/www.sport.es\/es\/noticias\/barca\/balonmano\/alguien-habia-olvidado-perez-vargas-109975292\" class=\"ft-link ft-link--decoration\" rel=\"nofollow noopener\" target=\"_blank\"><strong>THW Kiel<\/strong><\/a><strong> con el que sue\u00f1a con debutar en diciembre o ya despu\u00e9s del Europeo, el portero<\/strong> tambi\u00e9n hab\u00eda sido un buen capit\u00e1n desde que hered\u00f3 el brazalete de Ra\u00fal Entrerr\u00edos, quien lo tom\u00f3 de V\u00edctor Tom\u00e0s tras su retirada forzosa por un problema card\u00edaco en 2020 y por un Covid que le impidi\u00f3 despedirse en la pista.<\/p>\n<p class=\"ft-text\"><strong>Dika Mem es uno de los mejores jugadores del mundo<\/strong> desde hace ya varios a\u00f1os y destaca tanto por su talento en la pista como <a href=\"https:\/\/www.sport.es\/es\/noticias\/barca\/balonmano\/dika-mem-lider-capitan-93095991\" class=\"ft-link ft-link--decoration\" rel=\"nofollow noopener\" target=\"_blank\">por su calidad humana y su normalidad fuera de ella<\/a>. El lateral derecho es un enamorado de la cantera y trata con mimo a todos los j\u00f3venes que suben desde el Bar\u00e7a B.<\/p>\n<p><img decoding=\"async\" src=\"https:\/\/www.europesays.com\/es\/wp-content\/uploads\/2025\/08\/f3a31f55-57ce-41e3-ae81-1a22bf034b12_alta-libre-aspect-ratio_default_0.jpg\" width=\"1200\" height=\"696\" alt=\"Dika Mem, un l\u00edder con may\u00fasculas\" class=\"ft-helper-img-rd\" loading=\"lazy\" hasdataaida=\"true\"\/><\/p>\n<p class=\"ft-helper-fontColor-quaternary ft-helper-fontSize-body-S ft-helper-spacer-t-xxs\">Dika Mem, un l\u00edder con may\u00fasculas  \/ EFE<\/p>\n<p class=\"ft-text\">Engrandeciendo un brazalete que tambi\u00e9n llevaron mitos como Enric Masip, David Barrufet o Ra\u00fal Entrerr\u00edos, <strong>el parisino ya demostr\u00f3 su grandeza al ser elegido capit\u00e1n por el t\u00e9cnico. \u00abHabr\u00eda preferido dar este paso adelante por otro motivo<\/strong>, pero s\u00e9 que ahora es momento de ayudar a los j\u00f3venes y de hacer que el vestuario siga unido\u00bb, coment\u00f3.<\/p>\n<p class=\"ft-text\">Renovado hasta 2027 y consolidado como un referente del barcelonismo, <strong>Dika Mem tiene la capacidad de controlar todos los detalles<\/strong> incluso en plena pretemporada. El \u00faltimo detalle se produjo el pasado martes en la <a href=\"https:\/\/www.sport.es\/es\/noticias\/barca\/balonmano\/solido-barca-mantiene-dictadura-catalana-120964741\" class=\"ft-link ft-link--decoration\" rel=\"nofollow noopener\" target=\"_blank\">final de la Supercopa de Catalunya en la que el Bar\u00e7a derrot\u00f3 al Fraikin Granollers por 38-25<\/a>.<\/p>\n<p class=\"ft-text\">La direcci\u00f3n deportiva y <strong>Carlos Ortega sorprendieron al dar <\/strong><a href=\"https:\/\/www.sport.es\/es\/noticias\/barca\/balonmano\/oscar-grau-primer-equipo-luces-118861905\" class=\"ft-link ft-link--decoration\" rel=\"nofollow noopener\" target=\"_blank\"><strong>ficha del primer equipo a Oscar Grau<\/strong><\/a>, un jugador &#8216;bajito&#8217; (1,83 m) que ha maravillado por su capacidad de trabajo en las categor\u00edas inferiores del club y de la selecci\u00f3n espa\u00f1ola. Y eso que a sus 21 a\u00f1os ya ha tenido que superar varias lesiones serias.<\/p>\n<p><img decoding=\"async\" src=\"https:\/\/www.europesays.com\/es\/wp-content\/uploads\/2025\/08\/6f7dab9d-1e1f-4498-9371-9ffba45d0ccb_alta-libre-aspect-ratio_default_0.jpg\" width=\"1200\" height=\"675\" alt=\"Oscar Grau lo dar\u00e1 todo en cada minuto\" class=\"ft-helper-img-rd\" loading=\"lazy\" hasdataaida=\"true\"\/><\/p>\n<p class=\"ft-helper-fontColor-quaternary ft-helper-fontSize-body-S ft-helper-spacer-t-xxs\">Oscar Grau lo dar\u00e1 todo en cada minuto  \/ JAVI FERR\u00c1NDIZ<\/p>\n<p class=\"ft-text\">El hijo del emblem\u00e1tico Oscar Grau (su &#8216;2&#8217; cuelga del Palau) jug\u00f3 muy buenos minutos en defensa en la segunda parte, pero lo que no se esperaba es <strong>el regalo que le ten\u00eda preparado <\/strong><a href=\"https:\/\/www.sport.es\/es\/noticias\/barca\/balonmano\/dika-mem-sensaciones-son-buenas-120734966\" class=\"ft-link ft-link--decoration\" rel=\"nofollow noopener\" target=\"_blank\"><strong>Dika Mem<\/strong><\/a><a href=\"https:\/\/www.sport.es\/es\/noticias\/barca\/balonmano\/dika-mem-sensaciones-son-buenas-120734966\" class=\"ft-link ft-link--decoration\" rel=\"nofollow noopener\" target=\"_blank\">. El franc\u00e9s<\/a> se ech\u00f3 a un lado y le dijo que levantase la Supercopa de Catalunya. El joven catal\u00e1n lo hizo con enorme alegr\u00eda.<\/p>\n<p class=\"ft-text\">Por estos detalles es tan querido el franc\u00e9s en el vestuario y este respeto que muestra por los j\u00f3venes tambi\u00e9n es importante para que vayan creciendo. Y eso que <strong>Grau ya es la resiliencia personificada. Tan solo hay que ver c\u00f3mo defiende<\/strong>, con las piernas flexionadas y saliendo hasta los ocho metros. Le falta altura&#8230; pero lo mismo le pasaba a su padre y miren ad\u00f3nde lleg\u00f3.<\/p>\n","protected":false},"excerpt":{"rendered":"Carlos Ortega tom\u00f3 una decisi\u00f3n dif\u00edcil en el verano de 2023 al retirar la capitan\u00eda a Gonzalo P\u00e9rez&hellip;\n","protected":false},"author":2,"featured_media":78002,"comment_status":"","ping_status":"","sticky":false,"template":"","format":"standard","meta":{"footnotes":""},"categories":[278],"tags":[376,2296,8898,168,24159,25,24,375,29993,23,167,29164],"class_list":{"0":"post-78001","1":"post","2":"type-post","3":"status-publish","4":"format-standard","5":"has-post-thumbnail","7":"category-balonmano","8":"tag-balonmano","9":"tag-barca","10":"tag-capitan","11":"tag-deportes","12":"tag-dika-mem","13":"tag-es","14":"tag-espana","15":"tag-handball","16":"tag-oscar-grau","17":"tag-spain","18":"tag-sports","19":"tag-supercopa-de-catalunya"},"share_on_mastodon":{"url":"","error":""},"_links":{"self":[{"href":"https:\/\/www.europesays.com\/es\/wp-json\/wp\/v2\/posts\/78001","targetHints":{"allow":["GET"]}}],"collection":[{"href":"https:\/\/www.europesays.com\/es\/wp-json\/wp\/v2\/posts"}],"about":[{"href":"https:\/\/www.europesays.com\/es\/wp-json\/wp\/v2\/types\/post"}],"author":[{"embeddable":true,"href":"https:\/\/www.europesays.com\/es\/wp-json\/wp\/v2\/users\/2"}],"replies":[{"embeddable":true,"href":"https:\/\/www.europesays.com\/es\/wp-json\/wp\/v2\/comments?post=78001"}],"version-history":[{"count":0,"href":"https:\/\/www.europesays.com\/es\/wp-json\/wp\/v2\/posts\/78001\/revisions"}],"wp:featuredmedia":[{"embeddable":true,"href":"https:\/\/www.europesays.com\/es\/wp-json\/wp\/v2\/media\/78002"}],"wp:attachment":[{"href":"https:\/\/www.europesays.com\/es\/wp-json\/wp\/v2\/media?parent=78001"}],"wp:term":[{"taxonomy":"category","embeddable":true,"href":"https:\/\/www.europesays.com\/es\/wp-json\/wp\/v2\/categories?post=78001"},{"taxonomy":"post_tag","embeddable":true,"href":"https:\/\/www.europesays.com\/es\/wp-json\/wp\/v2\/tags?post=78001"}],"curies":[{"name":"wp","href":"https:\/\/api.w.org\/{rel}","templated":true}]}}