{"id":78135,"date":"2025-08-28T15:53:09","date_gmt":"2025-08-28T15:53:09","guid":{"rendered":"https:\/\/www.europesays.com\/es\/78135\/"},"modified":"2025-08-28T15:53:09","modified_gmt":"2025-08-28T15:53:09","slug":"premios-juventud-2025-las-votaciones-terminan-el-1-de-septiembre-te-decimos-como-votar-por-tus-artistas-favoritos-premios-juventud","status":"publish","type":"post","link":"https:\/\/www.europesays.com\/es\/78135\/","title":{"rendered":"Premios Juventud 2025: Las votaciones terminan el 1 de septiembre, te decimos c\u00f3mo votar por tus artistas favoritos | Premios Juventud"},"content":{"rendered":"<p>El portal oficial de votaciones de la fiesta m\u00e1s hot del a\u00f1o se abri\u00f3 el 19 de agosto, misma fecha en la que se revel\u00f3 <a href=\"https:\/\/www.univision.com\/shows\/premios-juventud\/premios-juventud-2025-lista-completa-nominados\" rel=\"nofollow noopener\" target=\"_blank\">la lista completa de nominados<\/a>, integrada por 231 artistas distribuidos en 41 categor\u00edas.<\/p>\n<p>El proceso para elegir a tus favoritos sigue activo, pero concluir\u00e1 el lunes 1 de septiembre. Ese d\u00eda se cerrar\u00e1n las votaciones y comenzar\u00e1 el conteo de votos que definir\u00e1 a los ganadores de la fiesta m\u00e1s hot del a\u00f1o.<\/p>\n<p>El mecanismo para apoyar a tus artistas preferidos es muy sencillo:<\/p>\n<p>1 Accede al portal <a href=\"http:\/\/www.premiosjuventud.com\/vota\" rel=\"nofollow noopener\" target=\"_blank\">www.premiosjuventud.com\/vota<\/a> <br \/>2 Reg\u00edstrate con una cuenta de correo electr\u00f3nico vigente <br \/>3 Elige a tus favoritos dentro de las tres secciones principales: <\/p>\n<p>4 Selecciona a tu artista favorito en cada apartado y confirma tu elecci\u00f3n. Recuerda que es <a href=\"https:\/\/www.univision.com\/shows\/premios-juventud\/que-necesito-para-votar-en-premios-juventud-2025-requisitos-e-instrucciones\" rel=\"nofollow noopener\" target=\"_blank\">requisito tener m\u00e1s de 18 a\u00f1os<\/a> para poder participar en la votaci\u00f3n.<\/p>\n<p>La edici\u00f3n n\u00famero 22 de la fiesta m\u00e1s hot del a\u00f1o se llevar\u00e1 a cabo en la vibrante ciudad de Panam\u00e1 <a href=\"https:\/\/www.univision.com\/shows\/premios-juventud\/premios-juventud-2025-se-celebraran-en-panama-cuando-son-quienes-seran-los-conductores-nominados-y-mas\" rel=\"nofollow noopener\" target=\"_blank\">el pr\u00f3ximo 25 de septiembre<\/a>. El especial Noche de Estrellas dar\u00e1 inicio a las 7P\/6C, seguido por la ceremonia de premiaci\u00f3n a las 8P\/7C.<\/p>\n<p>Adem\u00e1s, el minuto a minuto se podr\u00e1 seguir en el blog en vivo, redes sociales oficiales y el sitio web de Univision.<\/p>\n","protected":false},"excerpt":{"rendered":"El portal oficial de votaciones de la fiesta m\u00e1s hot del a\u00f1o se abri\u00f3 el 19 de agosto,&hellip;\n","protected":false},"author":2,"featured_media":78136,"comment_status":"","ping_status":"","sticky":false,"template":"","format":"standard","meta":{"footnotes":""},"categories":[170],"tags":[146,147,25,24,184,185,23],"class_list":{"0":"post-78135","1":"post","2":"type-post","3":"status-publish","4":"format-standard","5":"has-post-thumbnail","7":"category-musica","8":"tag-entertainment","9":"tag-entretenimiento","10":"tag-es","11":"tag-espana","12":"tag-music","13":"tag-musica","14":"tag-spain"},"share_on_mastodon":{"url":"","error":""},"_links":{"self":[{"href":"https:\/\/www.europesays.com\/es\/wp-json\/wp\/v2\/posts\/78135","targetHints":{"allow":["GET"]}}],"collection":[{"href":"https:\/\/www.europesays.com\/es\/wp-json\/wp\/v2\/posts"}],"about":[{"href":"https:\/\/www.europesays.com\/es\/wp-json\/wp\/v2\/types\/post"}],"author":[{"embeddable":true,"href":"https:\/\/www.europesays.com\/es\/wp-json\/wp\/v2\/users\/2"}],"replies":[{"embeddable":true,"href":"https:\/\/www.europesays.com\/es\/wp-json\/wp\/v2\/comments?post=78135"}],"version-history":[{"count":0,"href":"https:\/\/www.europesays.com\/es\/wp-json\/wp\/v2\/posts\/78135\/revisions"}],"wp:featuredmedia":[{"embeddable":true,"href":"https:\/\/www.europesays.com\/es\/wp-json\/wp\/v2\/media\/78136"}],"wp:attachment":[{"href":"https:\/\/www.europesays.com\/es\/wp-json\/wp\/v2\/media?parent=78135"}],"wp:term":[{"taxonomy":"category","embeddable":true,"href":"https:\/\/www.europesays.com\/es\/wp-json\/wp\/v2\/categories?post=78135"},{"taxonomy":"post_tag","embeddable":true,"href":"https:\/\/www.europesays.com\/es\/wp-json\/wp\/v2\/tags?post=78135"}],"curies":[{"name":"wp","href":"https:\/\/api.w.org\/{rel}","templated":true}]}}