{"id":7821,"date":"2025-07-27T20:56:09","date_gmt":"2025-07-27T20:56:09","guid":{"rendered":"https:\/\/www.europesays.com\/es\/7821\/"},"modified":"2025-07-27T20:56:09","modified_gmt":"2025-07-27T20:56:09","slug":"melendi-luce-la-camiseta-del-real-oviedo-ante-mas-de-cuatro-millones-de-espectadores-desde-el-norte-hasta-el-sur-puxa-asturies-la-voz-de-asturias","status":"publish","type":"post","link":"https:\/\/www.europesays.com\/es\/7821\/","title":{"rendered":"Melendi luce la camiseta del Real Oviedo ante m\u00e1s de cuatro millones de espectadores: \u00abDesde el norte hasta el sur, puxa Asturies\u00bb &#8211; La Voz de Asturias"},"content":{"rendered":"<ol>\n<li><a href=\"https:\/\/news.google.com\/rss\/articles\/CBMijwJBVV95cUxNTHFET20yU1hTa1Y2MzVsbkF4czBLRUpVN2FKVURIb3BaTW1wQi1rQVZQYldINm5WcVhHUlBKdEVtRkVybzRqa19YRWZZRWx4b1ZOVklCZExENE1sYjN6ZjVrTDR3SmVPOGQ2R216UGtOcFY4cWFFQm9qYXotV1ZGVFF2OWFZRzNpdXp2VWsydm1sYjk1NUhCcU9NanRLMzBQTWlHX09NNWR2Wnc3RHF4eXFKMlZkYl9EME5NZGZKaG0zSVVXekVKd2lQYm9QWDMzbUZscU5aS2NEYWhJZzVjWnIycm9RSTVuZDJSTUQ0Tmk0TlpSUEhlS3pGWHI3OU9hUjZoWlhxN1pfLURJdGlj0gGrAkFVX3lxTE9taVpiRnhUaWR6NTBrVmdzNmw0QXYzS1h3VURGbnZyakZYVHM2bnZCeFFNY3V0WFhybDBYV09iVVFnbXdQR1JqR1J1MzlNN3JfX044UkxxbC1oMVBmMi11LS00VzY5QldZMjlwM3hBMmFPMExrTVpjZ0lpam9ON2xZQ1hiaHBIaFR0WUZRVEw5cHpUbkJVbHRsSHo4dEFRNnVZRGdpX3phZGktMTZDbkFKYXAteHBtdm9EdFB5blBXRVVteW1SMzl5eEhjajB0d2JwUWpJSGJZWmhMUFR1UEwxTGxTazFBRWMwanoyTE5PZDUwNklzRlFvVk5wRnRmYWIybkFXeTA0aUwySFdGNUs2cVZNQWt1UlcyblZUNFdQSmxBcG9GU1d2blE0?oc=5\" target=\"_blank\" rel=\"nofollow noopener\">Melendi luce la camiseta del Real Oviedo ante m\u00e1s de cuatro millones de espectadores: \u00abDesde el norte hasta el sur, puxa Asturies\u00bb<\/a>&nbsp;&nbsp;La Voz de Asturias<\/li>\n<li><a href=\"https:\/\/news.google.com\/rss\/articles\/CBMiZEFVX3lxTE9CbXp5dk5JYkxrOG9JX0ZIYTRsWk8tQmVHZWpjVWVxRm5CSHZpV3RzSWtJbzRMN203OU5LWXJmcEJIM3RtTG5tZVBGanZEWjhtX1J4QTY2LTNGWHRmcktXNUREZ2s?oc=5\" target=\"_blank\" rel=\"nofollow noopener\">Melendi, una vez m\u00e1s<\/a>&nbsp;&nbsp;Real Oviedo<\/li>\n<li><a href=\"https:\/\/news.google.com\/rss\/articles\/CBMi4gFBVV95cUxOdlM2ZE5BWlBjTGM4NzVtWVlTcnI4MnlCWWVtd3lXbTBteHZyWlBpZEk0RE11UmNSenFnMDJhcVBmcGFERFYwc3h2YWZmRV90MkZtVlNYazRuRzhrSmZtNDh6R05FV2VtLTJzSEh2R2t6blhOSE42dUNiOVIydUVmSktYOUpDZG9lcTFOcDBQT3YwYlpNOVFWYmJ6T0k4N3UtR1FBUnByNnpvcVFrYUlYOUNSaVY2WW5iejR6ck9xSUNzcjlQdTg0bzNkakZhSnhTSGVlUmxOMHNRR1FNNlNhbFFR0gH2AUFVX3lxTE1kcU1Pd2tPZHlCVy1hSGx0Smc2VF92NW9WYlNBa1k3bzdqNWh0bVI3TU9LWHB3bFZJZ2NhYjFpV05RY2JlOThZR19UWTM3WHk3a2dPUnVRVVVyMUUzNUxuSTBmUll2R21waVZzRTNQYjJUcU9PYTJHcENCaF9TUzNUdmN6NlFYc2Z2MnQzeFp0V0dPeEJ2bUd4aGxoYmNaUHVvanlxNTEwMVByUmt5SEZSS3lBbXlfMFkySmJybW01TVhsS1RxT3ZROU1uYmlzYy12X3N6OWxpVEZLcEpkN20wc2tSdFVfellYQjNGSVIzWXpjUkxUdw?oc=5\" target=\"_blank\" rel=\"nofollow noopener\">As\u00ed fue el emotivo homenaje de Melendi a Cazorla y Fernando Alonso en la Velada del A\u00f1o<\/a>&nbsp;&nbsp;La Raz\u00f3n<\/li>\n<li><a href=\"https:\/\/news.google.com\/rss\/articles\/CBMi0AFBVV95cUxQTXBpWEpwVjRGYkJ3TEhXY2JsbXpUanI5OXU5dV8zbm8wR291NkNzbWhqYUM3X0luSl9RUjVhT1diaEc3Q1pwbDZtNkxkaDlHU1p6WGtDVzZjbjk3YVVYMnkzdWtDMndlcXlxWGpPbGp5WkRNXzFPTGYyb0U3SmVXU1ZjdlVZc0trTEt1ZzhlNVBUSDRlZVM1a3VzZ3UzSU95YjI2R01MVzAzNjJwZk44RGV0aV9QMDB5MjlQUWJQMnVWMUcyQTFTSjhVU3I2cU9K?oc=5\" target=\"_blank\" rel=\"nofollow noopener\">Melendi invita a India Mart\u00ednez y Saiko a su actuaci\u00f3n en La Velada del A\u00f1o V<\/a>&nbsp;&nbsp;EuropaFM<\/li>\n<li><a href=\"https:\/\/news.google.com\/rss\/articles\/CBMitgFBVV95cUxPeXRLTlN5X1hUZ2hDQWF6ZXRvM0tJeWJUcXVRSHZ4N1daWGpsU25QMVFnckFYZlNVd0tWN2Y1MUtDc3NKXzJlcHM1bnozSzVvZ183QUJxUjhkZnAxdEQwS0lRTkp4TlgzanFHVlEyX21mSnJ3WHNJTGI3VTZvX1dQTlZ2bEg3U2dyb1g4UHNSSUZKemdTUTJfM0NTTmZVQ3R4eFl4TVVjS0dEZWExZGpjejh2Rm5oQdIBygFBVV95cUxPVTBvZWZ3WTkza08wUTZCdjEydXN4UVNpXzc3Uko0MF94enFVVnA1Mnh0bEt0RVcwbk5BQi1ydW5TUTdfc0NIRGY4SnNMTUlJQTVEZFRHYTB3WUF1c0NjQksyUDQ4X3prc2ZWUmJEc2hwY2kwbFY2emtmYkRXTVRnbEtyV3Rud2Q1VzdpNFBNR3V3aFg3aWtBRk00REIwTFlWZ09waXhRUVdKbkNNekRzLTJmeExxaDUzaHRGYk5ZRk5LTEkyanlLYU1R?oc=5\" target=\"_blank\" rel=\"nofollow noopener\">Saiko aparece por sorpresa en mitad de la actuaci\u00f3n de Melendi en &#8216;La Velada del A\u00f1o v&#8217;<\/a>&nbsp;&nbsp;LOS40<\/li>\n<\/ol>\n","protected":false},"excerpt":{"rendered":"Melendi luce la camiseta del Real Oviedo ante m\u00e1s de cuatro millones de espectadores: \u00abDesde el norte hasta&hellip;\n","protected":false},"author":2,"featured_media":7822,"comment_status":"","ping_status":"","sticky":false,"template":"","format":"standard","meta":{"footnotes":""},"categories":[91],"tags":[1770,146,147,25,24,4332,5680,185,1796,1945,3302,5116,23],"class_list":{"0":"post-7821","1":"post","2":"type-post","3":"status-publish","4":"format-standard","5":"has-post-thumbnail","7":"category-entretenimiento","8":"tag-asturias","9":"tag-entertainment","10":"tag-entretenimiento","11":"tag-es","12":"tag-espana","13":"tag-ibai-llanos","14":"tag-melendi","15":"tag-musica","16":"tag-oviedo","17":"tag-primera-division","18":"tag-real-oviedo","19":"tag-santi-cazorla","20":"tag-spain"},"share_on_mastodon":{"url":"","error":""},"_links":{"self":[{"href":"https:\/\/www.europesays.com\/es\/wp-json\/wp\/v2\/posts\/7821","targetHints":{"allow":["GET"]}}],"collection":[{"href":"https:\/\/www.europesays.com\/es\/wp-json\/wp\/v2\/posts"}],"about":[{"href":"https:\/\/www.europesays.com\/es\/wp-json\/wp\/v2\/types\/post"}],"author":[{"embeddable":true,"href":"https:\/\/www.europesays.com\/es\/wp-json\/wp\/v2\/users\/2"}],"replies":[{"embeddable":true,"href":"https:\/\/www.europesays.com\/es\/wp-json\/wp\/v2\/comments?post=7821"}],"version-history":[{"count":0,"href":"https:\/\/www.europesays.com\/es\/wp-json\/wp\/v2\/posts\/7821\/revisions"}],"wp:featuredmedia":[{"embeddable":true,"href":"https:\/\/www.europesays.com\/es\/wp-json\/wp\/v2\/media\/7822"}],"wp:attachment":[{"href":"https:\/\/www.europesays.com\/es\/wp-json\/wp\/v2\/media?parent=7821"}],"wp:term":[{"taxonomy":"category","embeddable":true,"href":"https:\/\/www.europesays.com\/es\/wp-json\/wp\/v2\/categories?post=7821"},{"taxonomy":"post_tag","embeddable":true,"href":"https:\/\/www.europesays.com\/es\/wp-json\/wp\/v2\/tags?post=7821"}],"curies":[{"name":"wp","href":"https:\/\/api.w.org\/{rel}","templated":true}]}}