{"id":78297,"date":"2025-08-28T18:10:22","date_gmt":"2025-08-28T18:10:22","guid":{"rendered":"https:\/\/www.europesays.com\/es\/78297\/"},"modified":"2025-08-28T18:10:22","modified_gmt":"2025-08-28T18:10:22","slug":"vestidos-de-ensueno-y-joyas-de-alto-impacto-sobre-la-alfombra-roja","status":"publish","type":"post","link":"https:\/\/www.europesays.com\/es\/78297\/","title":{"rendered":"Vestidos de ensue\u00f1o y joyas de alto impacto sobre la alfombra roja"},"content":{"rendered":"<p id=\"ebgwEfCztw\" data-wc=\"75\">Las miradas de los amantes de la moda y el s\u00e9ptimo arte est\u00e1n puestas estos d\u00edas en la ciudad de los canales, puesto que acaba de dar comienzo la 82\u00aa edici\u00f3n del <a class=\"hm-link\" href=\"https:\/\/www.hola.com\/moda\/20250827852325\/amal-clooney-vestido-amarillo-mantequilla-llegada-festival-venecia\/\" rel=\"noopener nofollow\" target=\"_blank\" data-mrf-recirculation=\"article-body-link\">Festival de Cine de Venecia<\/a>, la muestra de cine m\u00e1s antigua del mundo. Como cada a\u00f1o, <a class=\"hm-link\" href=\"https:\/\/www.hola.com\/moda\/20250827839922\/festival-cine-venecia-alfombra-roja-penelope-cruz-eugenia-silva-vestido-look\/\" rel=\"noopener nofollow\" target=\"_blank\" data-mrf-recirculation=\"article-body-link\">\u00a0la alfombra roja desplegada en el Lido<\/a> se convierte en una glamurosa pasarela por la que desfilan rostros destacados del mundo del cine y de la moda.<\/p>\n<p>112<\/p>\n<p> <img src=\"https:\/\/www.europesays.com\/es\/wp-content\/uploads\/2025\/08\/6020539e2cd3-gettyimages-2232554709.jpg\"   width=\"1080\" height=\"1800\" loading=\"lazy\" decoding=\"async\" alt=\"Emma Stone en el Festival de Venecia\" fetchpriority=\"auto\" class=\"image ho-image\"\/>\u00a9 Getty Images<\/p>\n<p> <img src=\"https:\/\/www.europesays.com\/es\/wp-content\/uploads\/2025\/08\/45975ef9f673-gettyimages-2232554538.jpg\"   width=\"1080\" height=\"1800\" loading=\"lazy\" decoding=\"async\" alt=\"Emma Stone en el Festival de Venecia\" fetchpriority=\"auto\" class=\"image ho-image\"\/>\u00a9 Getty Images<\/p>\n<p> Emma Stone<\/p>\n<p id=\"eHqWdM2Yqy\">Fiel a su estilo delicado y rom\u00e1ntico, ha optado por un vestido de tirante fino, cuerpo entallado y falda larga con sobrefalda globo. Est\u00e1 confeccionado en un precioso tejido empolvado y adornado con aplicaciones de cristales bordadas.<\/p>\n<p>212<\/p>\n<p>  <img src=\"https:\/\/www.europesays.com\/es\/wp-content\/uploads\/2025\/08\/ba8288895f83-gettyimages-2232554387.jpg\"   width=\"682\" height=\"1024\" loading=\"lazy\" decoding=\"async\" alt=\"Media Image\" fetchpriority=\"auto\" class=\"image ho-image\"\/>\u00a9 Getty Images<\/p>\n<p> Alicia Silverstone<\/p>\n<p id=\"e9Wl7_Ykp0o\">La actriz estadounidense ha apostado todo al blanco con un vestido camisero de cuello elevado, manga larga, pu\u00f1o entallado y botonadura frontal oculta que ha acompa\u00f1ado de unas sandalias plateadas con plataforma para mayor comodidad.<\/p>\n<p>312<\/p>\n<p>  <img src=\"https:\/\/www.europesays.com\/es\/wp-content\/uploads\/2025\/08\/619ab02ac63e-gettyimages-2232549917.jpg\"   width=\"682\" height=\"1024\" loading=\"lazy\" decoding=\"async\" alt=\"Noomi Rapace en el Festival de Venecia\" fetchpriority=\"auto\" class=\"image ho-image\"\/>\u00a9 Getty Images<\/p>\n<p> Noomi Rapace<\/p>\n<p id=\"euvJs9ciIQ\">La int\u00e9rprete sueca ha sorprendido con un traje de chaqueta negro compuesto por una camisa blanca, pantal\u00f3n negro acampanado y una original chaqueta cropped\u00a0de la que parte una teatral capa, prenda que le ha dado mucho juego a la hora de posar ante los fot\u00f3grafos.<\/p>\n<p>412<\/p>\n<p>  <img src=\"https:\/\/www.europesays.com\/es\/wp-content\/uploads\/2025\/08\/84be36afb6b1-gettyimages-2232554445.jpg\"   width=\"586\" height=\"1024\" loading=\"lazy\" decoding=\"async\" alt=\"Emanuela Fanelli en el Festival de Venecia\" fetchpriority=\"auto\" class=\"image ho-image\"\/>\u00a9 Getty Images<\/p>\n<p> Emanuela Fanelli<\/p>\n<p id=\"eqb4RnWDGi\">La actriz italiana se ha mimetizado con la alfombra roja gracias a un fabuloso dise\u00f1o de Alberta Ferretti. Es un modelo de cady que deja la espalda al aire e incorpora una capa adornada con bordados en 3D que finaliza en una larga cola.<\/p>\n<p>512<\/p>\n<p>  <img src=\"https:\/\/www.europesays.com\/es\/wp-content\/uploads\/2025\/08\/1b3ae6f71f5a-gettyimages-2232387382.jpg\"   width=\"682\" height=\"1024\" loading=\"lazy\" decoding=\"async\" alt=\"Heidi Klum en el Festival de Venecia\" fetchpriority=\"auto\" class=\"image ho-image\"\/>\u00a9 Getty Images<\/p>\n<p> Heidi Klum<\/p>\n<p id=\"ef5tV1QSjtZ\">La supermodelo alemana es uno de los rostros habituales en esta cita con el cine. En esta ocasi\u00f3n, ha acudido a la inauguraci\u00f3n de la edici\u00f3n junto a su hija, Leni, de la mano de la casa de lencer\u00eda Intimissimi. Heidi ha lucido un cors\u00e9 satinado en tono nude, dise\u00f1o semitransparente que llevaba una sobrefalda drapeada con gran abertura. Ha completado con sandalias Aquazzura y bolso en tono nude, as\u00ed como con una imponente gargantilla de diamantes.<\/p>\n<p>612<\/p>\n<p> <img src=\"https:\/\/www.europesays.com\/es\/wp-content\/uploads\/2025\/08\/10b769726545-gettyimages-2232387957.jpg\"   width=\"1080\" height=\"1800\" loading=\"lazy\" decoding=\"async\" alt=\"Leni Klum en el Festival de Venecia\" fetchpriority=\"auto\" class=\"image ho-image\"\/>\u00a9 Getty Images<\/p>\n<p> <img src=\"https:\/\/www.europesays.com\/es\/wp-content\/uploads\/2025\/08\/3857aa495823-gettyimages-2232387922.jpg\"   width=\"1080\" height=\"1800\" loading=\"lazy\" decoding=\"async\" alt=\"Leni Klum en el Festival de Venecia\" fetchpriority=\"auto\" class=\"image ho-image\"\/>\u00a9 Getty Images<\/p>\n<p> Leni Klum<\/p>\n<p id=\"evn9yM2FdVrg\">Su hija, tambi\u00e9n modelo, ha optado por un look exacto, pero en negro. El cors\u00e9, firmado por la marca italiana, es el mismo que el de su madre. Las sandalias pertenecen a Roger Vivier, concretamente el modelo Marlene Jewel Heel Sandals . La \u00fanica diferencia es que, en su caso, la falda part\u00eda de la cadera de una manera m\u00e1s limpia. Ha destacado tambi\u00e9n el espectacular collar de esmeraldas y diamantes.<\/p>\n<p>712<\/p>\n<p>  <img src=\"https:\/\/www.europesays.com\/es\/wp-content\/uploads\/2025\/08\/763d9743aff7-gettyimages-2232388983.jpg\"   width=\"682\" height=\"1024\" loading=\"lazy\" decoding=\"async\" alt=\"Media Image\" fetchpriority=\"auto\" class=\"image ho-image\"\/>\u00a9 Getty Images<\/p>\n<p> Cate Blanchett<\/p>\n<p id=\"e8OhrZn6G0vl\">La actriz australiana, que participa en La Grazia, ha vuelto a hacer gala de su elegancia innata con un vestido negro, dise\u00f1o satinado de profundo escote en &#8216;V&#8217; y falda larga con volumen en la cadera. Se trata de un dise\u00f1o de Armani Priv\u00e9 que ya llev\u00f3 en los SAG Awards de 2022 y que reafirma, por lo tanto, su compromiso con la sostenibilidad. Ha rematado con piezas de la l\u00ednea de Alta Joyer\u00eda de Louis Vuitton y los stilettos\u00a0Romy\u00a0de Jimmy Choo.\u00a0<\/p>\n<p>812<\/p>\n<p> <img src=\"https:\/\/www.europesays.com\/es\/wp-content\/uploads\/2025\/08\/c06114f24376-gettyimages-2232390050.jpg\"   width=\"1080\" height=\"1800\" loading=\"lazy\" decoding=\"async\" alt=\"Barbara Palvin en el Festival de Venecia\" fetchpriority=\"auto\" class=\"image ho-image\"\/>\u00a9 Getty Images<\/p>\n<p> <img src=\"https:\/\/www.europesays.com\/es\/wp-content\/uploads\/2025\/08\/c825c9a44503-gettyimages-2232387781.jpg\"   width=\"1080\" height=\"1800\" loading=\"lazy\" decoding=\"async\" alt=\"Barbara Palvin en el Festival de Venecia\" fetchpriority=\"auto\" class=\"image ho-image\"\/>\u00a9 Getty Images<\/p>\n<p> Barbara Palvin<\/p>\n<p id=\"evdAO3gtVpye\">La modelo h\u00fangara ha sido otra de las invitadas que ha llevado el estilo lencero a la alfombra roja. Lo ha hecho mediante un look de Intimissimi compuesto por un cors\u00e9 de encaje negro y falda drapeada que enmarca su silueta y cae en una larga cola de efecto vaporoso. Ha rematado con unos salones destalonados bordados de Betsey Johnson.<\/p>\n<p>912<\/p>\n<p>  <img src=\"https:\/\/www.europesays.com\/es\/wp-content\/uploads\/2025\/08\/579311b2e6ce-dlu589787039.jpg\"   width=\"682\" height=\"1024\" loading=\"lazy\" decoding=\"async\" alt=\" Nicol\u00e1s de Dinamarca y Benedikte Thoustroup en el Festival de Venecia\" fetchpriority=\"auto\" class=\"image ho-image\"\/>\u00a9 GTRES<\/p>\n<p> Nicol\u00e1s de Dinamarca y Benedikte Thoustroup<\/p>\n<p id=\"ec0rpG2NhuPL\">Nicol\u00e1s de Monpezat, hijo mayor de Joaqu\u00edn de Dinamarca y modelo de profesi\u00f3n, ha posado junto a su novia, Benedikte Thoustroup. Mientras que \u00e9l ha confiado en la atemporalidad del esmoquin negro de terciopelo con pajarita a juego, ella ha optado por un vestido de corte recto en el mismo color, pieza con escote Bardot decorado con bordados florales en tonos pastel.<\/p>\n<p>1012<\/p>\n<p>  <img src=\"https:\/\/www.europesays.com\/es\/wp-content\/uploads\/2025\/08\/7307748935ca-dlu589787096.jpg\"   width=\"682\" height=\"1024\" loading=\"lazy\" decoding=\"async\" alt=\"Media Image\" fetchpriority=\"auto\" class=\"image ho-image\"\/>\u00a9 GTRES<\/p>\n<p> Tilda Swinton\u00a0<\/p>\n<p id=\"eFJa7r77PTan\">La actriz brit\u00e1nica ha sido otra de las invitadas al estreno de Sorrentino, donde ha destacado con este look que, a priori, parece un sencillo conjunto de camisa blanca y falda negra. Sin embargo se trata de una creaci\u00f3n de <strong>Chanel\u00a0<\/strong>repleta de detalles especiales, como la manga farol, el faj\u00edn o la cintura perfectamente dise\u00f1ada para lograr ese volumen. Tambi\u00e9n las joyas pertenecen a la maison: anillo\u00a0Diamond Sillage\u00a0en oro blanco de 18 quilates y diamantes, y anillo Tweed Brod\u00e9\u00a0en oro blanco de 18 quilates y diamantes, ambos de Chanel High Jewelry.<\/p>\n<p>1112<\/p>\n<p>  <img src=\"https:\/\/www.europesays.com\/es\/wp-content\/uploads\/2025\/08\/7db00862ff90-gettyimages-2232387531.jpg\"   width=\"682\" height=\"1024\" loading=\"lazy\" decoding=\"async\" alt=\"Claire Holt en el Festival de Venecia\" fetchpriority=\"auto\" class=\"image ho-image\"\/>\u00a9 Getty Images<\/p>\n<p> Claire Holt<\/p>\n<p id=\"eaSvrL_t3hDO\">La actriz australiana ha escogido un look burdeos en clave lencera, estilismo de encaje y transparencias con falda satinada que ha acompa\u00f1ado de una gargantilla compuesta por tres vueltas de diamantes y una gran piedra central. Para completar, sandalias de Aquazzura.<\/p>\n<p>1212<\/p>\n<p id=\"etSYGuOwYS69\">\u00a0<\/p>\n<p>  <img src=\"https:\/\/www.europesays.com\/es\/wp-content\/uploads\/2025\/08\/f78fe3d9e2cf-gettyimages-2232386622.jpg\"   width=\"682\" height=\"1024\" loading=\"lazy\" decoding=\"async\" alt=\"Paola Turani en el Festival de Venecia\" fetchpriority=\"auto\" class=\"image ho-image\"\/>\u00a9 Getty Images<\/p>\n<p> Paola Turani<\/p>\n<p id=\"edMUlYf5DdwG\">La influencer\u00a0italiana se ha marcado &#8216;un Pataky&#8217; sobre la alfombra con un vestido del mismo tono rojo, una creaci\u00f3n de escote halter\u00a0con detalles negros que deja la espalda al descubierto.<\/p>\n","protected":false},"excerpt":{"rendered":"Las miradas de los amantes de la moda y el s\u00e9ptimo arte est\u00e1n puestas estos d\u00edas en la&hellip;\n","protected":false},"author":2,"featured_media":78298,"comment_status":"","ping_status":"","sticky":false,"template":"","format":"standard","meta":{"footnotes":""},"categories":[91],"tags":[1024,146,147,25,24,30062,1023,23],"class_list":{"0":"post-78297","1":"post","2":"type-post","3":"status-publish","4":"format-standard","5":"has-post-thumbnail","7":"category-entretenimiento","8":"tag-actualidad-moda","9":"tag-entertainment","10":"tag-entretenimiento","11":"tag-es","12":"tag-espana","13":"tag-festival-de-san-sebastian","14":"tag-moda","15":"tag-spain"},"share_on_mastodon":{"url":"","error":""},"_links":{"self":[{"href":"https:\/\/www.europesays.com\/es\/wp-json\/wp\/v2\/posts\/78297","targetHints":{"allow":["GET"]}}],"collection":[{"href":"https:\/\/www.europesays.com\/es\/wp-json\/wp\/v2\/posts"}],"about":[{"href":"https:\/\/www.europesays.com\/es\/wp-json\/wp\/v2\/types\/post"}],"author":[{"embeddable":true,"href":"https:\/\/www.europesays.com\/es\/wp-json\/wp\/v2\/users\/2"}],"replies":[{"embeddable":true,"href":"https:\/\/www.europesays.com\/es\/wp-json\/wp\/v2\/comments?post=78297"}],"version-history":[{"count":0,"href":"https:\/\/www.europesays.com\/es\/wp-json\/wp\/v2\/posts\/78297\/revisions"}],"wp:featuredmedia":[{"embeddable":true,"href":"https:\/\/www.europesays.com\/es\/wp-json\/wp\/v2\/media\/78298"}],"wp:attachment":[{"href":"https:\/\/www.europesays.com\/es\/wp-json\/wp\/v2\/media?parent=78297"}],"wp:term":[{"taxonomy":"category","embeddable":true,"href":"https:\/\/www.europesays.com\/es\/wp-json\/wp\/v2\/categories?post=78297"},{"taxonomy":"post_tag","embeddable":true,"href":"https:\/\/www.europesays.com\/es\/wp-json\/wp\/v2\/tags?post=78297"}],"curies":[{"name":"wp","href":"https:\/\/api.w.org\/{rel}","templated":true}]}}