{"id":78405,"date":"2025-08-28T19:52:14","date_gmt":"2025-08-28T19:52:14","guid":{"rendered":"https:\/\/www.europesays.com\/es\/78405\/"},"modified":"2025-08-28T19:52:14","modified_gmt":"2025-08-28T19:52:14","slug":"casa-flamboyanes-41-estudio-mazara","status":"publish","type":"post","link":"https:\/\/www.europesays.com\/es\/78405\/","title":{"rendered":"Casa Flamboyanes 41 \/ Estudio Mazara"},"content":{"rendered":"<p><a class=\"js-image-size__link \" href=\"https:\/\/www.archdaily.cl\/cl\/1033511\/casa-flamboyanes-41-estudio-mazara\/68aeeb765ca4ca0189298742-casa-flamboyanes-41-estudio-mazara-foto\" rel=\"attachment nofollow noopener\" style=\"width: 100%; height: 100%;\" target=\"_blank\"><img decoding=\"async\" alt=\"Casa Flamboyanes 41 \/ Estudio Mazara - Fotograf\u00eda exterior, Concreto\" data-nr-picture-id=\"68aeeb765ca4ca0189298742\" fetchpriority=\"high\" height=\"426\" itemprop=\"image\" loading=\"eager\" longdesc=\"https:\/\/www.archdaily.cl\/cl\/1033511\/casa-flamboyanes-41-estudio-mazara\/68aeeb765ca4ca0189298742-casa-flamboyanes-41-estudio-mazara-foto\" src=\"https:\/\/www.europesays.com\/es\/wp-content\/uploads\/2025\/08\/casa-flamboyanes-41-estudio-mazara_29.jpg\" style=\"min-height: var(--featured-height, auto); aspect-ratio: auto 640 \/ 426\" width=\"640\"\/><\/a>\u00a9 Victor Stonem<\/p>\n<p class=\"thumbs afd-desktop-e clearfix\"><a class=\"thumbs__link\" data-nr-picture-id=\"68aeeb8eeaf62b017e2c3fee\" href=\"https:\/\/www.archdaily.cl\/cl\/1033511\/casa-flamboyanes-41-estudio-mazara\/68aeeb8eeaf62b017e2c3fee-casa-flamboyanes-41-estudio-mazara-foto\" rel=\"attachment nofollow noopener\" target=\"_blank\"><img loading=\"lazy\" decoding=\"async\" alt=\"Casa Flamboyanes 41 \/ Estudio Mazara - Imagen 2 de 27\" class=\"thumbs__img b-lazy\" data-nr-picture-id=\"68aeeb8eeaf62b017e2c3fee\" data-pin-nopin=\"true\" src=\"https:\/\/www.europesays.com\/es\/wp-content\/uploads\/2025\/08\/casa-flamboyanes-41-estudio-mazara_16.jpg\" height=\"125\" longdesc=\"https:\/\/www.archdaily.cl\/cl\/1033511\/casa-flamboyanes-41-estudio-mazara\/68aeeb8eeaf62b017e2c3fee-casa-flamboyanes-41-estudio-mazara-foto\" title=\"\u00a9 Victor Stonem\" width=\"125\"\/><\/a><a class=\"thumbs__link\" data-nr-picture-id=\"68aeeb7cfe17770189a5dc52\" href=\"https:\/\/www.archdaily.cl\/cl\/1033511\/casa-flamboyanes-41-estudio-mazara\/68aeeb7cfe17770189a5dc52-casa-flamboyanes-41-estudio-mazara-foto\" rel=\"attachment nofollow noopener\" target=\"_blank\"><img loading=\"lazy\" decoding=\"async\" alt=\"Casa Flamboyanes 41 \/ Estudio Mazara - Imagen 3 de 27\" class=\"thumbs__img b-lazy\" data-nr-picture-id=\"68aeeb7cfe17770189a5dc52\" data-pin-nopin=\"true\" src=\"https:\/\/www.europesays.com\/es\/wp-content\/uploads\/2025\/08\/casa-flamboyanes-41-estudio-mazara_26.jpg\" height=\"125\" longdesc=\"https:\/\/www.archdaily.cl\/cl\/1033511\/casa-flamboyanes-41-estudio-mazara\/68aeeb7cfe17770189a5dc52-casa-flamboyanes-41-estudio-mazara-foto\" title=\"\u00a9 Victor Stonem\" width=\"125\"\/><\/a><a class=\"thumbs__link\" data-nr-picture-id=\"68aeeb835ca4ca0189298748\" href=\"https:\/\/www.archdaily.cl\/cl\/1033511\/casa-flamboyanes-41-estudio-mazara\/68aeeb835ca4ca0189298748-casa-flamboyanes-41-estudio-mazara-foto\" rel=\"attachment nofollow noopener\" target=\"_blank\"><img loading=\"lazy\" decoding=\"async\" alt=\"Casa Flamboyanes 41 \/ Estudio Mazara - Imagen 4 de 27\" class=\"thumbs__img b-lazy\" data-nr-picture-id=\"68aeeb835ca4ca0189298748\" data-pin-nopin=\"true\" src=\"https:\/\/www.europesays.com\/es\/wp-content\/uploads\/2025\/08\/casa-flamboyanes-41-estudio-mazara_23.jpg\" height=\"125\" longdesc=\"https:\/\/www.archdaily.cl\/cl\/1033511\/casa-flamboyanes-41-estudio-mazara\/68aeeb835ca4ca0189298748-casa-flamboyanes-41-estudio-mazara-foto\" title=\"\u00a9 Victor Stonem\" width=\"125\"\/><\/a><a class=\"thumbs__link\" data-nr-picture-id=\"68aeeb715ca4ca0189298741\" href=\"https:\/\/www.archdaily.cl\/cl\/1033511\/casa-flamboyanes-41-estudio-mazara\/68aeeb715ca4ca0189298741-casa-flamboyanes-41-estudio-mazara-foto\" rel=\"attachment nofollow noopener\" target=\"_blank\"><img loading=\"lazy\" decoding=\"async\" alt=\"Casa Flamboyanes 41 \/ Estudio Mazara - Imagen 5 de 27\" class=\"thumbs__img b-lazy\" data-nr-picture-id=\"68aeeb715ca4ca0189298741\" data-pin-nopin=\"true\" src=\"https:\/\/www.europesays.com\/es\/wp-content\/uploads\/2025\/08\/casa-flamboyanes-41-estudio-mazara_27.jpg\" height=\"125\" longdesc=\"https:\/\/www.archdaily.cl\/cl\/1033511\/casa-flamboyanes-41-estudio-mazara\/68aeeb715ca4ca0189298741-casa-flamboyanes-41-estudio-mazara-foto\" title=\"\u00a9 Victor Stonem\" width=\"125\"\/><\/a><a class=\"gallery-link afd-desktop-e\" href=\"https:\/\/www.archdaily.cl\/cl\/1033511\/casa-flamboyanes-41-estudio-mazara\/68aeeb765ca4ca0189298742-casa-flamboyanes-41-estudio-mazara-foto\" rel=\"nofollow noopener\" target=\"_blank\"><img decoding=\"async\" alt=\"Casa Flamboyanes 41 \/ Estudio Mazara - M\u00e1s Im\u00e1genes\" class=\"thumbs__img b-lazy\" src=\"https:\/\/www.europesays.com\/es\/wp-content\/uploads\/2025\/08\/casa-flamboyanes-41-estudio-mazara_29.jpg\" itemprop=\"image\" bad-src=\"data:image\/gif;base64,R0lGODlhAQABAIAAAAUEBAAAACwAAAAAAQABAAACAkQBADs=\"\/>+ 22<\/a><\/p>\n<p>    Compartir<\/p>\n<p>Compartir<\/p>\n<ul class=\"afd-share__networks clearfix\">\n<li class=\"afd-share__social\"><a aria-label=\"Facebook\" class=\"afd-share__button\" data-insights-category=\"share\" data-insights-label=\"facebook_sharing_options\" data-insights-value=\"1033511\" data-social=\"facebook\" href=\"https:\/\/www.facebook.com\/sharer\/sharer.php?u=https:\/\/www.archdaily.cl\/cl\/1033511\/casa-flamboyanes-41-estudio-mazara\" rel=\"nofollow noopener\" target=\"_blank\"><\/a>\n<p>Facebook<\/p>\n<\/li>\n<li class=\"afd-share__social\"><a aria-label=\"Twitter\" class=\"afd-share__button\" data-insights-category=\"share\" data-insights-label=\"twitter_sharing_options\" data-insights-value=\"1033511\" data-social=\"twitter\" href=\"https:\/\/twitter.com\/intent\/tweet?text=Casa%20Flamboyanes%2041%20%2F%20Estudio%20Mazara&amp;url=https:\/\/www.archdaily.cl\/cl\/1033511\/casa-flamboyanes-41-estudio-mazara&amp;via=parq\" rel=\"nofollow noopener\" target=\"_blank\"><\/a>\n<p>Twitter<\/p>\n<\/li>\n<li class=\"afd-share__social\"><a class=\"afd-share__button\" data-insights-category=\"share\" data-insights-label=\"email_sharing_options\" data-insights-value=\"1033511\" data-social=\"email\" href=\"mailto:?subject=Casa Flamboyanes 41 \/ Estudio Mazara&amp;body=https:\/\/www.archdaily.cl\/cl\/1033511\/casa-flamboyanes-41-estudio-mazara\"><\/a>\n<p>Mail<\/p>\n<\/li>\n<li class=\"afd-share__social\"><a aria-label=\"Pinterest\" class=\"afd-share__button\" data-insights-category=\"share\" data-insights-label=\"pinterest_sharing_options\" data-insights-value=\"1033511\" data-social=\"pinterest\" href=\"https:\/\/pinterest.com\/pin\/create\/button\/?url=https%3A%2F%2Fwww.archdaily.cl%2Fcl%2F1033511%2Fcasa-flamboyanes-41-estudio-mazara&amp;media=https%3A%2F%2Fimages.adsttc.com%2Fmedia%2Fimages%2F68ae%2Feb76%2F5ca4%2Fca01%2F8929%2F8742%2Flarge_jpg%2Fcasa-flamboyanes-41-estudio-mazara_29.jpg%3F1756294009&amp;description=Casa%20Flamboyanes%2041%20%2F%20Estudio%20Mazara\" rel=\"nofollow noopener\" target=\"_blank\"><\/a>\n<p>Pinterest<\/p>\n<\/li>\n<li class=\"afd-share__social\"><a aria-label=\"Whatsapp\" class=\"afd-share__button\" data-action=\"share\/whatsapp\/share\" data-insights-category=\"share\" data-insights-label=\"whatsapp_sharing_options\" data-insights-value=\"1033511\" data-social=\"whatsapp\" href=\"whatsapp:\/\/send?text=Casa+Flamboyanes+41+%2F+Estudio+Mazara+%7C+https%3A%2F%2Fwww.archdaily.cl%2Fcl%2F1033511%2Fcasa-flamboyanes-41-estudio-mazara%3Futm_source%3DWhatsapp%26utm_medium%3DIM%26utm_campaign%3Dshare-button\" rel=\"nofollow\"><\/a>\n<p>Whatsapp<\/p>\n<\/li>\n<\/ul>\n<p>O<\/p>\n<p>https:\/\/www.archdaily.cl\/cl\/1033511\/casa-flamboyanes-41-estudio-mazara<\/p>\n<p>  Portapapeles<\/p>\n<p>              \u00abCOPY\u00bb<\/p>\n<p>Copiar<\/p>\n<ul class=\"afd-char-list afd-specs__item-container js-char-list\">\n<li class=\"afd-specs__item\">\n<\/li>\n<li class=\"afd-specs__item\">\n  \u00c1rea<br \/>\n  \u00c1rea del proyecto de arquitectura <\/p>\n<p>\u00c1rea:\u00a0<br \/>\n        <a href=\"https:\/\/www.archdaily.cl\/search\/cl\/projects\/min_area\/360\/max_area\/540?ad_name=project-specs&amp;ad_medium=single\" rel=\"nofollow noopener\" target=\"_blank\">450<\/a> m\u00b2<\/li>\n<li class=\"afd-specs__item\">\n<p>  A\u00f1o<br \/>\n  A\u00f1o del Proyecto de arquitectura<\/p>\n<p>            A\u00f1o:\u00a0<\/p>\n<p>                    <a href=\"https:\/\/www.archdaily.cl\/search\/cl\/projects\/year\/2024?ad_name=project-specs&amp;ad_medium=single\" rel=\"nofollow noopener\" target=\"_blank\"><br \/>\n          2024<br \/>\n        <\/a><\/p>\n<\/li>\n<li class=\"afd-specs__item\">\n<p>  Fot\u00f3grafos<\/p>\n<\/li>\n<\/ul>\n<p><a class=\"js-image-size__link lazy-anchor\" href=\"https:\/\/www.archdaily.cl\/cl\/1033511\/casa-flamboyanes-41-estudio-mazara\/68aeeb76eaf62b017e2c3fe4-casa-flamboyanes-41-estudio-mazara-foto\" rel=\"nofollow noopener\" target=\"_blank\"><img decoding=\"async\" alt=\"Casa Flamboyanes 41 \/ Estudio Mazara - Imagen 8 de 27\" data-nr-picture-id=\"68aeeb76eaf62b017e2c3fe4\" height=\"427\" itemprop=\"image\" loading=\"lazy\" longdesc=\"https:\/\/www.archdaily.cl\/cl\/1033511\/casa-flamboyanes-41-estudio-mazara\/68aeeb76eaf62b017e2c3fe4-casa-flamboyanes-41-estudio-mazara-foto\" src=\"https:\/\/www.europesays.com\/es\/wp-content\/uploads\/2025\/08\/casa-flamboyanes-41-estudio-mazara_30.jpg\" width=\"640\"\/>\u00a9 Victor Stonem<\/a><\/p>\n<p>Descripci\u00f3n enviada por el equipo del proyecto. Como <strong>un objeto silencioso asentado en los tr\u00f3picos, Flamboyanes 41 se revela a trav\u00e9s de l\u00edneas puras y largas sombras.<\/strong> Esta residencia de 450 metros cuadrados, ubicada en <a href=\"https:\/\/www.archdaily.cl\/cl\/tag\/la-romana\" rel=\"nofollow noopener\" target=\"_blank\">La Romana<\/a>, naci\u00f3 de la intenci\u00f3n de esculpir un refugio que dialogue sutilmente con su entorno natural sin imponerse sobre \u00e9l.<\/p>\n<p><a class=\"js-image-size__link lazy-anchor\" href=\"https:\/\/www.archdaily.cl\/cl\/1033511\/casa-flamboyanes-41-estudio-mazara\/68aeeb7cfe17770189a5dc52-casa-flamboyanes-41-estudio-mazara-foto\" rel=\"nofollow noopener\" target=\"_blank\"><img decoding=\"async\" alt=\"Casa Flamboyanes 41 \/ Estudio Mazara - Imagen 3 de 27\" data-nr-picture-id=\"68aeeb7cfe17770189a5dc52\" height=\"427\" itemprop=\"image\" loading=\"lazy\" longdesc=\"https:\/\/www.archdaily.cl\/cl\/1033511\/casa-flamboyanes-41-estudio-mazara\/68aeeb7cfe17770189a5dc52-casa-flamboyanes-41-estudio-mazara-foto\" src=\"https:\/\/www.europesays.com\/es\/wp-content\/uploads\/2025\/08\/1756410734_774_casa-flamboyanes-41-estudio-mazara_26.jpg\" width=\"640\"\/>\u00a9 Victor Stonem<\/a><a class=\"js-image-size__link lazy-anchor\" href=\"https:\/\/www.archdaily.cl\/cl\/1033511\/casa-flamboyanes-41-estudio-mazara\/68aeeb835ca4ca0189298748-casa-flamboyanes-41-estudio-mazara-foto\" rel=\"nofollow noopener\" target=\"_blank\"><img decoding=\"async\" alt=\"Casa Flamboyanes 41 \/ Estudio Mazara - Imagen 4 de 27\" data-nr-picture-id=\"68aeeb835ca4ca0189298748\" height=\"427\" itemprop=\"image\" loading=\"lazy\" longdesc=\"https:\/\/www.archdaily.cl\/cl\/1033511\/casa-flamboyanes-41-estudio-mazara\/68aeeb835ca4ca0189298748-casa-flamboyanes-41-estudio-mazara-foto\" src=\"https:\/\/www.europesays.com\/es\/wp-content\/uploads\/2025\/08\/1756410734_547_casa-flamboyanes-41-estudio-mazara_23.jpg\" width=\"640\"\/>\u00a9 Victor Stonem<\/a><\/p>\n<p data-start=\"407\" data-end=\"748\">La arquitectura se despliega como un gesto contenido: muros s\u00f3lidos definen su geometr\u00eda, las aberturas enmarcan fragmentos del paisaje, y planos horizontales invitan a la quietud y a la contemplaci\u00f3n. El juego entre masa y vac\u00edo, luz y sombra, permite que cada espacio se sienta sereno, \u00edntimo y profundamente conectado con el exterior.<\/p>\n<p><a class=\"js-image-size__link lazy-anchor\" href=\"https:\/\/www.archdaily.cl\/cl\/1033511\/casa-flamboyanes-41-estudio-mazara\/68aeeb81fe17770189a5dc53-casa-flamboyanes-41-estudio-mazara-foto\" rel=\"nofollow noopener\" target=\"_blank\"><img decoding=\"async\" alt=\"Casa Flamboyanes 41 \/ Estudio Mazara - Imagen 16 de 27\" data-nr-picture-id=\"68aeeb81fe17770189a5dc53\" height=\"427\" itemprop=\"image\" loading=\"lazy\" longdesc=\"https:\/\/www.archdaily.cl\/cl\/1033511\/casa-flamboyanes-41-estudio-mazara\/68aeeb81fe17770189a5dc53-casa-flamboyanes-41-estudio-mazara-foto\" src=\"https:\/\/www.europesays.com\/es\/wp-content\/uploads\/2025\/08\/casa-flamboyanes-41-estudio-mazara_5.jpg\" width=\"640\"\/>\u00a9 Victor Stonem<\/a><a class=\"js-image-size__link lazy-anchor\" href=\"https:\/\/www.archdaily.cl\/cl\/1033511\/casa-flamboyanes-41-estudio-mazara\/68aeeb77eaf62b017e2c3fe5-casa-flamboyanes-41-estudio-mazara-foto\" rel=\"nofollow noopener\" target=\"_blank\"><img decoding=\"async\" alt=\"Casa Flamboyanes 41 \/ Estudio Mazara - Fotograf\u00eda interior, Concreto\" data-nr-picture-id=\"68aeeb77eaf62b017e2c3fe5\" height=\"427\" itemprop=\"image\" loading=\"lazy\" longdesc=\"https:\/\/www.archdaily.cl\/cl\/1033511\/casa-flamboyanes-41-estudio-mazara\/68aeeb77eaf62b017e2c3fe5-casa-flamboyanes-41-estudio-mazara-foto\" src=\"https:\/\/www.europesays.com\/es\/wp-content\/uploads\/2025\/08\/casa-flamboyanes-41-estudio-mazara_1.jpg\" width=\"640\"\/>\u00a9 Victor Stonem<\/a><a class=\"js-image-size__link lazy-anchor\" href=\"https:\/\/www.archdaily.cl\/cl\/1033511\/casa-flamboyanes-41-estudio-mazara\/68aeeb8ceaf62b03fa1120e2-casa-flamboyanes-41-estudio-mazara-foto\" rel=\"nofollow noopener\" target=\"_blank\"><img decoding=\"async\" alt=\"Casa Flamboyanes 41 \/ Estudio Mazara - Imagen 12 de 27\" data-nr-picture-id=\"68aeeb8ceaf62b03fa1120e2\" height=\"427\" itemprop=\"image\" loading=\"lazy\" longdesc=\"https:\/\/www.archdaily.cl\/cl\/1033511\/casa-flamboyanes-41-estudio-mazara\/68aeeb8ceaf62b03fa1120e2-casa-flamboyanes-41-estudio-mazara-foto\" src=\"https:\/\/www.europesays.com\/es\/wp-content\/uploads\/2025\/08\/casa-flamboyanes-41-estudio-mazara_25.jpg\" width=\"640\"\/>\u00a9 Victor Stonem<\/a><\/p>\n<p data-start=\"750\" data-end=\"1147\">El proyecto propone una fusi\u00f3n fluida entre lo construido y lo natural. <strong>La piscina se convierte en espejo del cielo caribe\u00f1o; las palmeras, integradas en los recorridos, perforan el pavimento como columnas vivas; la brisa, guiada por la disposici\u00f3n espacial, refresca el interior sin necesidad de artificios. Aqu\u00ed, los tr\u00f3picos no son solo tel\u00f3n de fondo, sino materia, atm\u00f3sfera y estructura.<\/strong><\/p>\n<p><a class=\"js-image-size__link lazy-anchor\" href=\"https:\/\/www.archdaily.cl\/cl\/1033511\/casa-flamboyanes-41-estudio-mazara\/68aeeb83eaf62b017e2c3fe8-casa-flamboyanes-41-estudio-mazara-foto\" rel=\"nofollow noopener\" target=\"_blank\"><img decoding=\"async\" alt=\"Casa Flamboyanes 41 \/ Estudio Mazara - Imagen 18 de 27\" data-nr-picture-id=\"68aeeb83eaf62b017e2c3fe8\" height=\"427\" itemprop=\"image\" loading=\"lazy\" longdesc=\"https:\/\/www.archdaily.cl\/cl\/1033511\/casa-flamboyanes-41-estudio-mazara\/68aeeb83eaf62b017e2c3fe8-casa-flamboyanes-41-estudio-mazara-foto\" src=\"https:\/\/www.europesays.com\/es\/wp-content\/uploads\/2025\/08\/casa-flamboyanes-41-estudio-mazara_33.jpg\" width=\"640\"\/>\u00a9 Victor Stonem<\/a><\/p>\n<p data-start=\"1149\" data-end=\"1377\">Flamboyanes 41 no busca dominar, sino perdurar. Es una obra pensada no solo para ser contemplada, sino <strong>para ser habitada lentamente: un hogar que ofrece a sus ocupantes el raro lujo de desvanecerse, a veces, en el paisaje.<\/strong><\/p>\n<p><a class=\"js-image-size__link lazy-anchor\" href=\"https:\/\/www.archdaily.cl\/cl\/1033511\/casa-flamboyanes-41-estudio-mazara\/68aeeb715ca4ca0189298741-casa-flamboyanes-41-estudio-mazara-foto\" rel=\"nofollow noopener\" target=\"_blank\"><img decoding=\"async\" alt=\"Casa Flamboyanes 41 \/ Estudio Mazara - Imagen 5 de 27\" data-nr-picture-id=\"68aeeb715ca4ca0189298741\" height=\"427\" itemprop=\"image\" loading=\"lazy\" longdesc=\"https:\/\/www.archdaily.cl\/cl\/1033511\/casa-flamboyanes-41-estudio-mazara\/68aeeb715ca4ca0189298741-casa-flamboyanes-41-estudio-mazara-foto\" src=\"https:\/\/www.europesays.com\/es\/wp-content\/uploads\/2025\/08\/1756410734_605_casa-flamboyanes-41-estudio-mazara_27.jpg\" width=\"640\"\/>\u00a9 Victor Stonem<\/a><script async src=\"https:\/\/platform.twitter.com\/widgets.js\" charset=\"utf-8\"><\/script><\/p>\n","protected":false},"excerpt":{"rendered":"\u00a9 Victor Stonem + 22 Compartir Compartir Facebook Twitter Mail Pinterest Whatsapp O https:\/\/www.archdaily.cl\/cl\/1033511\/casa-flamboyanes-41-estudio-mazara Portapapeles \u00abCOPY\u00bb Copiar \u00c1rea&hellip;\n","protected":false},"author":2,"featured_media":78406,"comment_status":"","ping_status":"","sticky":false,"template":"","format":"standard","meta":{"footnotes":""},"categories":[173],"tags":[801,802,229,233,231,230,3738,232,234,146,147,25,24,30099,23],"class_list":{"0":"post-78405","1":"post","2":"type-post","3":"status-publish","4":"format-standard","5":"has-post-thumbnail","7":"category-arte-y-diseno","8":"tag-arquitectura","9":"tag-arquitectura-residencial","10":"tag-arte","11":"tag-arte-y-diseno","12":"tag-arts","13":"tag-arts-and-design","14":"tag-casas","15":"tag-design","16":"tag-diseno","17":"tag-entertainment","18":"tag-entretenimiento","19":"tag-es","20":"tag-espana","21":"tag-la-romana","22":"tag-spain"},"share_on_mastodon":{"url":"","error":""},"_links":{"self":[{"href":"https:\/\/www.europesays.com\/es\/wp-json\/wp\/v2\/posts\/78405","targetHints":{"allow":["GET"]}}],"collection":[{"href":"https:\/\/www.europesays.com\/es\/wp-json\/wp\/v2\/posts"}],"about":[{"href":"https:\/\/www.europesays.com\/es\/wp-json\/wp\/v2\/types\/post"}],"author":[{"embeddable":true,"href":"https:\/\/www.europesays.com\/es\/wp-json\/wp\/v2\/users\/2"}],"replies":[{"embeddable":true,"href":"https:\/\/www.europesays.com\/es\/wp-json\/wp\/v2\/comments?post=78405"}],"version-history":[{"count":0,"href":"https:\/\/www.europesays.com\/es\/wp-json\/wp\/v2\/posts\/78405\/revisions"}],"wp:featuredmedia":[{"embeddable":true,"href":"https:\/\/www.europesays.com\/es\/wp-json\/wp\/v2\/media\/78406"}],"wp:attachment":[{"href":"https:\/\/www.europesays.com\/es\/wp-json\/wp\/v2\/media?parent=78405"}],"wp:term":[{"taxonomy":"category","embeddable":true,"href":"https:\/\/www.europesays.com\/es\/wp-json\/wp\/v2\/categories?post=78405"},{"taxonomy":"post_tag","embeddable":true,"href":"https:\/\/www.europesays.com\/es\/wp-json\/wp\/v2\/tags?post=78405"}],"curies":[{"name":"wp","href":"https:\/\/api.w.org\/{rel}","templated":true}]}}