{"id":78525,"date":"2025-08-28T21:30:25","date_gmt":"2025-08-28T21:30:25","guid":{"rendered":"https:\/\/www.europesays.com\/es\/78525\/"},"modified":"2025-08-28T21:30:25","modified_gmt":"2025-08-28T21:30:25","slug":"siendo-dificiles-ambas-opciones-es-mas-factible-guido-que-ceballos","status":"publish","type":"post","link":"https:\/\/www.europesays.com\/es\/78525\/","title":{"rendered":"\u00abSiendo dif\u00edciles ambas opciones, es m\u00e1s factible Guido que Ceballos\u00bb"},"content":{"rendered":"<p><a href=\"https:\/\/www.abc.es\/podcast\/contragolpe-palmera\/contragolpe-20250425101931-auds.html\" class=\"voc-img-link\" title=\"El Contragolpe: \u00abPase lo que pase de aqu\u00ed al final, la temporada es hist\u00f3rica\u00bb\" rel=\"nofollow noopener\" target=\"_blank\"><br \/>\n<img decoding=\"async\" loading=\"lazy\" src=\"https:\/\/www.europesays.com\/es\/wp-content\/uploads\/2025\/08\/contra-palmera-cuadrada-RDpsrXNpW4KLBf4vw2g27sL-80x80@diario_abc.jpg\" class=\"voc-img\" alt=\"El Contragolpe: \u00abPase lo que pase de aqu\u00ed al final, la temporada es hist\u00f3rica\u00bb\" width=\"80\" height=\"80\"\/><\/p>\n<p><\/a><\/p>\n<p class=\"voc-p\">Despu\u00e9s de cada jornada, en Al final de la Palmera, espacio para la tertulia desenfadada y el an\u00e1lisis de los redactores de ABC de Sevilla<\/p>\n<p><a href=\"https:\/\/www.abc.es\/podcast\/contragolpe-palmera\/contragolpe-20250425101931-auds.html\" class=\"voc-btn\" rel=\"nofollow noopener\" target=\"_blank\">Ir al episodio<\/a><\/p>\n<p><a href=\"https:\/\/www.abc.es\/podcast\/contragolpe-palmera\/contragolpe-vez-veo-goles-celso-antony-quedo-20250505121447-auds.html\" class=\"voc-img-link\" title=\"El Contragolpe: \u00abCada vez que veo los goles de Lo Celso y Antony me quedo con uno distinto\u00bb\" rel=\"nofollow noopener\" target=\"_blank\"><br \/>\n<img decoding=\"async\" loading=\"lazy\" src=\"https:\/\/www.europesays.com\/es\/wp-content\/uploads\/2025\/08\/contra-palmera-cuadrada-U12804542800YYR-80x80@diario_abc.jpg\" class=\"voc-img\" alt=\"El Contragolpe: \u00abCada vez que veo los goles de Lo Celso y Antony me quedo con uno distinto\u00bb\" width=\"80\" height=\"80\"\/><\/p>\n<p><\/a><\/p>\n<p class=\"voc-p\">Despu\u00e9s de cada jornada, en Al final de la Palmera, espacio para la tertulia desenfadada y el an\u00e1lisis de los redactores de ABC de Sevilla<\/p>\n<p><a href=\"https:\/\/www.abc.es\/podcast\/contragolpe-palmera\/contragolpe-vez-veo-goles-celso-antony-quedo-20250505121447-auds.html\" class=\"voc-btn\" rel=\"nofollow noopener\" target=\"_blank\">Ir al episodio<\/a><\/p>\n<p><a href=\"https:\/\/www.abc.es\/podcast\/contragolpe-palmera\/contragolpe-falta-gasolina-champions-complica-imposible-20250512120844-auds.html\" class=\"voc-img-link\" title=\"El Contragolpe: \u00abFalta algo de gasolina y la Champions se complica aunque no es imposible\u00bb\" rel=\"nofollow noopener\" target=\"_blank\"><br \/>\n<img decoding=\"async\" loading=\"lazy\" src=\"https:\/\/s3.abcstatics.com\/abc\/www\/multimedia\/podcast\/2025\/05\/12\/contra-palmera-cuadrada-U52820811232wXh-80x80@diario_abc.jpg\" class=\"voc-img\" alt=\"El Contragolpe: \u00abFalta algo de gasolina y la Champions se complica aunque no es imposible\u00bb\" width=\"80\" height=\"80\"\/><\/p>\n<p><\/a><\/p>\n<p class=\"voc-p\">Despu\u00e9s de cada jornada, en Al final de la Palmera, espacio para la tertulia desenfadada y el an\u00e1lisis de los redactores de ABC de Sevilla<\/p>\n<p><a href=\"https:\/\/www.abc.es\/podcast\/contragolpe-palmera\/contragolpe-falta-gasolina-champions-complica-imposible-20250512120844-auds.html\" class=\"voc-btn\" rel=\"nofollow noopener\" target=\"_blank\">Ir al episodio<\/a><\/p>\n<p><a href=\"https:\/\/www.abc.es\/podcast\/contragolpe-palmera\/contragolpe-pase-pase-final-temporada-sobresaliente-20250516114626-auds.html\" class=\"voc-img-link\" title=\"El Contragolpe: \u00abPase lo que pase en la final, la temporada es de sobresaliente\u00bb\" rel=\"nofollow noopener\" target=\"_blank\"><br \/>\n<img decoding=\"async\" loading=\"lazy\" src=\"https:\/\/s3.abcstatics.com\/abc\/www\/multimedia\/podcast\/2025\/05\/16\/contragolpe-palmera-vertical-U32184003482BVd-80x80@diario_abc.jpg\" class=\"voc-img\" alt=\"El Contragolpe: \u00abPase lo que pase en la final, la temporada es de sobresaliente\u00bb\" width=\"80\" height=\"80\"\/><\/p>\n<p><\/a><\/p>\n<p class=\"voc-p\">Despu\u00e9s de cada jornada, en Al final de la Palmera, espacio para la tertulia desenfadada y el an\u00e1lisis de los redactores de ABC de Sevilla<\/p>\n<p><a href=\"https:\/\/www.abc.es\/podcast\/contragolpe-palmera\/contragolpe-pase-pase-final-temporada-sobresaliente-20250516114626-auds.html\" class=\"voc-btn\" rel=\"nofollow noopener\" target=\"_blank\">Ir al episodio<\/a><\/p>\n<p><a href=\"https:\/\/www.abc.es\/podcast\/contragolpe-palmera\/contragolpe-daba-sensacion-partido-sobraba-20250519113919-auds.html\" class=\"voc-img-link\" title=\"El Contragolpe: \u00abDaba la sensaci\u00f3n de que el partido sobraba\u00bb\" rel=\"nofollow noopener\" target=\"_blank\"><br \/>\n<img decoding=\"async\" loading=\"lazy\" src=\"https:\/\/www.europesays.com\/es\/wp-content\/uploads\/2025\/08\/contra-palmera-cuadrada-U65327423382JzL-80x80@diario_abc.jpg\" class=\"voc-img\" alt=\"El Contragolpe: \u00abDaba la sensaci\u00f3n de que el partido sobraba\u00bb\" width=\"80\" height=\"80\"\/><\/p>\n<p><\/a><\/p>\n<p class=\"voc-p\">Despu\u00e9s de cada jornada, en Al final de la Palmera, espacio para la tertulia desenfadada y el an\u00e1lisis de los redactores de ABC de Sevilla<\/p>\n<p><a href=\"https:\/\/www.abc.es\/podcast\/contragolpe-palmera\/contragolpe-daba-sensacion-partido-sobraba-20250519113919-auds.html\" class=\"voc-btn\" rel=\"nofollow noopener\" target=\"_blank\">Ir al episodio<\/a><\/p>\n<p><a href=\"https:\/\/www.abc.es\/podcast\/contragolpe-palmera\/contragolpe-temporada-notable-alto-queda-final-20250526112901-auds.html\" class=\"voc-img-link\" title=\"El Contragolpe: \u00abLa temporada del Betis ya es de notable alto y todav\u00eda queda la final\u00bb\" rel=\"nofollow noopener\" target=\"_blank\"><br \/>\n<img decoding=\"async\" loading=\"lazy\" src=\"https:\/\/www.europesays.com\/es\/wp-content\/uploads\/2025\/08\/contra-palmera-cuadrada(1)-U58850731002Lji-80x80@diario_abc.jpg\" class=\"voc-img\" alt=\"El Contragolpe: \u00abLa temporada del Betis ya es de notable alto y todav\u00eda queda la final\u00bb\" width=\"80\" height=\"80\"\/><\/p>\n<p><\/a><\/p>\n<p class=\"voc-p\">Despu\u00e9s de cada jornada, en Al Final de la Palmera, espacio para la tertulia desenfadada y el an\u00e1lisis de los redactores de ABC de Sevilla<\/p>\n<p><a href=\"https:\/\/www.abc.es\/podcast\/contragolpe-palmera\/contragolpe-temporada-notable-alto-queda-final-20250526112901-auds.html\" class=\"voc-btn\" rel=\"nofollow noopener\" target=\"_blank\">Ir al episodio<\/a><\/p>\n<p><a href=\"https:\/\/www.abc.es\/podcast\/contragolpe-palmera\/contragolpe-betis-escribir-historia-europa-ante-chesea-20250528091919-auds.html\" class=\"voc-img-link\" title=\"El Contragolpe: \u00abEl Betis, a escribir su historia en Europa ante el Chelsea\u00bb\" rel=\"nofollow noopener\" target=\"_blank\"><br \/>\n<img decoding=\"async\" loading=\"lazy\" src=\"https:\/\/www.europesays.com\/es\/wp-content\/uploads\/2025\/08\/contra-palmera-cuadrada(1)-U16075674475aFF-80x80@diario_abc.jpg\" class=\"voc-img\" alt=\"El Contragolpe: \u00abEl Betis, a escribir su historia en Europa ante el Chelsea\u00bb\" width=\"80\" height=\"80\"\/><\/p>\n<p><\/a><\/p>\n<p class=\"voc-p\">Tertulia especial de los redactores de Al Final de la Palmera y ABC de Sevilla para analizar todos los detalles de la gran final de la UEFA Conference League<\/p>\n<p><a href=\"https:\/\/www.abc.es\/podcast\/contragolpe-palmera\/contragolpe-betis-escribir-historia-europa-ante-chesea-20250528091919-auds.html\" class=\"voc-btn\" rel=\"nofollow noopener\" target=\"_blank\">Ir al episodio<\/a><\/p>\n<p><a href=\"https:\/\/www.abc.es\/podcast\/contragolpe-palmera\/contragolpe-betis-duele-final-chelsea-baja-ambicion-20250529122450-auds.html\" class=\"voc-img-link\" title=\"El Contragolpe: \u00abAl Betis le duele su final con el Chelsea pero no se baja de la ambici\u00f3n y promete m\u00e1s a su gente\u00bb\" rel=\"nofollow noopener\" target=\"_blank\"><br \/>\n<img decoding=\"async\" loading=\"lazy\" src=\"https:\/\/www.europesays.com\/es\/wp-content\/uploads\/2025\/08\/contra-palmera-cuadrada(1)-U03770267237SRb-80x80@diario_abc.jpg\" class=\"voc-img\" alt=\"El Contragolpe: \u00abAl Betis le duele su final con el Chelsea pero no se baja de la ambici\u00f3n y promete m\u00e1s a su gente\u00bb\" width=\"80\" height=\"80\"\/><\/p>\n<p><\/a><\/p>\n<p class=\"voc-p\">Tertulia especial de los redactores de Al Final de la Palmera y ABC de Sevilla para analizar todos los detalles de la final de la UEFA Conference League celebrada en Breslavia<\/p>\n<p><a href=\"https:\/\/www.abc.es\/podcast\/contragolpe-palmera\/contragolpe-betis-duele-final-chelsea-baja-ambicion-20250529122450-auds.html\" class=\"voc-btn\" rel=\"nofollow noopener\" target=\"_blank\">Ir al episodio<\/a><\/p>\n<p><a href=\"https:\/\/www.abc.es\/podcast\/contragolpe-palmera\/contragolpe-20250819093758-auds.html\" class=\"voc-img-link\" title=\"El Contragolpe: \u00abEl Betis est\u00e1 en construcci\u00f3n, pero tiene defectos del pasado que no ha corregido\u00bb\" rel=\"nofollow noopener\" target=\"_blank\"><br \/>\n<img decoding=\"async\" loading=\"lazy\" src=\"https:\/\/www.europesays.com\/es\/wp-content\/uploads\/2025\/08\/contragolpe-palmera-vertical-RiUfqoVk3UL9BcWxeoB4mcN-80x80@diario_abc.jpg\" class=\"voc-img\" alt=\"El Contragolpe: \u00abEl Betis est\u00e1 en construcci\u00f3n, pero tiene defectos del pasado que no ha corregido\u00bb\" width=\"80\" height=\"80\"\/><\/p>\n<p><\/a><\/p>\n<p class=\"voc-p\">Con el regreso de la competici\u00f3n, vuelve la tertulia de los redactores de Al Final de la Palmera y ABC de Sevilla. \u00c9sta vez, para analizar lo ocurrido en el debut liguero en Elche y el tramo final del mercado de fichajes<\/p>\n<p><a href=\"https:\/\/www.abc.es\/podcast\/contragolpe-palmera\/contragolpe-20250819093758-auds.html\" class=\"voc-btn\" rel=\"nofollow noopener\" target=\"_blank\">Ir al episodio<\/a><\/p>\n<p><a href=\"https:\/\/www.abc.es\/podcast\/contragolpe-palmera\/contragolpe-antony-salto-definitivo-pelear-champions-20250826182008-auds.html\" class=\"voc-img-link\" title=\"El Contragolpe: \u00abAntony ser\u00eda el salto definitivo para pelear por la Champions\u00bb\" rel=\"nofollow noopener\" target=\"_blank\"><br \/>\n<img decoding=\"async\" loading=\"lazy\" src=\"https:\/\/s3.abcstatics.com\/abc\/www\/multimedia\/podcast\/2025\/08\/26\/contragolpe-palmera-vertical-U58286743857eNc-80x80@diario_abc.jpg\" class=\"voc-img\" alt=\"El Contragolpe: \u00abAntony ser\u00eda el salto definitivo para pelear por la Champions\u00bb\" width=\"80\" height=\"80\"\/><\/p>\n<p><\/a><\/p>\n<p class=\"voc-p\">Tertulia de los redactores de Al Final de la Palmera y ABC de Sevilla para analizar la victoria liguera ante el Alav\u00e9s y lo que pueda ocurrir en los \u00faltimos d\u00edas del mercado de fichajes, con el foco puesto en el posible regreso del brasile\u00f1o<\/p>\n<p><a href=\"https:\/\/www.abc.es\/podcast\/contragolpe-palmera\/contragolpe-antony-salto-definitivo-pelear-champions-20250826182008-auds.html\" class=\"voc-btn\" rel=\"nofollow noopener\" target=\"_blank\">Ir al episodio<\/a><\/p>\n<p>            <img decoding=\"async\" class=\"voc-author__img\" src=\"https:\/\/s3.abcstatics.com\/comun\/2015\/img\/autor\/autor-3756-foto-1.png\" alt=\"Al Final de la Palmera\"\/><\/p>\n<p>          28\/08\/2025 a las 18:09h.    <\/p>\n<p>            <a href=\"https:\/\/www.abc.es\/podcast\/contragolpe-palmera\/javascript:void(0)\" data-voc-component=\"modal-open\" data-target=\"open-comments\" class=\"voc-social__icon voc-social__icon--comments nibara-element\" title=\"Comentarios\" rel=\"nofollow noopener\" target=\"_blank\"><\/p>\n<p>      <\/a><\/p>\n<p class=\"voc-save-news__paragraph\">Esta funcionalidad es s\u00f3lo para suscriptores<\/p>\n<p>      <a href=\"https:\/\/secure.abc.es\/suscripcion#vca=suscribete&amp;vso=abcdesevilla&amp;vmc=on&amp;vli=comentarios-btn-flujo\" data-voc-vtm-id=\"comienzoSuscripcionON\" data-voc-vtm-info=\"btncomentar\" class=\"voc-btn voc-btn--w voc-btn--xs voc-save-news__btn\" rel=\"nofollow noopener\" target=\"_blank\"><br \/>\n        Suscribete<br \/>\n      <\/a><\/p>\n<p class=\"voc-p\" style=\"\">Tiempo de opini\u00f3n en ABC de Sevilla y Alfinaldelapalmera.com con una nueva edici\u00f3n de <strong>El Contragolpe +Palmera<\/strong>, el espacio para valorar la actualidad del <a href=\"https:\/\/www.realbetisbalompie.es\" target=\"_blank\" data-voc-vtm-id=\"in-text-traffic\" title=\"Real Betis\" data-mrf-link=\"www.realbetisbalompie.es\" rel=\"nofollow noopener\">Real Betis<\/a> de una manera \u00e1gil y desenfadada de la mano de la redacci\u00f3n de Deportes de ABC de Sevilla. En esta ocasi\u00f3n, con Jes\u00fas Sevillano, Alberto Fern\u00e1ndez y Samuel Silva.<\/p>\n<p class=\"voc-p\" style=\"\">Contin\u00faa el Betis presente en M\u00e1nchester con Manu Fajardo y \u00c1lvaro Ladr\u00f3n de Guevara tratando de cerrar la negociaci\u00f3n con el United por Antony, que cada vez se encuentra m\u00e1s cerca de convertirse en una realidad, aunque, por la dificultad que entra\u00f1a y el encaje econ\u00f3mico y financiero, tanto presente como futuro, que las tres partes, clubes y jugador, le quieren dar a la operaci\u00f3n, todav\u00eda no se puede dar por cerrada pese al creciente optimismo del lado del extremo como del lado del club heliopolitano.<\/p>\n<p class=\"voc-p\" style=\"\">El duelo liguero adelantado de la sexta jornada liguera que los pupilos de Pellegrini jugaron en Vigo ante el Celta sigui\u00f3 dejando claro que hay puestos por cubrir en el primer equipo b\u00e9tico, m\u00e1s all\u00e1 del extremo derecho. El puesto de pivote, pese a la evidente mejor\u00eda y al crecimiento experimentado por Altimira, ha sido reclamado por el entrenador y aqu\u00ed es donde entra la pregunta \u00bfvendr\u00e1 Dani Ceballos? Siendo tambi\u00e9n otra operaci\u00f3n dif\u00edcil, est\u00e1 m\u00e1s factible en estos momentos el regreso de Guido Rodr\u00edguez, que puede conseguir su desvinculaci\u00f3n del West Ham, que el del canterano de Utrera.<\/p>\n<p>      Cr\u00e9ditos<\/p>\n<ul>\n<li>\n            Redacci\u00f3n<br \/>\n            <b><\/p>\n<p>                Deportes ABC de Sevilla<br \/>\n                          <\/b>\n          <\/li>\n<li>\n            Edici\u00f3n<br \/>\n            <b><\/p>\n<p>                Roc\u00edo Jim\u00e9nez<br \/>\n                          <\/b>\n          <\/li>\n<\/ul>\n<p class=\"voc-btn__text\">\n                Ver comentarios<br \/>\n                (0)\n              <\/p>\n<p>            Reportar un error<\/p>\n<p class=\"voc-save-news__paragraph\">Esta funcionalidad es s\u00f3lo para suscriptores<\/p>\n<p>      <a href=\"https:\/\/secure.abc.es\/suscripcion#vca=suscribete&amp;vso=abcdesevilla&amp;vmc=on&amp;vli=comentarios-btn-flujo\" data-voc-vtm-id=\"comienzoSuscripcionON\" data-voc-vtm-info=\"btncomentar\" class=\"voc-btn voc-btn--w voc-btn--xs voc-save-news__btn\" rel=\"nofollow noopener\" target=\"_blank\"><br \/>\n        Suscribete<br \/>\n      <\/a><\/p>\n","protected":false},"excerpt":{"rendered":"Despu\u00e9s de cada jornada, en Al final de la Palmera, espacio para la tertulia desenfadada y el an\u00e1lisis&hellip;\n","protected":false},"author":2,"featured_media":78526,"comment_status":"","ping_status":"","sticky":false,"template":"","format":"standard","meta":{"footnotes":""},"categories":[268],"tags":[28206,29248,168,30115,25,24,30116,280,282,22331,1173,281,23,167],"class_list":{"0":"post-78525","1":"post","2":"type-post","3":"status-publish","4":"format-standard","5":"has-post-thumbnail","7":"category-futbol","8":"tag-ceballos","9":"tag-contragolpe","10":"tag-deportes","11":"tag-dificiles","12":"tag-es","13":"tag-espana","14":"tag-factible","15":"tag-football","16":"tag-futbol","17":"tag-guido","18":"tag-opciones","19":"tag-soccer","20":"tag-spain","21":"tag-sports"},"share_on_mastodon":{"url":"","error":""},"_links":{"self":[{"href":"https:\/\/www.europesays.com\/es\/wp-json\/wp\/v2\/posts\/78525","targetHints":{"allow":["GET"]}}],"collection":[{"href":"https:\/\/www.europesays.com\/es\/wp-json\/wp\/v2\/posts"}],"about":[{"href":"https:\/\/www.europesays.com\/es\/wp-json\/wp\/v2\/types\/post"}],"author":[{"embeddable":true,"href":"https:\/\/www.europesays.com\/es\/wp-json\/wp\/v2\/users\/2"}],"replies":[{"embeddable":true,"href":"https:\/\/www.europesays.com\/es\/wp-json\/wp\/v2\/comments?post=78525"}],"version-history":[{"count":0,"href":"https:\/\/www.europesays.com\/es\/wp-json\/wp\/v2\/posts\/78525\/revisions"}],"wp:featuredmedia":[{"embeddable":true,"href":"https:\/\/www.europesays.com\/es\/wp-json\/wp\/v2\/media\/78526"}],"wp:attachment":[{"href":"https:\/\/www.europesays.com\/es\/wp-json\/wp\/v2\/media?parent=78525"}],"wp:term":[{"taxonomy":"category","embeddable":true,"href":"https:\/\/www.europesays.com\/es\/wp-json\/wp\/v2\/categories?post=78525"},{"taxonomy":"post_tag","embeddable":true,"href":"https:\/\/www.europesays.com\/es\/wp-json\/wp\/v2\/tags?post=78525"}],"curies":[{"name":"wp","href":"https:\/\/api.w.org\/{rel}","templated":true}]}}