{"id":78527,"date":"2025-08-28T21:31:28","date_gmt":"2025-08-28T21:31:28","guid":{"rendered":"https:\/\/www.europesays.com\/es\/78527\/"},"modified":"2025-08-28T21:31:28","modified_gmt":"2025-08-28T21:31:28","slug":"asi-luce-jude-law-como-vladimir-putin-en-la-nueva-pelicula-the-wizard-of-the-kremlin","status":"publish","type":"post","link":"https:\/\/www.europesays.com\/es\/78527\/","title":{"rendered":"As\u00ed luce Jude Law como Vladimir Putin en la nueva pel\u00edcula \u201cThe Wizard of the Kremlin\u201d"},"content":{"rendered":"<p>      CNN Espa\u00f1ol<br \/>\n        \u00a0\u2014\u00a0<\/p>\n<p class=\"paragraph inline-placeholder vossi-paragraph\" data-uri=\"es.cms.cnn.com\/_components\/paragraph\/instances\/cmevg05tv004h27qk6gfy3fzw@published\" data-editable=\"text\" data-component-name=\"paragraph\" data-article-gutter=\"true\">\n            Jude Law ha interpretado a un <a href=\"https:\/\/www.imdb.com\/title\/tt7157248\/\" target=\"_blank\" rel=\"nofollow noopener\">papa joven<\/a>, al <a href=\"https:\/\/www.imdb.com\/title\/tt5635026\/?ref_=nm_flmg_job_1_cdt_t_6\" target=\"_blank\" rel=\"nofollow noopener\">capit\u00e1n Garfio<\/a> de \u201cPeter Pan\u201d, a un <a href=\"https:\/\/www.imdb.com\/title\/tt20600980\/?ref_=nm_flmg_job_1_cdt_t_1\" target=\"_blank\" rel=\"nofollow noopener\">villano de \u201cStar Wars\u201d<\/a> y al mism\u00edsimo <a href=\"https:\/\/www.imdb.com\/title\/tt4123432\/?ref_=nm_flmg_job_1_cdt_t_7\" target=\"_blank\" rel=\"nofollow noopener\">profesor Dumbledore<\/a> de las historias de Harry Potter. Pero nada prepar\u00f3 al p\u00fablico para ver a Law como el presidente de Rusia, Vladimir Putin, en la pel\u00edcula \u201cThe Wizard of the Kremlin\u201d, de la que se divulg\u00f3 este jueves la primera imagen oficial del actor en el papel.\n    <\/p>\n<p class=\"paragraph inline-placeholder vossi-paragraph\" data-uri=\"es.cms.cnn.com\/_components\/paragraph\/instances\/cmevg09j50000356nz48lpii4@published\" data-editable=\"text\" data-component-name=\"paragraph\" data-article-gutter=\"true\">\n            La pel\u00edcula \u201cThe Wizard of the Kremlin\u201d, dirigida por el franc\u00e9s Olivier Assayas, fue presentada este jueves en la edici\u00f3n 82 del Festival de Cine de Venecia, donde <a href=\"https:\/\/www.labiennale.org\/en\/cinema\/2025\/venezia-82-competition\/le-mage-du-kremlin-wizard-kremlin\" target=\"_blank\" rel=\"nofollow noopener\">participa en la secci\u00f3n oficial<\/a>.\n    <\/p>\n<p class=\"paragraph inline-placeholder vossi-paragraph\" data-uri=\"es.cms.cnn.com\/_components\/paragraph\/instances\/cmevgg49h000j356nnz8qaepb@published\" data-editable=\"text\" data-component-name=\"paragraph\" data-article-gutter=\"true\">\n            Basada en la novela hom\u00f3nima de Giuliano da Empoli, publicada en 2022, \u201cThe Wizard of the Kremlin\u201d se desarrolla en Rusia, a principios de los a\u00f1os 90, en medio del caos pol\u00edtico surgido tras el fin de la Uni\u00f3n Sovi\u00e9tica. Seg\u00fan el <a href=\"https:\/\/www.labiennale.org\/en\/cinema\/2025\/venezia-82-competition\/le-mage-du-kremlin-wizard-kremlin\" target=\"_blank\" rel=\"nofollow noopener\">sitio web de la Biennale di Venezia<\/a>, \u201cun joven brillante, Vadim Baranov, traza su propio camino. Primero artista, luego productor de telerrealidad, se convierte en el asesor de imagen de un agente de la KGB en ascenso: Vladimir Putin. En el coraz\u00f3n del poder, Baranov moldea la nueva Rusia, desdibujando los l\u00edmites entre la verdad y la mentira, la creencia y la manipulaci\u00f3n\u201d.\n    <\/p>\n<p class=\"paragraph inline-placeholder vossi-paragraph\" data-uri=\"es.cms.cnn.com\/_components\/paragraph\/instances\/cmevgt9ce000o356npcp2uslo@published\" data-editable=\"text\" data-component-name=\"paragraph\" data-article-gutter=\"true\">\n            Esto significa que la pel\u00edcula mostrar\u00e1 a Putin antes de ser el hombre fuerte de Rusia y que ser\u00e1 un personaje secundario, ya que \u201cThe Wizard of the Kremlin\u201d se centra en la figura de Baranov, interpretado por el actor <a href=\"https:\/\/www.imdb.com\/name\/nm0200452\/?ref_=tt_cst_t_4\" target=\"_blank\" rel=\"nofollow noopener\">Paul Dano<\/a>, y en la figura de la joven Ksenia (<a href=\"https:\/\/www.imdb.com\/name\/nm2539953\/?ref_=tt_cst_t_1\" target=\"_blank\" rel=\"nofollow noopener\">Alicia Vikander<\/a>), quien se resiste a su encanto. \u201cA\u00f1os despu\u00e9s, tras retirarse en silencio y rodearse de misterio, Baranov finalmente se abre y revela los oscuros secretos del r\u00e9gimen que ayud\u00f3 a construir\u201d, concluye la sinopsis oficial de la pel\u00edcula.\n    <\/p>\n<p>       <img decoding=\"async\" src=\"https:\/\/www.europesays.com\/es\/wp-content\/uploads\/2025\/08\/paul-dano-wizard-of-kremlin.jpg\" alt=\"Paul Dano en la pel\u00edcula \" the=\"\" wizard=\"\" of=\"\" kremlin=\"\" class=\"image__dam-img image__dam-img--loading\" onload=\"this.classList.remove('image__dam-img--loading')\" onerror=\"imageLoadError(this)\" height=\"647\" width=\"970\" loading=\"lazy\"\/><\/p>\n<p class=\"paragraph inline-placeholder vossi-paragraph\" data-uri=\"es.cms.cnn.com\/_components\/paragraph\/instances\/cmevh2n7d000r356n29t06cqx@published\" data-editable=\"text\" data-component-name=\"paragraph\" data-article-gutter=\"true\">\n            El director Assayas dijo en el <a href=\"https:\/\/www.labiennale.org\/en\/cinema\/2025\/venezia-82-competition\/le-mage-du-kremlin-wizard-kremlin\" target=\"_blank\" rel=\"nofollow noopener\">sitio web oficial<\/a> del festival de Venecia que el filme \u201cno es una pel\u00edcula sobre el ascenso de un solo hombre, ni sobre la fuerza con la que se impone el poder, ni sobre la reinvenci\u00f3n de una naci\u00f3n que es a la vez moderna y arcaica, nuevamente bajo el yugo del totalitarismo. Anclada en hechos reales y contempor\u00e1neos, es m\u00e1s bien una reflexi\u00f3n sobre la pol\u00edtica moderna; o, mejor dicho, sobre las cortinas de humo tras las que ahora se esconde: c\u00ednica, enga\u00f1osa y t\u00f3xica\u201d.\n    <\/p>\n<p class=\"paragraph inline-placeholder vossi-paragraph\" data-uri=\"es.cms.cnn.com\/_components\/paragraph\/instances\/cmevhg9sh000y356nlim3rsw4@published\" data-editable=\"text\" data-component-name=\"paragraph\" data-article-gutter=\"true\">\n            Assayas a\u00f1adi\u00f3 que \u201cThe Wizard of the Kremlin\u201d no es tanto \u201cuna pel\u00edcula pol\u00edtica como una pel\u00edcula sobre la pol\u00edtica; y la perversidad de sus m\u00e9todos, que ahora nos mantienen a todos como rehenes\u201d.\n    <\/p>\n<p class=\"paragraph inline-placeholder vossi-paragraph\" data-uri=\"es.cms.cnn.com\/_components\/paragraph\/instances\/cmevh9i97000u356nitgmnc55@published\" data-editable=\"text\" data-component-name=\"paragraph\" data-article-gutter=\"true\">\n            En una <a href=\"https:\/\/variety.com\/2025\/film\/global\/olivier-assayas-vladimir-putin-wizard-of-the-kremlin-venice-1236496572\/\" target=\"_blank\" rel=\"nofollow noopener\">entrevista en la publicaci\u00f3n Variety<\/a> este jueves, Olivier Assayas insisti\u00f3 en que la pel\u00edcula explora los cimientos del \u201cmundo pol\u00edtico moderno\u201d, m\u00e1s que solo la \u201chistoria del origen de Putin\u201d. Y agreg\u00f3 que Law \u201clo transform\u00f3 y reinvent\u00f3 por completo (a Putin) y lo hizo muy cre\u00edble\u201d.\n    <\/p>\n<p class=\"paragraph inline-placeholder vossi-paragraph\" data-uri=\"es.cms.cnn.com\/_components\/paragraph\/instances\/cmevhszu00014356ni95wpa6c@published\" data-editable=\"text\" data-component-name=\"paragraph\" data-article-gutter=\"true\">\n            Adem\u00e1s de \u201cThe Wizard of the Kremlin\u201d, el director franc\u00e9s ha abordado en el pasado proyectos de tem\u00e1tica pol\u00edtica, como \u201cCarlos\u201d, la miniserie sobre el terrorista venezolano Carlos Ilich Ram\u00edrez \u201cel Chacal\u201d, que <a href=\"https:\/\/www.televisionacademy.com\/shows\/carlos\" target=\"_blank\" rel=\"nofollow noopener\">recibi\u00f3 dos nominaciones a los premios Emmy<\/a> en 2011, y la pel\u00edcula para televisi\u00f3n \u201cWasp Network\u201d, en 2019, sobre cinco cubanos detenidos en EE.UU. bajo acusaci\u00f3n de espionaje, con un elenco estelar: Pen\u00e9lope Cruz, Ana de Armas, Gael Garc\u00eda Bernal, Edgar Ram\u00edrez y Wagner Moura, entre otros.\n    <\/p>\n<p class=\"paragraph inline-placeholder vossi-paragraph\" data-uri=\"es.cms.cnn.com\/_components\/paragraph\/instances\/cmevhi4p60011356nu5mfbpyp@published\" data-editable=\"text\" data-component-name=\"paragraph\" data-article-gutter=\"true\">\n            \u201cThe Wizard of the Kremlin\u201d se estrenar\u00e1 en Francia el 21 de enero de 2026, pero todav\u00eda se desconoce su fecha de lanzamiento en salas de cine de EE.UU. y Latinoam\u00e9rica.\n    <\/p>\n","protected":false},"excerpt":{"rendered":"CNN Espa\u00f1ol \u00a0\u2014\u00a0 Jude Law ha interpretado a un papa joven, al capit\u00e1n Garfio de \u201cPeter Pan\u201d, a&hellip;\n","protected":false},"author":2,"featured_media":78528,"comment_status":"","ping_status":"","sticky":false,"template":"","format":"standard","meta":{"footnotes":""},"categories":[174],"tags":[255,146,147,25,24,256,30119,150,30117,753,23,30118,7083],"class_list":{"0":"post-78527","1":"post","2":"type-post","3":"status-publish","4":"format-standard","5":"has-post-thumbnail","7":"category-famosos","8":"tag-celebrities","9":"tag-entertainment","10":"tag-entretenimiento","11":"tag-es","12":"tag-espana","13":"tag-famosos","14":"tag-festival-de-cine-de-venecia","15":"tag-instanoticias","16":"tag-jude-law","17":"tag-peliculas","18":"tag-spain","19":"tag-the-wizard-of-the-kremlin","20":"tag-vladimir-putin"},"share_on_mastodon":{"url":"","error":""},"_links":{"self":[{"href":"https:\/\/www.europesays.com\/es\/wp-json\/wp\/v2\/posts\/78527","targetHints":{"allow":["GET"]}}],"collection":[{"href":"https:\/\/www.europesays.com\/es\/wp-json\/wp\/v2\/posts"}],"about":[{"href":"https:\/\/www.europesays.com\/es\/wp-json\/wp\/v2\/types\/post"}],"author":[{"embeddable":true,"href":"https:\/\/www.europesays.com\/es\/wp-json\/wp\/v2\/users\/2"}],"replies":[{"embeddable":true,"href":"https:\/\/www.europesays.com\/es\/wp-json\/wp\/v2\/comments?post=78527"}],"version-history":[{"count":0,"href":"https:\/\/www.europesays.com\/es\/wp-json\/wp\/v2\/posts\/78527\/revisions"}],"wp:featuredmedia":[{"embeddable":true,"href":"https:\/\/www.europesays.com\/es\/wp-json\/wp\/v2\/media\/78528"}],"wp:attachment":[{"href":"https:\/\/www.europesays.com\/es\/wp-json\/wp\/v2\/media?parent=78527"}],"wp:term":[{"taxonomy":"category","embeddable":true,"href":"https:\/\/www.europesays.com\/es\/wp-json\/wp\/v2\/categories?post=78527"},{"taxonomy":"post_tag","embeddable":true,"href":"https:\/\/www.europesays.com\/es\/wp-json\/wp\/v2\/tags?post=78527"}],"curies":[{"name":"wp","href":"https:\/\/api.w.org\/{rel}","templated":true}]}}