{"id":78570,"date":"2025-08-28T22:00:40","date_gmt":"2025-08-28T22:00:40","guid":{"rendered":"https:\/\/www.europesays.com\/es\/78570\/"},"modified":"2025-08-28T22:00:40","modified_gmt":"2025-08-28T22:00:40","slug":"estos-son-los-polemicos-invitados-de-la-primera-semana","status":"publish","type":"post","link":"https:\/\/www.europesays.com\/es\/78570\/","title":{"rendered":"estos son los pol\u00e9micos invitados de la primera semana"},"content":{"rendered":"<p>28\/08\/2025<br \/>\n<br \/><strong><br \/>\nActualizado a las 21:03h.<br \/>\n<\/strong><\/p>\n<p class=\"voc-p\" style=\"\">El estreno de <a href=\"https:\/\/www.abc.es\/espana\/comunidad-valenciana\/restaurante-javea-especializado-paellas-elegido-pablo-motos-20250827111805-nt.html\" target=\"_self\" data-voc-vtm-id=\"in-text-traffic\" title=\"la vig\u00e9sima temporada de &#039;El Hormiguero\" data-mrf-link=\"www.abc.es\" rel=\"nofollow noopener\">la vig\u00e9sima temporada de &#8216;El Hormiguero<\/a>&#8216; no se har\u00e1 esperar. El programa de <strong>Pablo Motos<\/strong> regresar\u00e1 tras las vacaciones de verano a la parrilla de <strong>Antena 3<\/strong> el pr\u00f3ximo lunes 1 de septiembre. Y para calentar motores, <strong>Atresmedia<\/strong> ha desvelado el heterog\u00e9neo plantel de invitados de la primera semana: algunos muy pol\u00e9micos, pero todos, viejos conocidos del formato. <\/p>\n<p>\nLunes, 1 de septiembre\n<\/p>\n<p class=\"voc-p\" style=\"\">La temporada de <strong>&#8216;El Hormiguero<\/strong>&#8216; arranca con la doble visita de <strong>Bert\u00edn Osborne<\/strong> y <strong>Sergio Ramos<\/strong>. Aunque se desconoce el proyecto que esta inusual dupla va a presentar al programa, la cadena ha adelantado que el cantante desvelar\u00e1 sus planes profesionales y el futbolista adelantar\u00e1 una gran primicia que dar\u00e1 mucho que hablar. <\/p>\n<p>\nMartes, 2 de septiembre\n<\/p>\n<p class=\"voc-p\" style=\"\">Una vez m\u00e1s, visitar\u00e1n a las hormigas moradas dos amigos del programa: <strong>Joaqu\u00edn S\u00e1nchez<\/strong> y <strong>Susana Saborido<\/strong>. El matrimonio acude para avanzar los detalles de <a href=\"https:\/\/www.abc.es\/sevilla\/ciudad\/joaquin-susana-saborido-vuelven-television-tras-polemica-20250327183833-nts.html\" target=\"_self\" data-voc-vtm-id=\"in-text-traffic\" title=\"la nueva temporada de &#039;Emparejados&#039;\" data-mrf-link=\"www.abc.es\" rel=\"nofollow noopener\">la nueva temporada de &#8216;Emparejados&#8217;<\/a>, el espacio que conducen juntos en <strong>Antena 3<\/strong> donde entrevistan a parejas de famosos para probar su compatibilidad. <\/p>\n<p>\nMi\u00e9rcoles, 3 de septiembre\n<\/p>\n<p class=\"voc-p\" style=\"\"> Coincidiendo con la publicaci\u00f3n de <a href=\"https:\/\/www.abc.es\/cultura\/libros\/mision-paris-nueva-novela-alatriste-capitan-encuentra-20250526110217-nt.html\" target=\"_self\" data-voc-vtm-id=\"in-text-traffic\" title=\"la nueva entrega de &#039;Las Aventuras del Capit\u00e1n Alatriste&#039;\" data-mrf-link=\"www.abc.es\" rel=\"nofollow noopener\">la nueva entrega de &#8216;Las Aventuras del Capit\u00e1n Alatriste&#8217;<\/a>, <strong>Arturo P\u00e9rez-Reverte<\/strong> vuelve a <strong>&#8216;El Hormiguero&#8217;<\/strong> para contar todos los detalles de la novela. La octava entrega de la saga lleva por t\u00edtulo<strong> &#8216;Misi\u00f3n en Par\u00eds&#8217;,<\/strong> donde Diego Alatriste y sus amigos se ven envueltos en una peligrosa misi\u00f3n secreta ideada por el conde-duque de Olivares.<\/p>\n<p>\nJueves, 4 de septiembre\n<\/p>\n<p class=\"voc-p\" style=\"\"> Para cerrar la primera semana, <strong>Pablo Motos<\/strong> entrevistar\u00e1 a la actriz <a href=\"https:\/\/www.abc.es\/gente\/talento-protagonizada-ester-exposito-llegara-cines-septiembre-20250716132123-vi.html\" target=\"_self\" data-voc-vtm-id=\"in-text-traffic\" title=\"Ester Exp\u00f3sito, quien presentar\u00e1 &#039;El Talento&#039;\" data-mrf-link=\"www.abc.es\" rel=\"nofollow noopener\">Ester Exp\u00f3sito, quien presentar\u00e1 &#8216;El Talento&#8217;<\/a>. La nueva pel\u00edcula de <strong>Polo Men\u00e1rguez<\/strong>, tambi\u00e9n autor del guion junto a <strong>Fernando Le\u00f3n de Aranoa<\/strong>, desembarcar\u00e1 en la cartelera el viernes 5 de septiembre. Basada en la novela de <strong>Arthur Schnitzler<\/strong><strong>&#8216;La se\u00f1orita Else<\/strong>&#8216;, publicada en 1924, el filme cuenta la historia de Elsa, una prometedora estudiante de violonchelo que acude a la exclusiva fiesta de cumplea\u00f1os de una amiga. Durante la celebraci\u00f3n, la protagonista recibe una inesperada noticia que la obligar\u00e1 a tener que elegir entre el futuro de su familia y su dignidad.<\/p>\n<p>Reportar un error<\/p>\n","protected":false},"excerpt":{"rendered":"28\/08\/2025 Actualizado a las 21:03h. El estreno de la vig\u00e9sima temporada de &#8216;El Hormiguero&#8216; no se har\u00e1 esperar.&hellip;\n","protected":false},"author":2,"featured_media":78571,"comment_status":"","ping_status":"","sticky":false,"template":"","format":"standard","meta":{"footnotes":""},"categories":[171],"tags":[146,147,25,24,1151,17775,3551,15759,1078,773,23,214,1357],"class_list":{"0":"post-78570","1":"post","2":"type-post","3":"status-publish","4":"format-standard","5":"has-post-thumbnail","7":"category-tv","8":"tag-entertainment","9":"tag-entretenimiento","10":"tag-es","11":"tag-espana","12":"tag-fecha","13":"tag-hormiguero","14":"tag-invitados","15":"tag-polemicos","16":"tag-primera","17":"tag-semana","18":"tag-spain","19":"tag-tv","20":"tag-vuelta"},"share_on_mastodon":{"url":"","error":""},"_links":{"self":[{"href":"https:\/\/www.europesays.com\/es\/wp-json\/wp\/v2\/posts\/78570","targetHints":{"allow":["GET"]}}],"collection":[{"href":"https:\/\/www.europesays.com\/es\/wp-json\/wp\/v2\/posts"}],"about":[{"href":"https:\/\/www.europesays.com\/es\/wp-json\/wp\/v2\/types\/post"}],"author":[{"embeddable":true,"href":"https:\/\/www.europesays.com\/es\/wp-json\/wp\/v2\/users\/2"}],"replies":[{"embeddable":true,"href":"https:\/\/www.europesays.com\/es\/wp-json\/wp\/v2\/comments?post=78570"}],"version-history":[{"count":0,"href":"https:\/\/www.europesays.com\/es\/wp-json\/wp\/v2\/posts\/78570\/revisions"}],"wp:featuredmedia":[{"embeddable":true,"href":"https:\/\/www.europesays.com\/es\/wp-json\/wp\/v2\/media\/78571"}],"wp:attachment":[{"href":"https:\/\/www.europesays.com\/es\/wp-json\/wp\/v2\/media?parent=78570"}],"wp:term":[{"taxonomy":"category","embeddable":true,"href":"https:\/\/www.europesays.com\/es\/wp-json\/wp\/v2\/categories?post=78570"},{"taxonomy":"post_tag","embeddable":true,"href":"https:\/\/www.europesays.com\/es\/wp-json\/wp\/v2\/tags?post=78570"}],"curies":[{"name":"wp","href":"https:\/\/api.w.org\/{rel}","templated":true}]}}