{"id":78572,"date":"2025-08-28T22:01:16","date_gmt":"2025-08-28T22:01:16","guid":{"rendered":"https:\/\/www.europesays.com\/es\/78572\/"},"modified":"2025-08-28T22:01:16","modified_gmt":"2025-08-28T22:01:16","slug":"asi-ha-sido-el-regreso-de-romina-y-al-bano-a-espana-con-protagonismo-especial-de-su-hijo-yari-el-economista","status":"publish","type":"post","link":"https:\/\/www.europesays.com\/es\/78572\/","title":{"rendered":"As\u00ed ha sido el regreso de Romina y Al Bano a Espa\u00f1a con protagonismo especial de su hijo Yari &#8211; El Economista"},"content":{"rendered":"<ol>\n<li><a href=\"https:\/\/news.google.com\/rss\/articles\/CBMi_gFBVV95cUxPUjBXZ0wtRVlNUU9sY3hzNDhXX3gtS0tpc0pPU3pnY25SRFJxNTlfcjA0eU5HQjJiWjVQeXVPQ0NveVUxeWkxTnI0RnBTblR1ZHVYdmtFOTZIZVViNVNRQVhIb20wRUZ2X3NqbklXNG1MVy1xQUstcTMycG1XNS1SQ0RWbXYtN1JLX1luVjlpRklmNFRvQUZLLUFnS0lmUk9RRVdyVGVpMG54anRYSl9hMFlSWjVnZFBvRjBIVllHbXF5dUNwUG9GSWlkRmRlNlVvWXZkSGtiVlhtWTZhQzBxMnYxeFZKMWJBdkNQVmtucEhHaUYxRDRzZ19yWnJtd9IB6AFBVV95cUxObnVBV1I0SVpSa2xDb0NzRDVZVGg5Rnl5YXc1MUt3YkJQVlVGTDZ6UnRKakZkSmFxa1FzcWJPRGRDQ2R5ekdLMzFuU3pzd2lWTkN5MjNsZXdCZHRrc0F6QnNGWDM4WEtGMWtNa0dIUFJLWmpVMFhwc2hlcFo5WlJ0bmpuNFZHSmNqZnFxa1Q0eGljcy1GRmtVdE9kSF9ieHQ5VGx1WWhWV0E3XzRhUDBja0EyYjRJMEhwQzl0Q0QyWnhwcEtfNlFueW50Nmt4STZWc0Y4cmR1bjFuWTg0YjVxb3FGRkVna1Bi?oc=5\" target=\"_blank\" rel=\"nofollow noopener\">As\u00ed ha sido el regreso de Romina y Al Bano a Espa\u00f1a con protagonismo especial de su hijo Yari<\/a>&nbsp;&nbsp;El Economista<\/li>\n<li><a href=\"https:\/\/news.google.com\/rss\/articles\/CBMiiwJBVV95cUxQMEZLTGxYbEdNSnRXc0lMZllFNWsyVFVTSVRydDE0UDhMWnFITmNnUUIwNkFVMi1CdTU4UGVYd1Z6cWszSkxkX2lNVUNna1J2XzdZdllMaWlVdDVhM0IwNmVvWllBTk9STVRoTUVjYUdBY2JldHpwWG01MmxZaVFyV01MN216N1J6Yktjb0RGTTRsR01qWlVFQnhPTFA0LVgzOE5VQ0xvTE9OQVdadHlqR2YzdXUxQmtKT0pzNW1VRVhOb2Q5RXItOVlDb0VFVHlSM0xsek5ZejM0YVp1aVc4anliOEExaHJiQ0pkdWpWcXZ0bU1pLWxCcjRQNlRZdDdRZ2NTU1A0dHhRb1nSAYsCQVVfeXFMTTFXdC1DNk9Xd1RrMmZYbTFZZi03V2ozQkdvOWRGZnJ4UmEya2VUV3lubHB3cjBrU3AySWNFNUt5WDhjS2JoNGlQLUJFVkFRWXNpV0dzLVdvclFTVGlhWjJPbGdPbHhnNnBtTmVoVWEwdXQ5M2VxVEhoWVIyVm94ZEtzejBsQ3p3NXRFVmdsSlpaTjFfQjVlbnpIWDNLemFIWDNCWUg5Rm1WZEpLMUY0YWs0WVBuZnJsZnVpZWhzRVpVQk9scUpZcEhfR3lib1UzY3Y2S2h3X01vMUdsajVvd2c3UDVJcXk3M2JRYWpPNldaLXlVWTA3NktGeDRobUJQd2R0cktoNWJ1b19V?oc=5\" target=\"_blank\" rel=\"nofollow noopener\">Al Bano y Romina Power, juntos de nuevo sobre el escenario: \u00abEl matrimonio se acab\u00f3, hay que respetar los<\/a>&nbsp;&nbsp;Antena 3<\/li>\n<li><a href=\"https:\/\/news.google.com\/rss\/articles\/CBMivwFBVV95cUxPWGY2LTF0a3FkdzBKOVpqM3hzcHZJdkhqcFFmb3k4Ti1VQjZIUWFmQ3JCYks1VFpjUFJ5YlhfNjNwaWJkeDRtUWw0SE9RSWhLNzg4X1Bpak9CTnF2OThKcF8tWGtPcEc5R3VuVlJqMTFRZXZ5UDlZVXloQnJmR0xOVC1HN1RYa3FLZHZuNjhnSE9QcHdzX0RVbGQ2X00tU1Nldm1xNEdxdnIyQlJVNFF5dHpyV3dSSUJ6U050TkNzSdIB0wFBVV95cUxNZHlEdWVTZ3dMTU5BaER4TFpMVFY5Wjd0X1JnM1A5bE1aUE1lX1pxdGxKWDBCSFpEc25MV08yNHZSZENzOExoT042MjhaSjAzbGJ3cTVRZGdTa05hdEo3b0t1MTg5Mzk3cndUMDVlZDc3dHZhRm5DRUQ4STM4aHFyalo3WDlOcmQ3d3gyZEZvbEdpVDYyVTJIRTVtSUxGdF9NcnFTbFM3dkpqU2d4NGpvSlBFS01ZY0taWHR1bFdEbXc5MUVKVV9jeVpyVmo1VW9kWUQ4?oc=5\" target=\"_blank\" rel=\"nofollow noopener\">Romina y Al Bano: un ejercicio brutal de amor y desamor del bueno<\/a>&nbsp;&nbsp;La Raz\u00f3n<\/li>\n<li><a href=\"https:\/\/news.google.com\/rss\/articles\/CBMirwFBVV95cUxPaEZzdHFBUmtScjIyeXVPLU9acTFPTHpQbHhUOVQtakEtSFYyQ21NazV0Nk81N0wtZGFQejE4emtHRHFuSURQWjZVRFVnb21WdHpOQ0FLOGZjbmZwR0gtM250Z0RETFUwYld5eWJNRmx5dkE3R3V0NWR6XzZIU0pqaWltRUxnTUNZQ0tfOTVzOUxwRlZmUzF5ejZwZHZjaWJyeGVsQnEweW9GblFqc0dn?oc=5\" target=\"_blank\" rel=\"nofollow noopener\">Al Bano y Romina inundan Marbella con recuerdos y canciones eternas<\/a>&nbsp;&nbsp;Marbella24horas<\/li>\n<li><a href=\"https:\/\/news.google.com\/rss\/articles\/CBMi3wFBVV95cUxNVmMxaUdVdTdTd05aSlVuMTJoS0xhSjVISEtFa1BvazdEVng2RW1Na1lfd05LUXJjalN4bk45eEEzZldKMV84Ynl4Mk5tSFRicE1sSF8zR195TWQ0VFBDczhNYUJpQm9fU0R3OTR3VWpGV3NuMmRkT1Zha2Fzb2hkUHpkNkg1Qnl6eVFZcWR5bWNZUDdNSzhwV0l3eHVoaldCeE1jNjdnZmt5NlN1dVp6LUZOWG05Y2FPX3VmZnpMUUg2T2tnUzNRRUxmZklHYVRFazFwb3k3a2x2WV8tMUM4?oc=5\" target=\"_blank\" rel=\"nofollow noopener\">Romina y Al Bano, as\u00ed ha sido su m\u00e1gico y esperado regreso a Espa\u00f1a con una sopresa muy especial<\/a>&nbsp;&nbsp;Europa Press<\/li>\n<\/ol>\n","protected":false},"excerpt":{"rendered":"As\u00ed ha sido el regreso de Romina y Al Bano a Espa\u00f1a con protagonismo especial de su hijo&hellip;\n","protected":false},"author":2,"featured_media":76899,"comment_status":"","ping_status":"","sticky":false,"template":"","format":"standard","meta":{"footnotes":""},"categories":[170],"tags":[146,147,25,24,184,185,23],"class_list":{"0":"post-78572","1":"post","2":"type-post","3":"status-publish","4":"format-standard","5":"has-post-thumbnail","7":"category-musica","8":"tag-entertainment","9":"tag-entretenimiento","10":"tag-es","11":"tag-espana","12":"tag-music","13":"tag-musica","14":"tag-spain"},"share_on_mastodon":{"url":"","error":""},"_links":{"self":[{"href":"https:\/\/www.europesays.com\/es\/wp-json\/wp\/v2\/posts\/78572","targetHints":{"allow":["GET"]}}],"collection":[{"href":"https:\/\/www.europesays.com\/es\/wp-json\/wp\/v2\/posts"}],"about":[{"href":"https:\/\/www.europesays.com\/es\/wp-json\/wp\/v2\/types\/post"}],"author":[{"embeddable":true,"href":"https:\/\/www.europesays.com\/es\/wp-json\/wp\/v2\/users\/2"}],"replies":[{"embeddable":true,"href":"https:\/\/www.europesays.com\/es\/wp-json\/wp\/v2\/comments?post=78572"}],"version-history":[{"count":0,"href":"https:\/\/www.europesays.com\/es\/wp-json\/wp\/v2\/posts\/78572\/revisions"}],"wp:featuredmedia":[{"embeddable":true,"href":"https:\/\/www.europesays.com\/es\/wp-json\/wp\/v2\/media\/76899"}],"wp:attachment":[{"href":"https:\/\/www.europesays.com\/es\/wp-json\/wp\/v2\/media?parent=78572"}],"wp:term":[{"taxonomy":"category","embeddable":true,"href":"https:\/\/www.europesays.com\/es\/wp-json\/wp\/v2\/categories?post=78572"},{"taxonomy":"post_tag","embeddable":true,"href":"https:\/\/www.europesays.com\/es\/wp-json\/wp\/v2\/tags?post=78572"}],"curies":[{"name":"wp","href":"https:\/\/api.w.org\/{rel}","templated":true}]}}