{"id":78716,"date":"2025-08-28T23:31:06","date_gmt":"2025-08-28T23:31:06","guid":{"rendered":"https:\/\/www.europesays.com\/es\/78716\/"},"modified":"2025-08-28T23:31:06","modified_gmt":"2025-08-28T23:31:06","slug":"las-novedades-de-la-literatura-vasca-llegan-con-atxaga-a-la-cabeza","status":"publish","type":"post","link":"https:\/\/www.europesays.com\/es\/78716\/","title":{"rendered":"Las novedades de la literatura vasca llegan con Atxaga a la cabeza"},"content":{"rendered":"<p>El oto\u00f1o literario vasco se avecina con sorpresas de calado. La primera y m\u00e1s llamativa es el retorno de Bernardo Atxaga en su faceta de  &#8230; novelista despu\u00e9s de cuatro largos a\u00f1os de silencio narrativo. En 2021 anunci\u00f3 tajantemente que hab\u00eda decidido dejar el g\u00e9nero porque \u00ablas musas callan, no dicen nada, no quieren encenderme la continuaci\u00f3n\u00bb. Una afirmaci\u00f3n de la que ahora se desdice porque la editorial Pamiela lanzar\u00e1 en octubre &#8216;Enarak&#8217; (Golondrinas), una historia que ronda las 300 p\u00e1ginas y se basa en la vida de un amigo pintor que tambi\u00e9n fue escen\u00f3grafo teatral. Las golondrinas son parte del paisaje pero tambi\u00e9n un elemento clave del tejido narrativo, que sostiene un escuadr\u00f3n de seres inmateriales. \u00abSon criaturas con una forma de narrar muy especial; pero el contenido, el ambiente, son muy de nuestro mundo\u00bb, advierte el autor guipuzcoano. <\/p>\n<p class=\"v-p\">Bajo el mismo sello se pondr\u00e1n a la venta &#8216;Gabriel Aresti. Poesia eta gizartea&#8217;, que firma el catedr\u00e1tico en Literatura Vasca Jon Kortazar, y &#8216;Zahartzoaren maparen bila&#8217; (En busca de un mapa de la vejez), de Arantxa Urretabizkaia, un ensayo que planta cara a los prejuicios para desterrar la idea de que \u00ablos viejos son seres sometibles y sometidos\u00bb. Tambi\u00e9n destaca &#8216;Odola kantari&#8217; (La sangre canta), de Unai Elorriaga, que se adentra en la tradici\u00f3n vasca para descubrir el peso de la muerte y la violencia como fuentes de inspiraci\u00f3n. Otra novedad ser\u00e1 &#8216;Joseba Sarrionandiaren Zine Paperak&#8217;, con pr\u00f3logo del cineasta Josu Mart\u00ednez, que contiene las rese\u00f1as de pel\u00edculas que Sarrionandia public\u00f3 de joven en una revista de Durango, cuando era habitual del Zinemaldia en compa\u00f1\u00eda de otro gran cin\u00e9filo, Jos\u00e9 Juli\u00e1n Bakedano. <\/p>\n<p class=\"v-p\">El cat\u00e1logo de Txalaparta est\u00e1 liderado por &#8216;Akabo&#8217; (Se acab\u00f3), de Laura Mintegi, que public\u00f3 su \u00faltima novela hace 19 a\u00f1os. El arranque del nuevo libro anuncia emociones fuertes: \u00abNo pudo soportar m\u00e1s y, al final, tuvo que hacerlo: despu\u00e9s de dos a\u00f1os de relaci\u00f3n, Sheena mat\u00f3 a Manu y lo guard\u00f3 en el congelador\u00bb. Todo gira en torno a la relaci\u00f3n de pareja de una ling\u00fcista y un ingeniero inform\u00e1tico, que viven a caballo entre Oxford, Barcelona y Euskadi, con el tel\u00f3n de fondo de los idiomas que se imponen o subordinan. Las tensiones entre individuos y lenguas marcan el devenir de una trama que se desarrolla a lo largo de 380 p\u00e1ginas. Se pondr\u00e1 a la venta en septiembre. <\/p>\n<p>El desaf\u00edo de Harkaitz Cano<\/p>\n<p class=\"v-p\">La novela hist\u00f3rica tiene entre sus principales valedores a Edorta Jim\u00e9nez, que el pr\u00f3ximo lunes lanza &#8216;Aizkorak eta gutunak&#8217; (Hachas y cartas) con los auspicios de la editorial Elkar. Ambientada en Bermeo, empieza con la desaparici\u00f3n en 1828 de Juan Ormaetxea en el caser\u00edo Agirretxu. Tras aparecer su cad\u00e1ver con un hachazo, se proceder\u00e1 a la detenci\u00f3n de la mujer y su hija. El punto culminante es la ejecuci\u00f3n a garrote vil de la presunta culpable. Tiene 168 p\u00e1ginas, as\u00ed como la dosis justa de cr\u00f3nica judicial y thriller.<\/p>\n<p class=\"v-p\">En noviembre, tambi\u00e9n en Elkar, ser\u00e1 el turno de &#8216;Barne zerbitzuak&#8217; (Servicios internos), de Katixa Agirre. Se trata de la nueva novela de la autora alavesa, que recupera y narra la historia de mujeres que, al t\u00e9rmino de la Guerra Civil, visitaban a familiares detenidos y los pon\u00edan en contacto con abertzales en el exilio. En el apartado de c\u00f3mic, dentro de las novedades de Erein, destaca el homenaje que Maitena Illarramendi, con ilustraciones de I\u00f1igo Sarasola, rinde a su abuela tolosarra. El tebeo se titula &#8216;Kateri\u00f1e Letamendi&#8217; y es la cr\u00f3nica de supervivencia de una mujer que huy\u00f3 de las bombas y tropas franquistas.<\/p>\n<p class=\"v-p\">Otros g\u00e9neros como el cuento y la poes\u00eda tambi\u00e9n tienen paladines en lengua vasca como Eider Rodr\u00edguez y Hasier Larretxea, que publicar\u00e1n &#8216;Dena zulo bera zen&#8217; (Todo era el mismo agujero) y &#8216;Sua itzaltzen bada&#8217; (Si se apaga el fuego) en la editorial Susa. El mismo sello presentar\u00e1 en octubre &#8216;Silueta&#8217;, de Harkaitz Cano, que plantea todo un desaf\u00edo: emplaza al lector a reconstruir y completar la novela con las cr\u00edticas, art\u00edculos y rese\u00f1as que se pueden leer en el libro. Tampoco le falta ambici\u00f3n a &#8216;Retrovisor y bistur\u00ed&#8217;, de Ram\u00f3n Zallo, que llegar\u00e1 a las librer\u00edas en noviembre de la mano de Alberdania. Es una autobiograf\u00eda editada en castellano que no solo analiza con esp\u00edritu cr\u00edtico su trayectoria personal, sino tambi\u00e9n el contexto hist\u00f3rico y social que ha vivido en Euskadi.<\/p>\n","protected":false},"excerpt":{"rendered":"El oto\u00f1o literario vasco se avecina con sorpresas de calado. La primera y m\u00e1s llamativa es el retorno&hellip;\n","protected":false},"author":2,"featured_media":78717,"comment_status":"","ping_status":"","sticky":false,"template":"","format":"standard","meta":{"footnotes":""},"categories":[172],"tags":[224,146,147,25,24,225,671,6752,5285,30174,23,11777],"class_list":{"0":"post-78716","1":"post","2":"type-post","3":"status-publish","4":"format-standard","5":"has-post-thumbnail","7":"category-libros","8":"tag-books","9":"tag-entertainment","10":"tag-entretenimiento","11":"tag-es","12":"tag-espana","13":"tag-libros","14":"tag-literatura","15":"tag-llegan","16":"tag-novedades","17":"tag-sacu","18":"tag-spain","19":"tag-vasca"},"share_on_mastodon":{"url":"","error":""},"_links":{"self":[{"href":"https:\/\/www.europesays.com\/es\/wp-json\/wp\/v2\/posts\/78716","targetHints":{"allow":["GET"]}}],"collection":[{"href":"https:\/\/www.europesays.com\/es\/wp-json\/wp\/v2\/posts"}],"about":[{"href":"https:\/\/www.europesays.com\/es\/wp-json\/wp\/v2\/types\/post"}],"author":[{"embeddable":true,"href":"https:\/\/www.europesays.com\/es\/wp-json\/wp\/v2\/users\/2"}],"replies":[{"embeddable":true,"href":"https:\/\/www.europesays.com\/es\/wp-json\/wp\/v2\/comments?post=78716"}],"version-history":[{"count":0,"href":"https:\/\/www.europesays.com\/es\/wp-json\/wp\/v2\/posts\/78716\/revisions"}],"wp:featuredmedia":[{"embeddable":true,"href":"https:\/\/www.europesays.com\/es\/wp-json\/wp\/v2\/media\/78717"}],"wp:attachment":[{"href":"https:\/\/www.europesays.com\/es\/wp-json\/wp\/v2\/media?parent=78716"}],"wp:term":[{"taxonomy":"category","embeddable":true,"href":"https:\/\/www.europesays.com\/es\/wp-json\/wp\/v2\/categories?post=78716"},{"taxonomy":"post_tag","embeddable":true,"href":"https:\/\/www.europesays.com\/es\/wp-json\/wp\/v2\/tags?post=78716"}],"curies":[{"name":"wp","href":"https:\/\/api.w.org\/{rel}","templated":true}]}}