{"id":78800,"date":"2025-08-29T00:26:12","date_gmt":"2025-08-29T00:26:12","guid":{"rendered":"https:\/\/www.europesays.com\/es\/78800\/"},"modified":"2025-08-29T00:26:12","modified_gmt":"2025-08-29T00:26:12","slug":"eeuu-aprueba-venta-de-misiles-a-ucrania-por-usd-825-millones","status":"publish","type":"post","link":"https:\/\/www.europesays.com\/es\/78800\/","title":{"rendered":"EEUU aprueba venta de misiles a Ucrania por USD 825 millones"},"content":{"rendered":"<p>    <img src=\"https:\/\/www.europesays.com\/es\/wp-content\/uploads\/2025\/08\/72ra49r-item01-ipad-89913714.jpg\" width=\"1024\" height=\"682\" alt=\"\" loading=\"eager\" decoding=\"sync\" fetchpriority=\"high\"\/><\/p>\n<p>            afp_tickers        <\/p>\n<p>        Este contenido fue publicado en    <\/p>\n<p>        28 agosto 2025 &#8211; 23:46\n<\/p>\n<p>El gobierno de Estados Unidos aprob\u00f3 la venta a Ucrania de 3.350 misiles ERAM, dise\u00f1ados para extender el alcance de ataque de los aviones de combate, as\u00ed como el equipamiento relacionado, por 825 millones de d\u00f3lares.\u00a0<\/p>\n<p>El Departamento de Estado dio luz verde a la transacci\u00f3n y la agencia estadounidense de cooperaci\u00f3n para la seguridad de la defensa (DSCA), dependiente del Pent\u00e1gono, notific\u00f3 al Congreso, que a\u00fan debe aprobarla.<\/p>\n<p>Durante la presidencia del antecesor del presidente Donald Trump, el dem\u00f3crata Joe Biden, Washington se comprometi\u00f3 a proporcionar m\u00e1s de 65.000 millones de d\u00f3lares en asistencia militar a Ucrania, invadida por Rusia en febrero de 2022.<\/p>\n<p>Pero Trump, esc\u00e9ptico sobre la asistencia a Kiev, ha presionado, en cambio, para que Europa desempe\u00f1e un papel m\u00e1s importante en la financiaci\u00f3n de m\u00e1s ayuda militar.<\/p>\n<p>Kiev realizar\u00e1 la compra con financiaci\u00f3n de Dinamarca, Pa\u00edses Bajos y Noruega, y una garant\u00eda de pr\u00e9stamo de Estados Unidos, seg\u00fan inform\u00f3 la DSCA en un comunicado.\u00a0<\/p>\n<p>\u00abEsta propuesta de venta mejorar\u00e1 la capacidad de Ucrania para hacer frente a las amenazas actuales y futuras, equip\u00e1ndola mejor para llevar a cabo misiones de autodefensa y seguridad regional\u00bb, dijo la DSCA.\u00a0<\/p>\n<p>Adem\u00e1s, \u00abapoyar\u00e1 los objetivos de pol\u00edtica exterior y seguridad nacional de Estados Unidos al mejorar la seguridad de un pa\u00eds socio que es una fuerza impulsora de la estabilidad pol\u00edtica y el progreso econ\u00f3mico en Europa\u00bb, a\u00f1adi\u00f3.<\/p>\n<p>wd\/sla\/ad\/nn<\/p>\n","protected":false},"excerpt":{"rendered":"afp_tickers Este contenido fue publicado en 28 agosto 2025 &#8211; 23:46 El gobierno de Estados Unidos aprob\u00f3 la&hellip;\n","protected":false},"author":2,"featured_media":78801,"comment_status":"","ping_status":"","sticky":false,"template":"","format":"standard","meta":{"footnotes":""},"categories":[42],"tags":[11642,17,18,636,11643,13,14,4437,11,61,62,63,64,19,20,30195,9,10,15,16,88,90,12,21,22,30196,65,66,67],"class_list":{"0":"post-78800","1":"post","2":"type-post","3":"status-publish","4":"format-standard","5":"has-post-thumbnail","7":"category-internacional","8":"tag-armed-forces","9":"tag-breaking-news","10":"tag-breakingnews","11":"tag-conflict","12":"tag-defence","13":"tag-featured-news","14":"tag-featurednews","15":"tag-government","16":"tag-headlines","17":"tag-internacional","18":"tag-international","19":"tag-international-news","20":"tag-internationalnews","21":"tag-latest-news","22":"tag-latestnews","23":"tag-military-equipment","24":"tag-news","25":"tag-noticias","26":"tag-noticias-destacadas","27":"tag-noticiasdestacadas","28":"tag-politics","29":"tag-ticker","30":"tag-titulares","31":"tag-ultimas-noticias","32":"tag-ultimasnoticias","33":"tag-weaponry","34":"tag-world","35":"tag-world-news","36":"tag-worldnews"},"share_on_mastodon":{"url":"","error":""},"_links":{"self":[{"href":"https:\/\/www.europesays.com\/es\/wp-json\/wp\/v2\/posts\/78800","targetHints":{"allow":["GET"]}}],"collection":[{"href":"https:\/\/www.europesays.com\/es\/wp-json\/wp\/v2\/posts"}],"about":[{"href":"https:\/\/www.europesays.com\/es\/wp-json\/wp\/v2\/types\/post"}],"author":[{"embeddable":true,"href":"https:\/\/www.europesays.com\/es\/wp-json\/wp\/v2\/users\/2"}],"replies":[{"embeddable":true,"href":"https:\/\/www.europesays.com\/es\/wp-json\/wp\/v2\/comments?post=78800"}],"version-history":[{"count":0,"href":"https:\/\/www.europesays.com\/es\/wp-json\/wp\/v2\/posts\/78800\/revisions"}],"wp:featuredmedia":[{"embeddable":true,"href":"https:\/\/www.europesays.com\/es\/wp-json\/wp\/v2\/media\/78801"}],"wp:attachment":[{"href":"https:\/\/www.europesays.com\/es\/wp-json\/wp\/v2\/media?parent=78800"}],"wp:term":[{"taxonomy":"category","embeddable":true,"href":"https:\/\/www.europesays.com\/es\/wp-json\/wp\/v2\/categories?post=78800"},{"taxonomy":"post_tag","embeddable":true,"href":"https:\/\/www.europesays.com\/es\/wp-json\/wp\/v2\/tags?post=78800"}],"curies":[{"name":"wp","href":"https:\/\/api.w.org\/{rel}","templated":true}]}}