{"id":78858,"date":"2025-08-29T01:03:11","date_gmt":"2025-08-29T01:03:11","guid":{"rendered":"https:\/\/www.europesays.com\/es\/78858\/"},"modified":"2025-08-29T01:03:11","modified_gmt":"2025-08-29T01:03:11","slug":"cual-ha-sido-el-libro-del-verano-en-la-feria-del-libro-de-a-coruna","status":"publish","type":"post","link":"https:\/\/www.europesays.com\/es\/78858\/","title":{"rendered":"\u00bfCu\u00e1l ha sido el libro del verano en la Feria del Libro de A Coru\u00f1a?"},"content":{"rendered":"<p class=\"paragraph\" id=\"paragraph_1\">Los \u00faltimos coletazos del verano ya est\u00e1n aqu\u00ed y con \u00e9l, el final de las Fiestas de Mar\u00eda Pita, que como cada a\u00f1o trajeron a A Coru\u00f1a la<strong> Feria del Libro,<\/strong> una de las citas m\u00e1s esperadas por los lectores coru\u00f1eses llena de libros y de firmas de sus autores preferidos.<\/p>\n<p><img loading=\"lazy\" decoding=\"async\" alt=\"Casetas de la librer\u00eda Couceiro y la librer\u00eda Arenas en la Feria del Libro de A Coru\u00f1a.\" height=\"180\" src=\"https:\/\/www.europesays.com\/es\/wp-content\/uploads\/2025\/08\/1756429391_141_1003743876087_257799071_320x180.jpg\" width=\"320\" data-lazy-status=\"processed\" data-lazy-info=\"remove loading item 1\"\/><\/p>\n<p class=\"paragraph\" id=\"paragraph_2\"><strong>Este es el a\u00f1o de La Asistenta<\/strong>, Premio Valencia Negra en la categor\u00eda Best Novel, un thiller psicol\u00f3gico escrito por la estadounidense Freida McFadden, que inicia una trilog\u00eda de libros en torno a la figura de su protagonista. La obra brill\u00f3 entre los <strong>m\u00e1s vendidos de librer\u00edas como las coru\u00f1esas Arenas y Novel.<\/strong><\/p>\n<p class=\"paragraph\" id=\"paragraph_3\">Un calendario repleto de citas literarias que empez\u00f3 el lunes d\u00eda 1 y que concluy\u00f3 el domingo 10 de agosto. <strong>Entre los \u00e9xitos sorpresa del verano, est\u00e1 la novela El jardinero y la muerte del b\u00falgaro<\/strong> Gueorgui Gospod\u00ednov. A este libro se unen t\u00edtulos como <strong>Curando el mundo: Diario de un cirujano n\u00f3mada<\/strong> del m\u00e9dico coru\u00f1\u00e9s Diego Gonz\u00e1lez Rivas y Mar\u00eda Ferreira y <strong>La Dama de Amboto<\/strong> de Rober Cagiao.<\/p>\n<p>El tir\u00f3n del gallego se mantiene<\/p>\n<p class=\"paragraph\" id=\"paragraph_4\">Los libros en gallego tambi\u00e9n se han hecho un buen hueco en las listas de compra de los lectores coru\u00f1eses, de la mano de autores como el premio de Literatura Nacional, <strong>Manuel Rivas, Pedro Feijoo, \u00d3scar Reboiras, Bea Lema, Ledicia Costas y Yolanda Casta\u00f1o<\/strong>. \u00abAyuda mucho que los autores vengan a firmar a las casetas, invitan a la gente a pasarse, comprar el libro y llev\u00e1rselo firmado\u00bb, explica Alejandra de Diego, copropietaria de la librer\u00eda Berbiriana.<\/p>\n<p class=\"paragraph\" id=\"paragraph_5\">En gallego el best seller de esta edici\u00f3n de la feria ha sido <strong>Tras do Ceo<\/strong> de Manuel Rivas, que rein\u00f3 en varias de las casetas, seguido de obras como <strong>As tolas que non o eran <\/strong>de Carmen V. Vali\u00f1a. \u00abTrata de los casos de las mujeres que encerraban en el psiqui\u00e1trico de Conxo por ser normales y tener ganas de salir\u00bb, explica Alejandra de Berbiriana.<\/p>\n<p>La ubicaci\u00f3n de la feria no castiga al sector<\/p>\n<p class=\"paragraph\" id=\"paragraph_6\">Este a\u00f1o la feria <strong>cambi\u00f3 de ubicaci\u00f3n<\/strong> debido a las obras de los Cantones, una noticia que al principio no fue bien recibida por el sector del libro y que, durante el transcurso de la feria, <strong>gener\u00f3 diversidad de opiniones entre los libreros.<\/strong><\/p>\n<p class=\"paragraph\" id=\"paragraph_7\">\u00abAl principio pens\u00e1bamos que cambio de lugar nos iba a influir y <strong>nos equivocamos porque se logr\u00f3 que la gente viniera. Es un tipo de cliente que viene aposta a la feria<\/strong>. Les pregunt\u00e1bamos y muchos prefer\u00edan esta ubicaci\u00f3n\u00bb, explica la propietaria de Berbiriana. Opini\u00f3n con la que coincide Bego\u00f1a de librer\u00edas <strong>Couceiro: \u00abLa verdad es que nos fue muy bien\u00bb.<\/strong><\/p>\n<p class=\"paragraph\" id=\"paragraph_8\">En contraste con la percepci\u00f3n de Manuel Arenas, propietario de la <strong>Librer\u00eda Arenas, quien se\u00f1ala que se salvaron por la gran afluencia de visitas que tuvo la ciudad<\/strong> la primera quincena de agosto: \u00abLos lectores, clientes y turistas estaban muy perdidos, no sab\u00edan d\u00f3nde est\u00e1bamos\u00bb.<\/p>\n","protected":false},"excerpt":{"rendered":"Los \u00faltimos coletazos del verano ya est\u00e1n aqu\u00ed y con \u00e9l, el final de las Fiestas de Mar\u00eda&hellip;\n","protected":false},"author":2,"featured_media":78859,"comment_status":"","ping_status":"","sticky":false,"template":"","format":"standard","meta":{"footnotes":""},"categories":[172],"tags":[5843,224,6689,209,146,147,25,24,5780,225,30219,23],"class_list":{"0":"post-78858","1":"post","2":"type-post","3":"status-publish","4":"format-standard","5":"has-post-thumbnail","7":"category-libros","8":"tag-a-coruna","9":"tag-books","10":"tag-comarca-de-a-coruna","11":"tag-cultura","12":"tag-entertainment","13":"tag-entretenimiento","14":"tag-es","15":"tag-espana","16":"tag-feria-del-libro","17":"tag-libros","18":"tag-libros-del-ano","19":"tag-spain"},"share_on_mastodon":{"url":"","error":""},"_links":{"self":[{"href":"https:\/\/www.europesays.com\/es\/wp-json\/wp\/v2\/posts\/78858","targetHints":{"allow":["GET"]}}],"collection":[{"href":"https:\/\/www.europesays.com\/es\/wp-json\/wp\/v2\/posts"}],"about":[{"href":"https:\/\/www.europesays.com\/es\/wp-json\/wp\/v2\/types\/post"}],"author":[{"embeddable":true,"href":"https:\/\/www.europesays.com\/es\/wp-json\/wp\/v2\/users\/2"}],"replies":[{"embeddable":true,"href":"https:\/\/www.europesays.com\/es\/wp-json\/wp\/v2\/comments?post=78858"}],"version-history":[{"count":0,"href":"https:\/\/www.europesays.com\/es\/wp-json\/wp\/v2\/posts\/78858\/revisions"}],"wp:featuredmedia":[{"embeddable":true,"href":"https:\/\/www.europesays.com\/es\/wp-json\/wp\/v2\/media\/78859"}],"wp:attachment":[{"href":"https:\/\/www.europesays.com\/es\/wp-json\/wp\/v2\/media?parent=78858"}],"wp:term":[{"taxonomy":"category","embeddable":true,"href":"https:\/\/www.europesays.com\/es\/wp-json\/wp\/v2\/categories?post=78858"},{"taxonomy":"post_tag","embeddable":true,"href":"https:\/\/www.europesays.com\/es\/wp-json\/wp\/v2\/tags?post=78858"}],"curies":[{"name":"wp","href":"https:\/\/api.w.org\/{rel}","templated":true}]}}