{"id":78926,"date":"2025-08-29T01:48:10","date_gmt":"2025-08-29T01:48:10","guid":{"rendered":"https:\/\/www.europesays.com\/es\/78926\/"},"modified":"2025-08-29T01:48:10","modified_gmt":"2025-08-29T01:48:10","slug":"carrito-de-la-compra-el-icono-del-diseno-de-los-anos-70-made-in-spain-que-triunfa-entre-la-gen-z","status":"publish","type":"post","link":"https:\/\/www.europesays.com\/es\/78926\/","title":{"rendered":"Carrito de la compra, el icono del dise\u00f1o de los a\u00f1os 70 \u2018made in Spain\u2019 que triunfa entre la Gen Z"},"content":{"rendered":"<p><strong>Carrito de la compra, el icono del dise\u00f1o de los a\u00f1os 70 \u2018made in Spain\u2019 que triunfa entre la Gen Z<\/strong><\/p>\n<p><a href=\"https:\/\/www.revistaad.es\/articulos\/madrid-is-booming-o-por-que-la-capital-de-espana-es-el-destino-del-momento-para-creativos\" rel=\"nofollow noopener\" target=\"_blank\">Espa\u00f1a y su estilo de vida<\/a> \u2014especialmente, Madrid\u2014 est\u00e1n de moda. <strong>La revista brit\u00e1nica Monocle, biblia del estilo urbanita, <a data-offer-url=\"https:\/\/monocle.com\/shop\/product\/september-2025-issue-186\/\" class=\"external-link\" data-event-click=\"{&quot;element&quot;:&quot;ExternalLink&quot;,&quot;outgoingURL&quot;:&quot;https:\/\/monocle.com\/shop\/product\/september-2025-issue-186\/&quot;}\" href=\"https:\/\/monocle.com\/shop\/product\/september-2025-issue-186\/\" rel=\"nofollow noopener\" target=\"_blank\">dedica su portada de septiembre<\/a><\/strong> al carrito de la compra, objeto que, para muchos y muchas, es todav\u00eda s\u00edmbolo de se\u00f1oras de los pueblos de Espa\u00f1a \u2014de hecho, seg\u00fan la publicaci\u00f3n, el 63 % de los espa\u00f1oles posee uno\u2014, que acuden a diario a comprar productos frescos y de temporada (la tan recomendada dieta mediterr\u00e1nea).<\/p>\n<p>\u201cYa muchos usuarios ven el <strong>carrito de la compra como un objeto de moda m\u00e1s, al igual que un bolso:<\/strong> tienen varios para combinar a juego con la ropa\u201d<\/p>\n<p>Isa Server, dise\u00f1o de producto en Rolser<\/p>\n<p>Y la noticia est\u00e1 en que los nuevos usuarios y compradores de esta joya democr\u00e1tica del dise\u00f1o son j\u00f3venes. <strong>\u00bfUna explicaci\u00f3n racional al fen\u00f3meno inesperado? Sin duda, la popularizaci\u00f3n del slow life, que te empuja a ir a la compra t\u00fa mismo.<\/strong> Si Jeremy Allen White acude cada semana a por sus ramos XXL de flores, \u00bfpor qu\u00e9 t\u00fa no puedes elegir tus tomates, ramilletes de kale y ruibarbos en el puesto del mercado los s\u00e1bados por la ma\u00f1ana? De hecho, ya <strong>es habitual ver los granny trolleys o caddies [as\u00ed se les menta m\u00e1s all\u00e1 de nuestras fronteras] en los bazares de las calles principales de Bow, Peckham o Dalston, en Londres, o en <a href=\"https:\/\/www.revistaad.es\/articulos\/la-vida-en-el-nuevo-barrio-mas-cool-de-europa-transforme-este-piso-en-10-dias\" rel=\"nofollow noopener\" target=\"_blank\">Le Marais, Par\u00eds, y hasta en Neuk\u00f6lln, Berl\u00edn<\/a><\/strong><a href=\"https:\/\/www.revistaad.es\/articulos\/la-vida-en-el-nuevo-barrio-mas-cool-de-europa-transforme-este-piso-en-10-dias\" rel=\"nofollow noopener\" target=\"_blank\">.<\/a> M\u00e1s c\u00f3modo, m\u00e1s ecol\u00f3gico y m\u00e1s fiable que las bolsas de pl\u00e1stico o papel, \u00bfcierto? Tambi\u00e9n, por descontado, m\u00e1s instagrameable.<\/p>\n<p>TikTok content<\/p>\n<p>This content can also be viewed on the site it <a href=\"https:\/\/www.tiktok.com\/@alinemarchant\/video\/7483480243483905282\" target=\"_blank\" rel=\"nofollow noreferrer noopener\" aria-label=\"Opens in a new window\" class=\"BaseWrap-sc-gzmcOU BaseText-eqOrNE BaseLink-eTpkqh ConsentBannerLink-dEGWLe deqABF gXpaXd hYYsGu\">originates<\/a> from.<\/p>\n<p>\u201cPara muchos usuarios, los <strong>carritos de la compra ya son objetos de moda, como los bolsos: tienen varios para combinar a juego con la ropa\u201d<\/strong>, opina para AD Isa Server, del departamento de dise\u00f1o de producto de <a data-offer-url=\"https:\/\/www.rolser.com\/?srsltid=AfmBOoqx8lOTAHe_fmCC4wtT1DhYmVTYP5PAlJT3UtYPjwK3qDy7_obu\" class=\"external-link\" data-event-click=\"{&quot;element&quot;:&quot;ExternalLink&quot;,&quot;outgoingURL&quot;:&quot;https:\/\/www.rolser.com\/?srsltid=AfmBOoqx8lOTAHe_fmCC4wtT1DhYmVTYP5PAlJT3UtYPjwK3qDy7_obu&quot;}\" href=\"https:\/\/www.rolser.com\/?srsltid=AfmBOoqx8lOTAHe_fmCC4wtT1DhYmVTYP5PAlJT3UtYPjwK3qDy7_obu\" rel=\"nofollow noopener\" target=\"_blank\">la firma Rolser<\/a>, reponsables del dise\u00f1o de este objeto en los a\u00f1os 70, un producto pensado para facilitar la vida diaria, sin renunciar al dise\u00f1o ni a la funcionalidad.<\/p>\n<p>Instagram content<\/p>\n<p>This content can also be viewed on the site it <a href=\"https:\/\/www.instagram.com\/p\/DMxzHJ7Bgsy\" target=\"_blank\" rel=\"nofollow noreferrer noopener\" aria-label=\"Opens in a new window\" class=\"BaseWrap-sc-gzmcOU BaseText-eqOrNE BaseLink-eTpkqh ConsentBannerLink-dEGWLe deqABF gXpaXd hYYsGu\">originates<\/a> from.<\/p>\n<p><strong>Una PYME espa\u00f1ola con mucho que ense\u00f1ar al mundo sobre c\u00f3mo democratizar el buen dise\u00f1o<\/strong><\/p>\n<p><strong>\u00bfY qui\u00e9n manda en el mercado de este objeto? Sin duda, Rolser, una empresa alicantina con m\u00e1s de 100 empleados que lleva medio siglo fabricando carritos.<\/strong> Fue en 1972 cuando Vicente Server Ferrer e Isabel P\u00e9rez Costa, un matrimonio que hab\u00eda comenzado su andadura empresarial siete a\u00f1os antes con la <a href=\"https:\/\/www.revistaad.es\/diseno\/branded\/articulos\/ad-creators-2025-jurado\" rel=\"nofollow noopener\" target=\"_blank\">fabricaci\u00f3n de bolsas de mano y capazos,<\/a> decidieron a\u00f1adir un chasis y unas ruedas a sus productos, <strong>justo cuando los supermercados hicieron su aparici\u00f3n en Espa\u00f1a<\/strong> \u2014el objetivo, que la gente comprara m\u00e1s y se autoabasteciera de forma sencilla. Tantos a\u00f1os despu\u00e9s <strong>la empresa sigue siendo familiar, a pesar de las anuales ofertas por parte de fondos y multinacionales<\/strong> para absorberla.<\/p>\n<p>Rolser ha lanzado una colaboraci\u00f3n con la firma brit\u00e1nica William Morris, famosa por sus estampados inspirados en la naturaleza y por el esp\u00edritu de su fundador, un socialista convencido que buscaba democratizar la belleza en plena Revoluci\u00f3n Industrial.@ Cortes\u00eda de Rolser<\/p>\n<p>Retrato de Vicent Server, CEO de ROLSER, en la sede de la empresa en Alicante.@ Cortes\u00eda de Rolser<\/p>\n<p>\u00abPasamos del carrito de la compra de hierro y ruedas peque\u00f1as, al de aluminio con cuatro ruedas y plegable. <strong>Hoy en d\u00eda, el 90 %  de los materiales que usamos son reciclados\u201d,<\/strong><\/p>\n<p><strong>Vicent Server, CEO de Rolser<\/strong><\/p>\n<p>\u201cHemos dedicado muchos esfuerzos para que <strong>el carrito de la compra se integre como parte de la vida cotidiana de la gente joven,<\/strong> porque efectivamente es un objeto que tiene muchos usos. Hemos hecho campa\u00f1as internacionales y lo hemos conseguido \u2014en Espa\u00f1a, el usuario ha estado condicionado por la imagen de objeto asociado a gente mayor. <strong>\u00a1De hecho, hay veces que a clientes de fuera hemos tenido que decirles que tambi\u00e9n sirve para comprar comida!<\/strong> Luego, ha habido a lo largo de los a\u00f1os innovaciones en el dise\u00f1o. Pasamos del carrito de la compra de hierro y ruedas peque\u00f1as, al de aluminio con cuatro ruedas y plegable. <strong>Hoy en d\u00eda, el 90 % de los materiales que usamos son reciclados\u201d, desvela Vicent Server, CEO de Rolser<\/strong> junto a Mireia Server. \u201cLa gente ya usa el carrito para llevar instrumentos, ir a la playa, hacer peque\u00f1as mudanzas y hasta llevar a los ni\u00f1os al colegio\u201d, a\u00f1ade.<\/p>\n<p><script async src=\"\/\/www.instagram.com\/embed.js\"><\/script><script async src=\"\/\/www.tiktok.com\/embed.js\"><\/script><\/p>\n","protected":false},"excerpt":{"rendered":"Carrito de la compra, el icono del dise\u00f1o de los a\u00f1os 70 \u2018made in Spain\u2019 que triunfa entre&hellip;\n","protected":false},"author":2,"featured_media":78927,"comment_status":"","ping_status":"","sticky":false,"template":"","format":"standard","meta":{"footnotes":""},"categories":[173],"tags":[229,233,231,230,232,234,146,147,25,24,23],"class_list":{"0":"post-78926","1":"post","2":"type-post","3":"status-publish","4":"format-standard","5":"has-post-thumbnail","7":"category-arte-y-diseno","8":"tag-arte","9":"tag-arte-y-diseno","10":"tag-arts","11":"tag-arts-and-design","12":"tag-design","13":"tag-diseno","14":"tag-entertainment","15":"tag-entretenimiento","16":"tag-es","17":"tag-espana","18":"tag-spain"},"share_on_mastodon":{"url":"","error":""},"_links":{"self":[{"href":"https:\/\/www.europesays.com\/es\/wp-json\/wp\/v2\/posts\/78926","targetHints":{"allow":["GET"]}}],"collection":[{"href":"https:\/\/www.europesays.com\/es\/wp-json\/wp\/v2\/posts"}],"about":[{"href":"https:\/\/www.europesays.com\/es\/wp-json\/wp\/v2\/types\/post"}],"author":[{"embeddable":true,"href":"https:\/\/www.europesays.com\/es\/wp-json\/wp\/v2\/users\/2"}],"replies":[{"embeddable":true,"href":"https:\/\/www.europesays.com\/es\/wp-json\/wp\/v2\/comments?post=78926"}],"version-history":[{"count":0,"href":"https:\/\/www.europesays.com\/es\/wp-json\/wp\/v2\/posts\/78926\/revisions"}],"wp:featuredmedia":[{"embeddable":true,"href":"https:\/\/www.europesays.com\/es\/wp-json\/wp\/v2\/media\/78927"}],"wp:attachment":[{"href":"https:\/\/www.europesays.com\/es\/wp-json\/wp\/v2\/media?parent=78926"}],"wp:term":[{"taxonomy":"category","embeddable":true,"href":"https:\/\/www.europesays.com\/es\/wp-json\/wp\/v2\/categories?post=78926"},{"taxonomy":"post_tag","embeddable":true,"href":"https:\/\/www.europesays.com\/es\/wp-json\/wp\/v2\/tags?post=78926"}],"curies":[{"name":"wp","href":"https:\/\/api.w.org\/{rel}","templated":true}]}}