{"id":78936,"date":"2025-08-29T01:54:12","date_gmt":"2025-08-29T01:54:12","guid":{"rendered":"https:\/\/www.europesays.com\/es\/78936\/"},"modified":"2025-08-29T01:54:12","modified_gmt":"2025-08-29T01:54:12","slug":"salud-publica-alerta-de-la-transmision-del-dengue-en-navarra-y-notifica-ya-8-casos-este-ano","status":"publish","type":"post","link":"https:\/\/www.europesays.com\/es\/78936\/","title":{"rendered":"Salud P\u00fablica alerta de la transmisi\u00f3n del dengue en Navarra y notifica ya 8 casos este a\u00f1o"},"content":{"rendered":"<p>\n        El informe epidemiol\u00f3gico que elabora el Instituto de Salud P\u00fablica de Navarra sigue manifestando su preocupaci\u00f3n por la transmisic\u00f3n del dengue en la Comunidad Foral. Recuerda el informe que en 2025 se han notificado 8 casos de enfermedad del Dengue en Navarra en personas que hab\u00edan viajado a Maldivas, Cuba, Indonesia, Nicaragua y Filipinas. En las pr\u00f3ximas semanas podr\u00edan registrarse m\u00e1s casos en personas\n<\/p>\n<p class=\"article-body__text \">\n        que regresan de las vacaciones.\n<\/p>\n<p class=\"article-body__text \">\n        En los lugares de Navarra donde est\u00e1 presente el mosquito tigre (Aedes albopictus), si este mosquito pica a una persona llegada de zonas end\u00e9micas infectada por el virus del Dengue o del Chikungunya, podr\u00eda generar contagios al picar despu\u00e9s a otras personas. Este verano se han diagnosticado 3 casos de transmisi\u00f3n aut\u00f3ctona de Chikungunya en Hendaya y varios m\u00e1s, en otros lugares de Francia y en Italia.\n<\/p>\n<p>  Recomendaciones<\/p>\n<p class=\"article-body__text \">\n        En caso de sospecha y detecci\u00f3n de posibles casos:\n<\/p>\n<p class=\"article-body__text \">\n        &#8211; Cl\u00ednica sugestiva en personas llegadas de zonas end\u00e9micas.\n<\/p>\n<p class=\"article-body__text \">\n        &#8211; Cl\u00ednica sugestiva en ausencia de s\u00edntomas respiratorios y de otra causa que lo explique, especialmente si hay antecedente reciente de picadura por el mosquito tigre.\n<\/p>\n<p class=\"article-body__text \">\n        El periodo de incubaci\u00f3n es de 4-10 d\u00edas, pudiendo llegar a 14 d\u00edas.\n<\/p>\n<p class=\"article-body__text \">\n        <strong>Cl\u00ednica sugestiva<\/strong>\n<\/p>\n<p class=\"article-body__text \">\n        &#8211; Dengue se caracteriza por comienzo repentino de fiebre, dolor (cefalea intensa, mialgias, artralgias, dolor retroorbitario), anorexia, n\u00e1useas, v\u00f3mitos y en el 50% de los casos, con una erupci\u00f3n cut\u00e1nea con manchas claras rodeadas de piel enrojecida, descrita como \u00abislas blancas en un mar rojo\u00bb. La mayor\u00eda de los casos son leves y auto limitados, pero         <\/p>\n<p class=\"article-body__text \">\n        &#8211; Chikungunya se caracteriza por aparici\u00f3n repentina de fiebre, escalofr\u00edos, cefalalgia, anorexia, conjuntivitis, lumbalgia y\/o artralgias graves. La artralgia afecta principalmente a las mu\u00f1ecas, rodillas, tobillos y articulaciones peque\u00f1as de manos y pies. En m\u00e1s de la mitad de los casos, la artritis va seguida en 1-10 d\u00edas poruna erupci\u00f3n maculo-papulosa que cede en 1-4 d\u00edas con descamaci\u00f3n fina. Es com\u00fan la mialgia y fatiga. Los\n<\/p>\n<p class=\"article-body__text \">\n        s\u00edntomas suelen desaparecer en 7-10 d\u00edas, y el dolor y la rigidez de articulaciones pueden durar m\u00e1s.\n<\/p>\n<p class=\"article-body__text \">\n        A diferencia de otras viriasis, los s\u00edntomas de v\u00edas respiratorias no son caracter\u00edsticos del Dengue ni Chikungunya.\n<\/p>\n<p>  Confirmaci\u00f3n diagn\u00f3stica<\/p>\n<p class=\"article-body__text \">\n        &#8211; Serolog\u00eda. Determinaci\u00f3n de IgG e IgM para los virus del Dengue y\/o Chikungunya. La IgM suele ser positiva a partir del 4\u00ba d\u00eda.\n<\/p>\n<p class=\"article-body__text \">\n        &#8211; PCR en sangre. En los cinco primeros d\u00edas se puede detectar el virus en sangre.\n<\/p>\n<p class=\"article-body__text \">\n        En la anal\u00edtica de sangre suele detectarse trombocitopenia, leucopenia y alteraci\u00f3n de las pruebas hep\u00e1ticas.\n<\/p>\n<p>  Precauciones que deben cumplir los casos<\/p>\n<p class=\"article-body__text \">\n        Los casos sospechosos o confirmados de Dengue o Chikungunya y, tambi\u00e9n, todas las personas que regresan de zonas end\u00e9micas, aunque est\u00e9n asintom\u00e1ticas, deben poner todos los medios posibles para evitar picaduras de mosquitos durante el periodo febril y como m\u00ednimo 10 d\u00edas desde el comienzo de los s\u00edntomas o desde la llegada.\n<\/p>\n<p>  Recomendaciones generales para evitar problemas de salud relacionados con mosquitos<\/p>\n<p class=\"article-body__text \">\n        1. Mantener patios, terrazas y jardines libres de objetos y recipientes que puedan acumular agua de riego o lluvia,\n<\/p>\n<p class=\"article-body__text \">\n        por ser posibles puntos de proliferaci\u00f3n de mosquitos.\n<\/p>\n<p class=\"article-body__text \">\n        2. Las personas que van a viajar a una zona de riesgo, conviene que consulten las medidas preventivas en Sanidad\n<\/p>\n<p class=\"article-body__text \">\n        Exterior y las apliquen para evitar las picaduras de mosquitos.\n<\/p>\n<p class=\"article-body__text \">\n        3. En lugares y fechas con posible presencia de mosquitos es recomendable vestir ropa de manga larga y pantal\u00f3n\n<\/p>\n<p class=\"article-body__text \">\n        largo de colores neutros, utilizar repelentes sobre la piel expuesta y ropa y evitar perfumes. En las viviendas utilizar\n<\/p>\n<p class=\"article-body__text \">\n        aire acondicionado o mosquiteras en ventanas y puertas e insecticidas ambientales<\/p>\n","protected":false},"excerpt":{"rendered":"El informe epidemiol\u00f3gico que elabora el Instituto de Salud P\u00fablica de Navarra sigue manifestando su preocupaci\u00f3n por la&hellip;\n","protected":false},"author":2,"featured_media":78937,"comment_status":"","ping_status":"","sticky":false,"template":"","format":"standard","meta":{"footnotes":""},"categories":[92],"tags":[3830,2216,25,24,165,4500,166,23,3599],"class_list":{"0":"post-78936","1":"post","2":"type-post","3":"status-publish","4":"format-standard","5":"has-post-thumbnail","7":"category-salud","8":"tag-alerta","9":"tag-dengue","10":"tag-es","11":"tag-espana","12":"tag-health","13":"tag-publica","14":"tag-salud","15":"tag-spain","16":"tag-transmision"},"share_on_mastodon":{"url":"","error":""},"_links":{"self":[{"href":"https:\/\/www.europesays.com\/es\/wp-json\/wp\/v2\/posts\/78936","targetHints":{"allow":["GET"]}}],"collection":[{"href":"https:\/\/www.europesays.com\/es\/wp-json\/wp\/v2\/posts"}],"about":[{"href":"https:\/\/www.europesays.com\/es\/wp-json\/wp\/v2\/types\/post"}],"author":[{"embeddable":true,"href":"https:\/\/www.europesays.com\/es\/wp-json\/wp\/v2\/users\/2"}],"replies":[{"embeddable":true,"href":"https:\/\/www.europesays.com\/es\/wp-json\/wp\/v2\/comments?post=78936"}],"version-history":[{"count":0,"href":"https:\/\/www.europesays.com\/es\/wp-json\/wp\/v2\/posts\/78936\/revisions"}],"wp:featuredmedia":[{"embeddable":true,"href":"https:\/\/www.europesays.com\/es\/wp-json\/wp\/v2\/media\/78937"}],"wp:attachment":[{"href":"https:\/\/www.europesays.com\/es\/wp-json\/wp\/v2\/media?parent=78936"}],"wp:term":[{"taxonomy":"category","embeddable":true,"href":"https:\/\/www.europesays.com\/es\/wp-json\/wp\/v2\/categories?post=78936"},{"taxonomy":"post_tag","embeddable":true,"href":"https:\/\/www.europesays.com\/es\/wp-json\/wp\/v2\/tags?post=78936"}],"curies":[{"name":"wp","href":"https:\/\/api.w.org\/{rel}","templated":true}]}}