{"id":78938,"date":"2025-08-29T01:55:13","date_gmt":"2025-08-29T01:55:13","guid":{"rendered":"https:\/\/www.europesays.com\/es\/78938\/"},"modified":"2025-08-29T01:55:13","modified_gmt":"2025-08-29T01:55:13","slug":"bruce-willis-ha-sido-trasladado-a-una-casa-de-cuidados-especiales-revelo-su-esposa-emma-heming","status":"publish","type":"post","link":"https:\/\/www.europesays.com\/es\/78938\/","title":{"rendered":"Bruce Willis ha sido trasladado a una casa de cuidados especiales, revel\u00f3 su esposa Emma Heming"},"content":{"rendered":"<p><img alt=\"Emma Heming asegur\u00f3 que tuvo\" class=\"global-image\" decoding=\"async\" fetchpriority=\"high\" height=\"1080\" loading=\"eager\" src=\"https:\/\/www.europesays.com\/es\/wp-content\/uploads\/2025\/08\/1756432510_507_K5HT3T5NRBDVPFE636ZQWZCUKQ.jpg\" width=\"1920\"\/>Emma Heming asegur\u00f3 que tuvo que tomar una dif\u00edcil decisi\u00f3n para cuidar de la salud de Bruce Willis. (Instagram Emma Heming Willis)<\/p>\n<p class=\"paragraph\">Diagnosticado en 2023 con demencia frontotemporal,<b> Bruce Willis<\/b> enfrenta una etapa en la que su familia ha tenido que reorganizar su vida por completo para cuidar de su salud. <\/p>\n<p class=\"paragraph\">Esta semana, su esposa <b>Emma Heming Willis<\/b> ofreci\u00f3 una emotiva entrevista a Good Morning America, en la que revel\u00f3 detalles sobre la salud del actor de 70 a\u00f1os y las decisiones que ha tomado para garantizarle cuidados dignos.<\/p>\n<p class=\"paragraph\">Con voz serena, aunque visiblemente conmovida, Emma explic\u00f3 que el protagonista de Duro de matar vive actualmente en una \u201csegunda casa\u201d cercana al hogar familiar, donde recibe atenci\u00f3n las 24 horas del d\u00eda. <\/p>\n<p class=\"paragraph\">\u201c<b>Fue una de las decisiones m\u00e1s dif\u00edciles que he tenido que tomar<\/b> hasta ahora. Pero sab\u00eda, ante todo, que Bruce querr\u00eda eso para nuestras hijas\u201d, confes\u00f3.<\/p>\n<p><img alt=\"Emma Heming confes\u00f3 que Bruce\" class=\"global-image\" decoding=\"async\" fetchpriority=\"low\" height=\"501\" loading=\"lazy\" src=\"https:\/\/www.europesays.com\/es\/wp-content\/uploads\/2025\/08\/GG7EKAGTDVB6VAQQB4QKJD3JVU.jpeg\" width=\"403\"\/>Emma Heming confes\u00f3 que Bruce Willis tiene que vivir en otra casa para recibir atenci\u00f3n las 24 horas de d\u00eda. (Instagram Emma Heming Willis)<\/p>\n<p class=\"paragraph\">La pareja comparte dos ni\u00f1as: Mabel, de 13 a\u00f1os, y Evelyn, de 11. Para ellas, Heming quiso mantener un ambiente estable y adaptado a sus necesidades, sin que la enfermedad de su padre se convirtiera en el centro absoluto de la vida familiar. <\/p>\n<p class=\"paragraph\">\u201c<b>\u00c9l querr\u00eda que ellas vivieran en un hogar pensado para ellas, no para su enfermedad<\/b>\u201d, subray\u00f3.<\/p>\n<p class=\"paragraph\">Lejos de estar aislado, <b>Bruce Willis<\/b> comparte momentos cotidianos con sus hijas. \u201cLo ven mucho, desayunan y cenan con \u00e9l varias veces a la semana\u201d, dijo Emma, dejando en claro que la conexi\u00f3n emocional sigue siendo fundamental.<\/p>\n<p class=\"paragraph\">El actor tambi\u00e9n es padre de Rumer, Scout y Tallulah, fruto de su matrimonio con <b>Demi Moore<\/b>, quien ha estado presente en esta etapa junto a sus hijas mayores. Para toda la familia, el diagn\u00f3stico supuso poner nombre a una serie de cambios que hab\u00edan comenzado tiempo atr\u00e1s.<\/p>\n<p><img alt=\"Demi Moore se ha unido\" class=\"global-image\" decoding=\"async\" fetchpriority=\"low\" height=\"405\" loading=\"lazy\" src=\"https:\/\/www.europesays.com\/es\/wp-content\/uploads\/2025\/08\/4EOWIMK5N5EO3PZYOIAAKE6BRA.jpeg\" width=\"558\"\/>Demi Moore se ha unido al cuidado de Bruce Willis pese a estar divorciados.<br \/>\n(Instagram\/Demi Moore)<\/p>\n<p class=\"paragraph\">Por si fuera poco, <b>Emma Heming Willis<\/b> record\u00f3 que las se\u00f1ales iniciales fueron sutiles.<\/p>\n<p class=\"paragraph\">\u201cPara alguien tan conversador y participativo, <b>empez\u00f3 a volverse m\u00e1s callado. En las reuniones familiares, simplemente parec\u00eda derretirse<\/b> un poco, m\u00e1s fr\u00edo, m\u00e1s distante. No era el Bruce c\u00e1lido y afectuoso de siempre, y eso fue alarmante\u201d, cont\u00f3.<\/p>\n<p class=\"paragraph\">La demencia frontotemporal, seg\u00fan la Cl\u00ednica Mayo, afecta principalmente a las \u00e1reas del cerebro relacionadas con la personalidad, el comportamiento y el lenguaje. Para Heming, uno de los aspectos m\u00e1s duros ha sido notar c\u00f3mo <b>Bruce Willis<\/b> ha dejado de comunicarse como normalmente lo hacia. <\/p>\n<p class=\"paragraph\">\u201c<b>El cerebro lo est\u00e1 abandonando.<\/b> El lenguaje se va. Pero hemos aprendido a adaptarnos y encontramos nuevas formas de comunicarnos con \u00e9l\u201d, lament\u00f3.<\/p>\n<p><img alt=\"Emma Heming asever\u00f3 que Bruce\" class=\"global-image\" decoding=\"async\" fetchpriority=\"low\" height=\"360\" loading=\"lazy\" src=\"https:\/\/www.europesays.com\/es\/wp-content\/uploads\/2025\/08\/VEINRW2N6NBYNMYU43JQSVQR6Q\" width=\"640\"\/>Emma Heming asever\u00f3 que Bruce Willis  se est\u00e1 deteriorando poco a poco. (REUTERS\/Henry Nicholls)<\/p>\n<p class=\"paragraph\">Aun as\u00ed, la instructora de yoga asever\u00f3 que la estrella de Hollywood mantiene una buena condici\u00f3n f\u00edsica, pues \u201csigue siendo muy m\u00f3vil y en general est\u00e1 muy saludable\u201d. Sin embargo, Ema destac\u00f3 que el impacto de la enfermedad no se limita a lo m\u00e9dico, ya que admiti\u00f3 que tambi\u00e9n golpe\u00f3 su matrimonio. <\/p>\n<p class=\"paragraph\">\u201cNo entend\u00eda lo que estaba pasando.<b> Llegu\u00e9 a preguntarme: \u00bfpuedo seguir en un matrimonio que ya no se siente como antes? <\/b>Que ya no parece un matrimonio\u201d, confes\u00f3. <\/p>\n<p class=\"paragraph\">En ese tiempo, intent\u00f3 hablar con Willis sobre los cambios, pero \u00e9l \u201csiempre lo desestimaba\u201d, hasta que finalmente lleg\u00f3 el diagn\u00f3stico.<\/p>\n<p class=\"paragraph\">La entrevista coincidi\u00f3 con la promoci\u00f3n del nuevo libro de <b>Emma Heming Willis<\/b>, The Unexpected Journey: Finding Strength, Hope, and Yourself on the Caregiving Path, que ver\u00e1 la luz el pr\u00f3ximo 9 de septiembre. <\/p>\n<p><img alt=\"Emma Heming Willis publicar\u00e1 un\" class=\"global-image\" decoding=\"async\" fetchpriority=\"low\" height=\"1080\" loading=\"lazy\" src=\"https:\/\/www.europesays.com\/es\/wp-content\/uploads\/2025\/08\/WURTVEF2SNC5LMNYVGPJTGM56I.jpg\" width=\"1920\"\/>Emma Heming Willis publicar\u00e1 un libro sobre su experiencia con la enfermedad de Bruce Willis (Amazon\/v\u00eda ABC)<\/p>\n<p class=\"paragraph\">En sus p\u00e1ginas, la autora relata en detalle la experiencia de ser cuidadora y c\u00f3mo ha encontrado fortaleza en medio de la adversidad.<\/p>\n<p class=\"paragraph\">Con franqueza, <b>Emma Heming<\/b> busca dar voz a los millones de personas que acompa\u00f1an a sus seres queridos en enfermedades neurodegenerativas. Su testimonio, adem\u00e1s de reflejar el lado humano de una estrella de Hollywood, resalta el valor de la resiliencia familiar.<\/p>\n","protected":false},"excerpt":{"rendered":"Emma Heming asegur\u00f3 que tuvo que tomar una dif\u00edcil decisi\u00f3n para cuidar de la salud de Bruce Willis.&hellip;\n","protected":false},"author":2,"featured_media":78939,"comment_status":"","ping_status":"","sticky":false,"template":"","format":"standard","meta":{"footnotes":""},"categories":[91],"tags":[146,8117,147,25,24,406,23],"class_list":{"0":"post-78938","1":"post","2":"type-post","3":"status-publish","4":"format-standard","5":"has-post-thumbnail","7":"category-entretenimiento","8":"tag-entertainment","9":"tag-entertainment-and-lifestyle","10":"tag-entretenimiento","11":"tag-es","12":"tag-espana","13":"tag-europe","14":"tag-spain"},"share_on_mastodon":{"url":"","error":""},"_links":{"self":[{"href":"https:\/\/www.europesays.com\/es\/wp-json\/wp\/v2\/posts\/78938","targetHints":{"allow":["GET"]}}],"collection":[{"href":"https:\/\/www.europesays.com\/es\/wp-json\/wp\/v2\/posts"}],"about":[{"href":"https:\/\/www.europesays.com\/es\/wp-json\/wp\/v2\/types\/post"}],"author":[{"embeddable":true,"href":"https:\/\/www.europesays.com\/es\/wp-json\/wp\/v2\/users\/2"}],"replies":[{"embeddable":true,"href":"https:\/\/www.europesays.com\/es\/wp-json\/wp\/v2\/comments?post=78938"}],"version-history":[{"count":0,"href":"https:\/\/www.europesays.com\/es\/wp-json\/wp\/v2\/posts\/78938\/revisions"}],"wp:featuredmedia":[{"embeddable":true,"href":"https:\/\/www.europesays.com\/es\/wp-json\/wp\/v2\/media\/78939"}],"wp:attachment":[{"href":"https:\/\/www.europesays.com\/es\/wp-json\/wp\/v2\/media?parent=78938"}],"wp:term":[{"taxonomy":"category","embeddable":true,"href":"https:\/\/www.europesays.com\/es\/wp-json\/wp\/v2\/categories?post=78938"},{"taxonomy":"post_tag","embeddable":true,"href":"https:\/\/www.europesays.com\/es\/wp-json\/wp\/v2\/tags?post=78938"}],"curies":[{"name":"wp","href":"https:\/\/api.w.org\/{rel}","templated":true}]}}