{"id":78966,"date":"2025-08-29T02:12:08","date_gmt":"2025-08-29T02:12:08","guid":{"rendered":"https:\/\/www.europesays.com\/es\/78966\/"},"modified":"2025-08-29T02:12:08","modified_gmt":"2025-08-29T02:12:08","slug":"una-biografia-rigurosa-y-humana-de-josep-maria-llompart","status":"publish","type":"post","link":"https:\/\/www.europesays.com\/es\/78966\/","title":{"rendered":"Una biograf\u00eda \u00abrigurosa y humana\u00bb de Josep Maria Llompart"},"content":{"rendered":"<p>Mentre em resti un bri d\u2019al\u00e8, que la editorial Quid Pro Quo, con base en Pollen\u00e7a, publicar\u00e1 el 3 de septiembre, es el t\u00edtulo de la nueva biograf\u00eda sobre Josep Maria Llompart, una figura capital en la vida cultural, literaria y social de Mallorca durante la segunda mitad del siglo XX. Su autora, la fil\u00f3loga Pilar Arnau, quien ya abord\u00f3 la figura de Llompart hace unos a\u00f1os, ha construido una obra <strong>rigurosa y humana<\/strong> que recorre la trayectoria vital de este intelectual polifac\u00e9tico, profundamente comprometido con los derechos ling\u00fc\u00edsticos, la democracia y la catalanidad de su tierra, se\u00f1alan desde el sello editorial. Este nuevo lanzamiento coincide con los actos de conmemoraci\u00f3n del <strong>centenario<\/strong> del intelectual.<\/p>\n<p>El libro, de <strong>336 p\u00e1ginas<\/strong>, se estructura en cap\u00edtulos cronol\u00f3gicos que dibujan con precisi\u00f3n el camino de Llompart desde sus or\u00edgenes familiares, marcados por un entorno militar y franquista, hasta su evoluci\u00f3n ideol\u00f3gica hacia las filas del catalanismo progresista y su implicaci\u00f3n activa en la lucha por las<strong> libertades democr\u00e1ticas y culturales<\/strong> durante el Franquismo y la Transici\u00f3n. As\u00ed, Pilar Arnau se adentra primero en la infancia del poeta, con especial atenci\u00f3n a los a\u00f1os vividos en Galicia, fundamentales para entender su sensibilidad como traductor y ant\u00f3logo. Despu\u00e9s, sigue su formaci\u00f3n escolar, el paso por el Bachillerato, la influencia del maestro Miquel Llodr\u00e0 y su precoz participaci\u00f3n en <strong>tertulias literarias<\/strong> en la Palma de los a\u00f1os 40.<\/p>\n<p>M\u00e1s adelante, el volumen documenta su etapa como estudiante de Derecho en Barcelona, as\u00ed como su vinculaci\u00f3n con importantes<strong> proyectos editoriales y culturales<\/strong>. Fue subdirector de la revista Papeles de Son Armadans, dirigida por Camilo Jos\u00e9 Cela desde Palma, y posteriormente ejerci\u00f3 durante casi tres d\u00e9cadas como director literario en la <strong>Editorial Moll<\/strong>, donde se convirti\u00f3 en una figura central del panorama literario en lengua catalana. Su papel como poeta tambi\u00e9n ocupa un lugar destacado en la obra, con un recorrido por su producci\u00f3n l\u00edrica, que incluye t\u00edtulos como Poemes de Mondrag\u00f3 (1961), La Terra d\u2019Argensa (1971), Mandr\u00e0gola (1980), Jerusalem (1990) o Spiritual (1992), entre otros.<\/p>\n<p>Sin embargo, la poes\u00eda no agota la <strong>dimensi\u00f3n intelectual<\/strong> de Llompart. La biograf\u00eda destaca su intensa actividad como traductor, ensayista, cr\u00edtico literario, historiador de la literatura, prologuista, profesor universitario y organizador de iniciativas culturales. Su trabajo de <strong>traducci\u00f3n<\/strong> de la poes\u00eda galaico-portuguesa, plasmado en vol\u00famenes como Quinze poetes gallecs (1976) o Poesia gallega, portuguesa i brasilera moderna (1988), es una de las aportaciones m\u00e1s notables en este \u00e1mbito. En paralelo, <strong>cultiv\u00f3 el ensayo<\/strong> con t\u00edtulos como La literatura moderna a les Balears (1964) y Pa\u00efsos Catalans? I altres reflexions (1991), y dej\u00f3 tambi\u00e9n un libro de prosas memorial\u00edsticas escrito junto con Ant\u00f2nia Vicens, Vocabulari privat (1993).<\/p>\n<p>Retrato<\/p>\n<p>Al mismo tiempo, Pilar Arnau ha confeccionado esta biograf\u00eda con el objetivo de ofrecer un<strong> retrato divulgativo, fiel y sin artificios<\/strong>, basado en una investigaci\u00f3n profunda y en documentaci\u00f3n de gran valor, a\u00f1aden desde Quid Pro Quo. Tuvo acceso al archivo personal de la familia Llompart-Vi\u00f1as cuando todav\u00eda se encontraba en la casa de la calle Lloren\u00e7 Riber, y ha incorporado fragmentos de correspondencia in\u00e9dita, declaraciones recogidas en entrevistas de los \u00faltimos a\u00f1os de vida del poeta y testimonios de quienes lo conocieron de cerca. La biograf\u00eda <strong>no esquiva la dimensi\u00f3n pol\u00edtica<\/strong> del personaje, como su activismo a favor de la normalizaci\u00f3n ling\u00fc\u00edstica, su papel al frente de la Associaci\u00f3 d\u2019Escriptors en Llengua Catalana (AELC) y la Obra Cultural Balear (OCB), su defensa de la unidad de la lengua catalana y su compromiso con la izquierda democr\u00e1tica y el ecologismo.<\/p>\n<p>Josep Maria Llompart fue, como lo defini\u00f3 el historiador Josep Massot i Muntaner, \u00abel <strong>mejor embajador de Mallorca<\/strong> en el conjunto de los Pa\u00efsos Catalans\u00bb. Vivi\u00f3 en tiempos dif\u00edciles, bajo una dictadura que reprim\u00eda no solo la libertad pol\u00edtica, sino tambi\u00e9n la expresi\u00f3n cultural en catal\u00e1n. Su respuesta fue clara y decidida, dedicarse a construir espacios de resistencia c\u00edvica, cultural y ling\u00fc\u00edstica desde la poes\u00eda, la cr\u00edtica, la docencia y la acci\u00f3n. Este libro, lejos de la nostalgia o la idealizaci\u00f3n, recupera su figura como la de un protagonista, y a la vez impulsor, de <strong>transformaciones profundas en la historia contempor\u00e1nea<\/strong> de Mallorca. La publicaci\u00f3n de Mentre em resti un bri d\u2019al\u00e8 no solo aporta una mirada nueva y documentada sobre su legado, sino que reafirma la vigencia de su compromiso y pensamiento en un presente que afronta a\u00fan retos similares.<\/p>\n","protected":false},"excerpt":{"rendered":"Mentre em resti un bri d\u2019al\u00e8, que la editorial Quid Pro Quo, con base en Pollen\u00e7a, publicar\u00e1 el&hellip;\n","protected":false},"author":2,"featured_media":78967,"comment_status":"","ping_status":"","sticky":false,"template":"","format":"standard","meta":{"footnotes":""},"categories":[172],"tags":[224,209,146,147,25,24,225,23],"class_list":{"0":"post-78966","1":"post","2":"type-post","3":"status-publish","4":"format-standard","5":"has-post-thumbnail","7":"category-libros","8":"tag-books","9":"tag-cultura","10":"tag-entertainment","11":"tag-entretenimiento","12":"tag-es","13":"tag-espana","14":"tag-libros","15":"tag-spain"},"share_on_mastodon":{"url":"","error":""},"_links":{"self":[{"href":"https:\/\/www.europesays.com\/es\/wp-json\/wp\/v2\/posts\/78966","targetHints":{"allow":["GET"]}}],"collection":[{"href":"https:\/\/www.europesays.com\/es\/wp-json\/wp\/v2\/posts"}],"about":[{"href":"https:\/\/www.europesays.com\/es\/wp-json\/wp\/v2\/types\/post"}],"author":[{"embeddable":true,"href":"https:\/\/www.europesays.com\/es\/wp-json\/wp\/v2\/users\/2"}],"replies":[{"embeddable":true,"href":"https:\/\/www.europesays.com\/es\/wp-json\/wp\/v2\/comments?post=78966"}],"version-history":[{"count":0,"href":"https:\/\/www.europesays.com\/es\/wp-json\/wp\/v2\/posts\/78966\/revisions"}],"wp:featuredmedia":[{"embeddable":true,"href":"https:\/\/www.europesays.com\/es\/wp-json\/wp\/v2\/media\/78967"}],"wp:attachment":[{"href":"https:\/\/www.europesays.com\/es\/wp-json\/wp\/v2\/media?parent=78966"}],"wp:term":[{"taxonomy":"category","embeddable":true,"href":"https:\/\/www.europesays.com\/es\/wp-json\/wp\/v2\/categories?post=78966"},{"taxonomy":"post_tag","embeddable":true,"href":"https:\/\/www.europesays.com\/es\/wp-json\/wp\/v2\/tags?post=78966"}],"curies":[{"name":"wp","href":"https:\/\/api.w.org\/{rel}","templated":true}]}}