{"id":78986,"date":"2025-08-29T02:23:10","date_gmt":"2025-08-29T02:23:10","guid":{"rendered":"https:\/\/www.europesays.com\/es\/78986\/"},"modified":"2025-08-29T02:23:10","modified_gmt":"2025-08-29T02:23:10","slug":"sorteo-cruel-para-el-real-madrid-y-amable-para-el-barca-en-la-champions-la-voz-de-galicia","status":"publish","type":"post","link":"https:\/\/www.europesays.com\/es\/78986\/","title":{"rendered":"Sorteo cruel para el Real Madrid y amable para el Bar\u00e7a en la Champions &#8211; La Voz de Galicia"},"content":{"rendered":"<ol>\n<li><a href=\"https:\/\/news.google.com\/rss\/articles\/CBMizgFBVV95cUxONFpwUXBIVTZnT0poLTB5S0FGZ0tOSkYzSF9oNDNzajZSZFIwSTlqcThDUy1iUks1YWw5ZG8wcHRoTmpUT0pveFZXYS1ZWF9YVjlZX3VDTVo0VUtwQlRvN0YzekhrNXZRVkVZay10OTNXNmtRa25Qd2U5UHhlLVR6RnA5dFBiYnpzeDdyOUFQZ3Y3Q2hNalVuZm1fRjI3Vmp1YV9vdmwwX204Rk9DUnVraXNmeWNUTXBFbDFEWGJIZ2JXekY4YWxrbnFhRHhOQdIB6gFBVV95cUxOSlNhdGtWLWFBMVRDTFNCRmdLNDJPZEpxQzFFZ1pYRFVWRVVCNXFTZFJqRXhpRi1pREYyWFl2SGxLYlRfdFhobkp3bmlTbDBJWUIyYTJCaUNRV0FoekY1VlQ0WEhSZy00UXpRRHJWRUJRSElUVm5rdjlNZlI3M2Z2X0ZuaElkNlNXb1I1NGNVZExQYlg0cEpWdGtNcXEwR0Z4b2stRVZfNnA2dEs1QU9Yd0lFYU9meGlUR3BpTUE0dXNiUW1tSUNBVGxtU2FEM0JLMGFDaGI1Z2loY04ybm5LYXpOb3UxOVp6SHc?oc=5\" target=\"_blank\" rel=\"nofollow noopener\">Sorteo cruel para el Real Madrid y amable para el Bar\u00e7a en la Champions<\/a>&nbsp;&nbsp;La Voz de Galicia<\/li>\n<li><a href=\"https:\/\/news.google.com\/rss\/articles\/CBMia0FVX3lxTE9OVi13UXV3ZFR0NW5mR0FwV2MyV1F5YlEtcE4yNkI5TmlNVXF1NWJMQk5QaWgwNVhFQ3ZkOHkwbklHOWVRZ2ZnZGNTS0VWOExja0tBNmhPNUFsMjktVV83NkpoaEk0anNpcVJv?oc=5\" target=\"_blank\" rel=\"nofollow noopener\">Bombazos en la Champions<\/a>&nbsp;&nbsp;Diario AS<\/li>\n<li><a href=\"https:\/\/news.google.com\/rss\/articles\/CBMi2wFBVV95cUxOSXRUOE9Kdk14bVhPRjFoUTllaFpJZFo4YXhUNnJwWUJucm5yX1RWYk5tVXpEN1FJemV3VHZTczB3bHMxSW9VV1l3RmlqRTU1NFd3TnZuT080bE5NUUZJN1o2ZTN0RWZBTUlYOHE2RUR0aF8wOW9ZRHdpa3d4Sm1ZMUlBZW1sRjVJVXBJR0t5QTVtMEJWbFduRFZEUWszd3R4MmkzWlVieUx3NVpBMXcxeEdFWkEtOVlReTE4WlB5Q0wwTzZnNXBKYjNOa09VYnY4Nm8yc3EzS21jQms?oc=5\" target=\"_blank\" rel=\"nofollow noopener\">Sorteo de la fase liga de la Champions League: los 36 equipos conocen sus rivales<\/a>&nbsp;&nbsp;UEFA.com<\/li>\n<li><a href=\"https:\/\/news.google.com\/rss\/articles\/CBMinAFBVV95cUxQN2RTWnZMSUV6OE14MTF4X0R3V2JTQ1V4anktemJoZjJoRmZ2cldPWTVhM0hSSzdyczgxbTdGNUNaMXVEWGdQOVhaV2pZQ0c3WWhTWFRLZjJpOUhMbS1nSmNnY19fNGJ2eUxzbEM1QWRydkpQVEItZ3pSSHZ0aWNYRjBIZjBzYnVEZjNRQnFTVXpzQ25uY0VFZGVyc0PSAZwBQVVfeXFMTWhyam55N19NNUtCeWRrdXNGQUE4WnJfYlMwX3F2RDFYR29iUkd3V2RCenF4YWZ5QjRyX0lRQW95d1g2ZG1waWNHcjdDSHo1c0VGb3JfbU54LU1BOXBjN29BLUlsU3dxb2l3akF3Q0NsWWNoTmw1NUJkNWpNd3BTdEcxc24yMTFsbTEtY0NOYjY2cVBSVUF3YVhmRGVq?oc=5\" target=\"_blank\" rel=\"nofollow noopener\">El sorteo de la Champions le &#8216;regala&#8217; al Madrid un viaje de 8.000 km y duelos contra Liverpool y City; ruta pl\u00e1cida para el Bar\u00e7a e inc\u00f3moda para el Atl\u00e9tico<\/a>&nbsp;&nbsp;El Mundo<\/li>\n<li><a href=\"https:\/\/news.google.com\/rss\/articles\/CBMiwwFBVV95cUxPOW1fQklQemVlSnZyNEpvWldQY29fTFpzR2VlT0hGSi1zNUc2RmE4UUJnTHduSlMtM2tVNWdhbl9oMlJReVg0Mi1kOUtiMXN5aGJiRlpJUkc5XzRSVVdfdzZwUDNOdkZFODgxempsa0pfOWxNLTIwenlsTGVxeUhKVzFzUGQyX00wR0lST1dzYnUtY0FGS0U0X1VfR3Boakl5TWMyU2k1Yy1hTWtuNXZSSGh4SDQ1RnRaUXduQlBOR0ZGVXc?oc=5\" target=\"_blank\" rel=\"nofollow noopener\">Real Madrid- Manchester City y Barcelona-PSG, en la liguilla de la Champions | F\u00fatbol | Deportes<\/a>&nbsp;&nbsp;EL PA\u00cdS<\/li>\n<\/ol>\n","protected":false},"excerpt":{"rendered":"Sorteo cruel para el Real Madrid y amable para el Bar\u00e7a en la Champions&nbsp;&nbsp;La Voz de Galicia Bombazos&hellip;\n","protected":false},"author":2,"featured_media":78987,"comment_status":"","ping_status":"","sticky":false,"template":"","format":"standard","meta":{"footnotes":""},"categories":[5],"tags":[14283,3409,17,18,1241,25,24,881,13,14,11,19,20,9,10,15,16,3048,23,12,21,22,9607],"class_list":{"0":"post-78986","1":"post","2":"type-post","3":"status-publish","4":"format-standard","5":"has-post-thumbnail","7":"category-titulares","8":"tag-athletic-de-bilbao","9":"tag-atletico-de-madrid","10":"tag-breaking-news","11":"tag-breakingnews","12":"tag-champions-league","13":"tag-es","14":"tag-espana","15":"tag-fc-barcelona","16":"tag-featured-news","17":"tag-featurednews","18":"tag-headlines","19":"tag-latest-news","20":"tag-latestnews","21":"tag-news","22":"tag-noticias","23":"tag-noticias-destacadas","24":"tag-noticiasdestacadas","25":"tag-real-madrid","26":"tag-spain","27":"tag-titulares","28":"tag-ultimas-noticias","29":"tag-ultimasnoticias","30":"tag-villarreal-cf"},"share_on_mastodon":{"url":"","error":""},"_links":{"self":[{"href":"https:\/\/www.europesays.com\/es\/wp-json\/wp\/v2\/posts\/78986","targetHints":{"allow":["GET"]}}],"collection":[{"href":"https:\/\/www.europesays.com\/es\/wp-json\/wp\/v2\/posts"}],"about":[{"href":"https:\/\/www.europesays.com\/es\/wp-json\/wp\/v2\/types\/post"}],"author":[{"embeddable":true,"href":"https:\/\/www.europesays.com\/es\/wp-json\/wp\/v2\/users\/2"}],"replies":[{"embeddable":true,"href":"https:\/\/www.europesays.com\/es\/wp-json\/wp\/v2\/comments?post=78986"}],"version-history":[{"count":0,"href":"https:\/\/www.europesays.com\/es\/wp-json\/wp\/v2\/posts\/78986\/revisions"}],"wp:featuredmedia":[{"embeddable":true,"href":"https:\/\/www.europesays.com\/es\/wp-json\/wp\/v2\/media\/78987"}],"wp:attachment":[{"href":"https:\/\/www.europesays.com\/es\/wp-json\/wp\/v2\/media?parent=78986"}],"wp:term":[{"taxonomy":"category","embeddable":true,"href":"https:\/\/www.europesays.com\/es\/wp-json\/wp\/v2\/categories?post=78986"},{"taxonomy":"post_tag","embeddable":true,"href":"https:\/\/www.europesays.com\/es\/wp-json\/wp\/v2\/tags?post=78986"}],"curies":[{"name":"wp","href":"https:\/\/api.w.org\/{rel}","templated":true}]}}