{"id":78990,"date":"2025-08-29T02:27:09","date_gmt":"2025-08-29T02:27:09","guid":{"rendered":"https:\/\/www.europesays.com\/es\/78990\/"},"modified":"2025-08-29T02:27:09","modified_gmt":"2025-08-29T02:27:09","slug":"dif-jalisco-y-casa-hogar-alegria-invitan-a-participar-en-el-segundo-torneo-con-causa-mas-alla-del-golf","status":"publish","type":"post","link":"https:\/\/www.europesays.com\/es\/78990\/","title":{"rendered":"DIF Jalisco y Casa Hogar Alegr\u00eda invitan a participar en el segundo torneo con causa \u00abM\u00e1s all\u00e1 del Golf\u00bb"},"content":{"rendered":"<p>Con el fin de unir esfuerzos para contribuir en el desarrollo integral de ni\u00f1as, ni\u00f1os y adolescentes de Jalisco, <strong>el Sistema DIF estatal y la asociaci\u00f3n civil Casa Hogar Alegr\u00eda invitan a participar en el segundo torneo de golf con causa \u201cM\u00e1s all\u00e1 del Golf\u201d, que se llevar\u00e1 a cabo el jueves 25 de septiembre en el Club de Golf Las Lomas.<\/strong><\/p>\n<p>El objetivo del torneo es generar una red de solidaridad que <strong>busca recaudar dos millones de pesos en beneficio de las ni\u00f1as y adolescentes residentes de la Casa Hogar Alegr\u00eda.<\/strong> La meta es inscribir a 132 jugadores, entre empresarios, l\u00edderes de opini\u00f3n y apasionados del deporte.\u00a0<\/p>\n<ul>\n<li>El costo del boleto es de seis mil pesos y la inscripci\u00f3n puede realizarse en el n\u00famero <strong>33 3201 2328.<\/strong><\/li>\n<\/ul>\n<p>Lee: <a href=\"https:\/\/www.informador.mx\/jalisco\/Universidad-Panamericana-y-Hospital-San-Javier-celebran-firma-de-convenio-de-colaboracion-20250826-0071.html\" target=\"_blank\" rel=\"nofollow noopener\">Universidad Panamericana y Hospital San Javier celebran firma de convenio de colaboraci\u00f3n<\/a> <\/p>\n<p><strong>Maye Villa de Lemus, <\/strong>presidenta del Sistema DIF Jalisco, destac\u00f3 que con los fondos recaudados con este torneo se podr\u00e1 brindar un hogar seguro, un acompa\u00f1amiento digno y oportunidades a las ni\u00f1as y adolescentes en situaci\u00f3n de vulnerabilidad. Adem\u00e1s, desde el DIF se trabaja con instituciones gubernamentales, organizaciones civiles y la iniciativa privada para atender de manera integral a las infancias del estado, afirm\u00f3.<\/p>\n<p>\u201cTenemos un compromiso permanente con la ni\u00f1ez institucionalizada. Sabemos que detr\u00e1s de cada n\u00famero hay una historia, un rostro, un coraz\u00f3n que merece todo nuestro esfuerzo [&#8230;]. Para que nos demos una idea de la importancia de apoyar a los organismos de la sociedad civil que se dedican a tareas de asistencia social, el Gobierno de Jalisco cuenta con solo dos albergues de este tipo, frente a los 78 constituidos como A.C. s (asociaciones civiles). Estos n\u00fameros nos muestran la magnitud del reto, pero tambi\u00e9n nos recuerda la urgencia de redoblar esfuerzos\u201d, coment\u00f3 Villa de Lemus.<\/p>\n<p>                    Mira: <a href=\"https:\/\/www.informador.mx\/economia\/Cinco-carreras-BIEN-PAGADAS-en-Mexico-en-2025-20250818-0106.html\" target=\"_blank\" rel=\"nofollow noopener\">Cinco carreras de BUEN salario en M\u00e9xico en 2025<\/a> <\/p>\n<p><strong>En Jalisco hay 3 mil 51 ni\u00f1as, ni\u00f1os y adolescentes institucionalizados, de los cuales 642 permanecen bajo custodia de la Procuradur\u00eda de Protecci\u00f3n de Ni\u00f1as. Ni\u00f1os y Adolescentes (PPNNA).<\/strong> En los 78 albergues operados por asociaciones civiles en la entidad, en tanto, <strong>residen 103 menores de edad, <\/strong>quienes permanecen bajo tutela del Estado.<\/p>\n<p>Por su parte, <strong>en Casa Hogar Alegr\u00eda residen 45 ni\u00f1as y adolescentes derivadas por distintas delegaciones de la PPNNA.<\/strong> En este lugar se ofrece asilo mientras se resuelve su situaci\u00f3n jur\u00eddica, educaci\u00f3n, alimentaci\u00f3n, salud y cuidado integral. La manutenci\u00f3n es cubierta al 100 por ciento por la iniciativa privada y cada menor requiere alrededor de 17 mil pesos mensuales para cubrir sus necesidades y actividades de desarrollo.<\/p>\n<p><strong>Carmen Villarreal Trevi\u00f1o,<\/strong> directora de este albergue, se\u00f1al\u00f3 que de las 45 ni\u00f1as residentes, 10 son beb\u00e9s, por lo que consideran ampliar la cantidad de cuneros con los que cuentan para atender la demanda de menores que necesitan un hogar en Jalisco.<\/p>\n<p>\t\t    Checa: <a href=\"https:\/\/www.informador.mx\/economia\/Dolar-HOY-Divisa-estadounidense-SOFOCA-al-peso-mexicano-este-es-su-valor-por-la-manana-20250827-0031.html\" target=\"_blank\" rel=\"nofollow noopener\">D\u00f3lar SOFOCA al peso mexicano; tipo de cambio esta ma\u00f1ana<\/a> <\/p>\n<p>\u201c<strong>Sabemos que hay una descomposici\u00f3n social de la cual todos somos responsables,<\/strong> y nosotros lucharemos, incansablemente, hasta que no haya ning\u00fan ni\u00f1o sin casa, sin hogar, sin cuidado [&#8230;]. Una ni\u00f1a el d\u00eda de ma\u00f1ana tendr\u00e1 una familia y sabemos que es urgente atender sus necesidades, cubrir sus huecos de educaci\u00f3n y de, inclusive, de cari\u00f1o, y eso es lo que nosotros hacemos en Casa Hogar Alegr\u00eda, brindarles realmente un hogar con la idea de transformarlas y que el d\u00eda de ma\u00f1ana sean adultas seguras y productivas\u201d, mencion\u00f3 Villareal.<\/p>\n<p>\u201cEl nombre es \u2018M\u00e1s all\u00e1 del Golf\u2019 porque lo que queremos es invitar a que pasen un buen rato los golfistas y que sepan que con su participaci\u00f3n est\u00e1n ayudando a algo m\u00e1s profundo, que es justamente la ni\u00f1ez en nuestro estado\u201d, finaliz\u00f3 la directora.<\/p>\n<p><strong>*Mantente al d\u00eda con las noticias, \u00fanete a nuestro canal de <\/strong><a href=\"https:\/\/www.whatsapp.com\/channel\/0029VaAf9Pu9hXF1EJ561i03\" rel=\"nofollow noopener\" target=\"_blank\"><strong>WhatsApp<\/strong><\/a><strong>.\u00a0<\/strong><\/p>\n<p>AO<br \/>\u00a0<\/p>\n<p>\n            Temas\n        <\/p>\n<ul class=\"mod-content\">\n<li><a href=\"https:\/\/www.informador.mx\/dif-en-jalisco-t249\" title=\"Ver noticias sobre DIF en Jalisco\" rel=\"nofollow noopener\" target=\"_blank\">DIF en Jalisco<\/a><\/li>\n<li> Casa Hogar Alegr\u00eda<\/li>\n<li><a href=\"https:\/\/www.informador.mx\/ninos-t2180\" title=\"Ver noticias sobre Ni\u00f1os\" rel=\"nofollow noopener\" target=\"_blank\">Ni\u00f1os<\/a><\/li>\n<\/ul>\n<p>\n\t\t\t\t\tLee Tambi\u00e9n\n\t\t\t\t<\/p>\n","protected":false},"excerpt":{"rendered":"Con el fin de unir esfuerzos para contribuir en el desarrollo integral de ni\u00f1as, ni\u00f1os y adolescentes de&hellip;\n","protected":false},"author":2,"featured_media":78991,"comment_status":"","ping_status":"","sticky":false,"template":"","format":"standard","meta":{"footnotes":""},"categories":[275],"tags":[30247,168,30246,25,24,329,2932,23,167],"class_list":{"0":"post-78990","1":"post","2":"type-post","3":"status-publish","4":"format-standard","5":"has-post-thumbnail","7":"category-golf","8":"tag-casa-hogar-alegria","9":"tag-deportes","10":"tag-dif-en-jalisco","11":"tag-es","12":"tag-espana","13":"tag-golf","14":"tag-ninos","15":"tag-spain","16":"tag-sports"},"share_on_mastodon":{"url":"","error":""},"_links":{"self":[{"href":"https:\/\/www.europesays.com\/es\/wp-json\/wp\/v2\/posts\/78990","targetHints":{"allow":["GET"]}}],"collection":[{"href":"https:\/\/www.europesays.com\/es\/wp-json\/wp\/v2\/posts"}],"about":[{"href":"https:\/\/www.europesays.com\/es\/wp-json\/wp\/v2\/types\/post"}],"author":[{"embeddable":true,"href":"https:\/\/www.europesays.com\/es\/wp-json\/wp\/v2\/users\/2"}],"replies":[{"embeddable":true,"href":"https:\/\/www.europesays.com\/es\/wp-json\/wp\/v2\/comments?post=78990"}],"version-history":[{"count":0,"href":"https:\/\/www.europesays.com\/es\/wp-json\/wp\/v2\/posts\/78990\/revisions"}],"wp:featuredmedia":[{"embeddable":true,"href":"https:\/\/www.europesays.com\/es\/wp-json\/wp\/v2\/media\/78991"}],"wp:attachment":[{"href":"https:\/\/www.europesays.com\/es\/wp-json\/wp\/v2\/media?parent=78990"}],"wp:term":[{"taxonomy":"category","embeddable":true,"href":"https:\/\/www.europesays.com\/es\/wp-json\/wp\/v2\/categories?post=78990"},{"taxonomy":"post_tag","embeddable":true,"href":"https:\/\/www.europesays.com\/es\/wp-json\/wp\/v2\/tags?post=78990"}],"curies":[{"name":"wp","href":"https:\/\/api.w.org\/{rel}","templated":true}]}}