{"id":79373,"date":"2025-08-29T06:37:42","date_gmt":"2025-08-29T06:37:42","guid":{"rendered":"https:\/\/www.europesays.com\/es\/79373\/"},"modified":"2025-08-29T06:37:42","modified_gmt":"2025-08-29T06:37:42","slug":"donde-ver-en-vivo-las-peleas-de-la-ufc-del-23-de-agosto-del-2025","status":"publish","type":"post","link":"https:\/\/www.europesays.com\/es\/79373\/","title":{"rendered":"\u00bfD\u00f3nde ver en vivo las peleas de la UFC del 23 de agosto del 2025?"},"content":{"rendered":"\n<p>La <a href=\"https:\/\/www.ufcespanol.com\/events#events-list-upcoming\" target=\"_blank\" rel=\"nofollow noopener\">UFC<\/a> regresa a <b>Shangh\u00e1i<\/b>, <b>China<\/b>, con una cartelera llena de acci\u00f3n y <b>estelarizada<\/b> por el <b>enfrentamiento<\/b> de <b>cinco asaltos<\/b>\u00a0entre el brasile\u00f1o <a href=\"http:\/\/ufcstats.com\/fighter-details\/c21f26bbde777573\" target=\"_blank\" rel=\"nofollow noopener\">Johnny Walker<\/a> y el local <a href=\"https:\/\/www.ufcespanol.com\/athlete\/guram-kutateladze-1\" target=\"_blank\" rel=\"nofollow noopener\">Zhang Mingyang<\/a>. Se trata de <b>dos peleadores explosivos<\/b> y que son capaces de <b>decidir<\/b> el <b>resultado<\/b> en el <b>oct\u00e1gono<\/b> <b>sin el veredicto de los jueces<\/b>.<\/p>\n<p>Por otra parte, la <b>pelea coestelar<\/b> ser\u00e1 entre el <b>n\u00famero cuatro<\/b> de la <b>divisi\u00f3n peso pluma<\/b>, el estadounidense <a href=\"http:\/\/ufcstats.com\/fighter-details\/def8166ff24bd237\" target=\"_blank\" rel=\"nofollow noopener\">Brian Ortega<\/a> contra el <b>excampe\u00f3n peso gallo<\/b>, <a href=\"https:\/\/www.ufcespanol.com\/athlete\/aljamain-sterling?page=2\" target=\"_blank\" rel=\"nofollow noopener\">Aljamain Sterling<\/a>, en donde ambos buscar\u00e1n <b>volverse a posicionar<\/b> en la <b>parte alta de la categor\u00eda<\/b>. <b>Ortega<\/b> regresa <b>despu\u00e9s de un a\u00f1o sin combatir<\/b>, mientras que <b>Sterling<\/b> contin\u00faa <b>consolid\u00e1ndose como una de los peleadores m\u00e1s talentosos de la disciplina<\/b>.<\/p>\n<p>En cambio, en el <b style=\"letter-spacing: -0.22px;\">peso pesado<\/b>, <a href=\"http:\/\/ufcstats.com\/fighter-details\/f14cf73e51b29254\" target=\"_blank\" style=\"letter-spacing: -0.22px; background-color: rgb(255, 255, 255);\" rel=\"nofollow noopener\">Sergu\u00e9i Pavl\u00f3vich<\/a> mantiene su <b style=\"letter-spacing: -0.22px;\">condici\u00f3n de contendiente inmediato<\/b> aunque el dominicano <a href=\"https:\/\/www.ufc.com\/athlete\/waldo-cortes-acosta\" target=\"_blank\" style=\"letter-spacing: -0.22px; background-color: rgb(255, 255, 255);\" rel=\"nofollow noopener\">Waldo Cortes Acosta<\/a> tiene la <b style=\"letter-spacing: -0.22px;\">oportunidad<\/b> de <b style=\"letter-spacing: -0.22px;\">irrumpir<\/b> de manera definitiva el <b style=\"letter-spacing: -0.22px;\">Top 5<\/b>.<\/p>\n<p>  <img decoding=\"async\" src=\"https:\/\/www.europesays.com\/es\/wp-content\/uploads\/2025\/08\/ortega-vs-sterling-ufc-fight_thumb_620_349.jpg\" alt=\"Ortega vs Sterling en el UFC Fight Night del 23 de agosto del 2025 (FOTO: UFC)\" class=\"thumbnail-image h-auto w-full\" loading=\"lazy\" width=\"620\" height=\"349\" data-astro-cid-76gfcyhr=\"\"\/>  Ortega vs Sterling en el UFC Fight Night del 23 de agosto del 2025 (FOTO: UFC)          \u00bfCu\u00e1l es la cartelera completa de la UFC Fight Night del 23 de agosto del 2025?<\/p>\n<p><b>Cartelera Principal<\/b><\/p>\n<ul>\n<li><b>Johnny Walker<\/b> vs <b>Zhang Mingyang<\/b> &#8211; Peso semipesado<\/li>\n<li><b>Brian Ortega<\/b> vs <b>Aljamain Sterling<\/b> &#8211; Peso pactado<\/li>\n<li><b>Sergu\u00e9i Pavl\u00f3vich<\/b> vs <b>Waldo Cortes Acosta<\/b> &#8211; Peso pesado<\/li>\n<li><b>Su Midaerjil<\/b> vs <b>Kevin Rojas<\/b> &#8211; Peso mosca<\/li>\n<li><b>Taiyilake Nueraji<\/b> vs <b>Kiefer Crosbie<\/b> &#8211; Peso w\u00e9lter<\/li>\n<\/ul>\n<blockquote class=\"twitter-tweet\">\n<p lang=\"es\" dir=\"ltr\">\u00a1UFC Shanghai ya casi est\u00e1 aqu\u00ed! ????????<br \/>\u2063<br \/>Desde la batalla de pesos semi completos entre Walker y Zhang, hasta el explosivo choque entre Ortega y Sterling, este evento est\u00e1 lleno de acci\u00f3n. ????<br \/>\u2063<br \/>Visita el link en la bio de <a href=\"https:\/\/twitter.com\/betboommex?ref_src=twsrc%5Etfw\" rel=\"nofollow noopener\" target=\"_blank\">@betboommex<\/a> y demuestra tu conocimiento en cada pelea. ???? <a href=\"https:\/\/t.co\/zYJt0YLk12\" rel=\"nofollow\">pic.twitter.com\/zYJt0YLk12<\/a><\/p>\n<p>\u2014 UFC Espa\u00f1ol (@UFCEspanol) <a href=\"https:\/\/twitter.com\/UFCEspanol\/status\/1958952413463028085?ref_src=twsrc%5Etfw\" rel=\"nofollow noopener\" target=\"_blank\">August 22, 2025<\/a><\/p><\/blockquote>\n<p><b>Peleas Preliminares<\/b><\/p>\n<ul>\n<li><b>Haysiaer Maheshate<\/b> vs <b>Gauge Young<\/b> &#8211; Peso ligero<\/li>\n<li><b>Charles Johnson<\/b> vs <b>Lone\u2019er Kavanagh<\/b> &#8211; Peso mosca<\/li>\n<li><b>Zhu Rong<\/b> vs <b>Austin Hubbard<\/b> &#8211; Peso ligero<\/li>\n<li><b>Michel Pereira<\/b> vs <b>Kyle Daukaus<\/b> &#8211; Peso medio<\/li>\n<li><b>Yi Zha<\/b> vs <b>Westin Wilson<\/b> &#8211; Peso pluma<\/li>\n<li><b>Long Xiao<\/b> vs <b>You Su-Young<\/b> &#8211; Peso gallo<\/li>\n<li><b>Uran Satibaldiev<\/b> vs <b>Diyar Nurgozhay<\/b> &#8211; Peso semipesado<\/li>\n<\/ul>\n<p>\u00bfD\u00f3nde y a qu\u00e9 hora ver la UFC Fight Night del 23 de agosto?<\/p>\n<ul>\n<li><b>Inicio<\/b> del <b>evento<\/b>: <b>00:00 horas<\/b> (tiempo del Centro de M\u00e9xico)<\/li>\n<li><b>Peleas<\/b> <b>Preliminares<\/b>: <b>01:00 horas<\/b> (tiempo del Centro de M\u00e9xico)<\/li>\n<li><b>Cartelera Principal<\/b>: <b>04:00 horas<\/b> (tiempo del Centro de M\u00e9xico)<\/li>\n<li><b>Transmisi\u00f3n<\/b> <b>en vivo<\/b>: <b>Fox Sports<\/b> y <b>UFC Fight Pass<\/b><\/li>\n<\/ul>\n<p>\u200b<\/p>\n<p> <script async src=\"https:\/\/platform.twitter.com\/widgets.js\" charset=\"utf-8\"><\/script><\/p>\n","protected":false},"excerpt":{"rendered":"La UFC regresa a Shangh\u00e1i, China, con una cartelera llena de acci\u00f3n y estelarizada por el enfrentamiento de&hellip;\n","protected":false},"author":2,"featured_media":79374,"comment_status":"","ping_status":"","sticky":false,"template":"","format":"standard","meta":{"footnotes":""},"categories":[276],"tags":[30333,4555,25549,168,30332,25,24,24810,23,167,343,2649,30331],"class_list":{"0":"post-79373","1":"post","2":"type-post","3":"status-publish","4":"format-standard","5":"has-post-thumbnail","7":"category-ufc","8":"tag-a-que-hora-empieza-la-ufc","9":"tag-artes-marciales-mixtas","10":"tag-brian-ortega","11":"tag-deportes","12":"tag-donde-ver-la-ufc","13":"tag-es","14":"tag-espana","15":"tag-johnny-walker","16":"tag-spain","17":"tag-sports","18":"tag-ufc","19":"tag-ufc-fight-night","20":"tag-zhang-mingyiang"},"share_on_mastodon":{"url":"","error":""},"_links":{"self":[{"href":"https:\/\/www.europesays.com\/es\/wp-json\/wp\/v2\/posts\/79373","targetHints":{"allow":["GET"]}}],"collection":[{"href":"https:\/\/www.europesays.com\/es\/wp-json\/wp\/v2\/posts"}],"about":[{"href":"https:\/\/www.europesays.com\/es\/wp-json\/wp\/v2\/types\/post"}],"author":[{"embeddable":true,"href":"https:\/\/www.europesays.com\/es\/wp-json\/wp\/v2\/users\/2"}],"replies":[{"embeddable":true,"href":"https:\/\/www.europesays.com\/es\/wp-json\/wp\/v2\/comments?post=79373"}],"version-history":[{"count":0,"href":"https:\/\/www.europesays.com\/es\/wp-json\/wp\/v2\/posts\/79373\/revisions"}],"wp:featuredmedia":[{"embeddable":true,"href":"https:\/\/www.europesays.com\/es\/wp-json\/wp\/v2\/media\/79374"}],"wp:attachment":[{"href":"https:\/\/www.europesays.com\/es\/wp-json\/wp\/v2\/media?parent=79373"}],"wp:term":[{"taxonomy":"category","embeddable":true,"href":"https:\/\/www.europesays.com\/es\/wp-json\/wp\/v2\/categories?post=79373"},{"taxonomy":"post_tag","embeddable":true,"href":"https:\/\/www.europesays.com\/es\/wp-json\/wp\/v2\/tags?post=79373"}],"curies":[{"name":"wp","href":"https:\/\/api.w.org\/{rel}","templated":true}]}}