{"id":79379,"date":"2025-08-29T06:40:08","date_gmt":"2025-08-29T06:40:08","guid":{"rendered":"https:\/\/www.europesays.com\/es\/79379\/"},"modified":"2025-08-29T06:40:08","modified_gmt":"2025-08-29T06:40:08","slug":"carmen-mola-vuelve-a-la-television-con-dos-tumbas-el-primer-mandamiento-del-guionista-es-no-aburriras-television","status":"publish","type":"post","link":"https:\/\/www.europesays.com\/es\/79379\/","title":{"rendered":"Carmen Mola vuelve a la televisi\u00f3n con \u2018Dos tumbas\u2019: \u201cEl primer mandamiento del guionista es no aburrir\u00e1s\u201d | Televisi\u00f3n"},"content":{"rendered":"<p class=\"\">Agust\u00edn Mart\u00ednez, Jorge D\u00edaz y Antonio Mercero llevaban d\u00e9cadas escribiendo series antes de que se convirtieran en Carmen Mola. De hecho, estaban trabajando en una serie, <a href=\"https:\/\/elpais.com\/cultura\/2019\/04\/16\/television\/1555430248_862812.html\" target=\"_blank\" rel=\"nofollow noopener\" title=\"https:\/\/elpais.com\/cultura\/2019\/04\/16\/television\/1555430248_862812.html\">La caza<\/a> (que la pr\u00f3xima semana estrena su <a href=\"https:\/\/elpais.com\/especiales\/calendario-series\/la_caza_irati\/677\/#se_677\" target=\"_blank\" rel=\"nofollow noopener\" title=\"https:\/\/elpais.com\/especiales\/calendario-series\/la_caza_irati\/677\/#se_677\">cuarta temporada en Movistar Plus+<\/a>), cuando naci\u00f3 <a href=\"https:\/\/elpais.com\/cultura\/2021-10-18\/la-verdad-sobre-el-caso-carmen-mola-no-nos-hemos-escondido-tres-detras-de-una-mujer-sino-detras-de-un-nombre.html\" target=\"_blank\" rel=\"nofollow noopener\" title=\"https:\/\/elpais.com\/cultura\/2021-10-18\/la-verdad-sobre-el-caso-carmen-mola-no-nos-hemos-escondido-tres-detras-de-una-mujer-sino-detras-de-un-nombre.html\">Carmen Mola<\/a>. Dos tumbas, que Netflix estrena este viernes, es su primera serie desde que, <a href=\"https:\/\/elpais.com\/cultura\/2021-10-15\/el-millonario-premio-planeta-desvela-la-identidad-de-la-superventas-carmen-mola.html\" target=\"_self\" rel=\"nofollow noopener\" title=\"https:\/\/elpais.com\/cultura\/2021-10-15\/el-millonario-premio-planeta-desvela-la-identidad-de-la-superventas-carmen-mola.html\">en plena entrega del premio Palenta en 2021<\/a>, se descubri\u00f3 que detr\u00e1s del pseud\u00f3nimo literario hab\u00eda tres hombres guionistas. \u201cPara nosotros, hacer una serie es como volver a casa, est\u00e1 chupado. Llevamos 30 a\u00f1os haciendo guiones, esto es coser y cantar. Han sido tres cap\u00edtulos, uno para cada uno despu\u00e9s de varias reuniones para dise\u00f1arlo todo. Te aseguro que las reuniones para dise\u00f1ar la trama de una novela de Carmen Mola de 400 o 500 p\u00e1ginas son muchas m\u00e1s\u201d, dice Antonio Mercero. <\/p>\n<p>M\u00e1s informaci\u00f3n<\/p>\n<p class=\"\">El tr\u00edo se reuni\u00f3 con EL PA\u00cdS por videollamada a finales de julio para hablar sobre esta historia de venganza que protagoniza <a href=\"https:\/\/elpais.com\/cultura\/2023-10-23\/kiti-manver-con-los-directores-una-cosa-es-el-conflicto-y-otra-el-maltrato.html\" target=\"_blank\" rel=\"nofollow noopener\" title=\"https:\/\/elpais.com\/cultura\/2023-10-23\/kiti-manver-con-los-directores-una-cosa-es-el-conflicto-y-otra-el-maltrato.html\">Kiti M\u00e1nver<\/a>. La veterana actriz interpreta a una abuela obsesionada con conocer la verdad sobre la desaparici\u00f3n de su nieta a\u00f1os atr\u00e1s. Sus pesquisas la llevar\u00e1n a un camino sin retorno de venganza y violencia. Seg\u00fan cuenta Agust\u00edn Mart\u00ednez, creador de la serie, la idea era \u201cplantear un thriller con un personaje poco habitual en estas historias\u201d. M\u00e1nver est\u00e1 acompa\u00f1ada en el reparto por <a href=\"https:\/\/elpais.com\/icon\/2023-11-30\/hovik-keuchkerian-mi-soledad-me-fascina-no-tengo-pareja-y-cada-vez-me-gusta-menos-estar-con-gente.html\" target=\"_blank\" rel=\"noreferrer nofollow noopener\" title=\"https:\/\/elpais.com\/icon\/2023-11-30\/hovik-keuchkerian-mi-soledad-me-fascina-no-tengo-pareja-y-cada-vez-me-gusta-menos-estar-con-gente.html\">Hovik Keuchkerian<\/a> y <a href=\"https:\/\/elpais.com\/icon\/cultura\/2024-12-04\/alvaro-morte-para-mi-no-es-mas-importante-trabajar-con-sydney-sweeney-que-con-gerardo-herrero.html\" target=\"_self\" rel=\"nofollow noopener\" title=\"https:\/\/elpais.com\/icon\/cultura\/2024-12-04\/alvaro-morte-para-mi-no-es-mas-importante-trabajar-con-sydney-sweeney-que-con-gerardo-herrero.html\">\u00c1lvaro Morte<\/a>. <\/p>\n<p><img alt=\"\u00c1lvaro Morte y Kiti M\u00e1nver, en 'Dos tumbas'.\" decoding=\"auto\" class=\"_re lazyload a_m-h\" height=\"277\"  width=\"414\"  src=\"https:\/\/www.europesays.com\/es\/wp-content\/uploads\/2025\/08\/AYQKPMVK6BAXBMSD5JHJM44ROA.jpg\" loading=\"lazy\"\/>\u00c1lvaro Morte y Kiti M\u00e1nver, en &#8216;Dos tumbas&#8217;.JORGE FUEMBUENA\/NETFLIX<\/p>\n<p class=\"\">Otra clave para aportar originalidad a un g\u00e9nero tan saturado de propuestas como es el polic\u00edaco o el thriller fue reducir su duraci\u00f3n a solo tres episodios en una historia que va al grano. \u201cLas series son, cada vez m\u00e1s, el territorio de lo concreto. Como novelista puedes entrar en alguna que otra digresi\u00f3n, pero en la serie m\u00e1s vale que seas concreto, que sepas muy bien qu\u00e9 quieres contar y no marear al espectador con ninguna tonter\u00eda. Tenemos clar\u00edsimo que tenemos que agarrar al espectador de la pechera y no soltarlo hasta que acaba la serie. Es el primer mandamiento del guionista: que el ritmo no decaiga, no aburrir\u00e1s\u201d, reflexiona Mercero. <\/p>\n<p class=\"\">Por eso esta historia tambi\u00e9n est\u00e1 llena de giros. Por un lado, en la trama, con personajes que son capaces de cualquier cosa aunque no lo parezca. Kiti M\u00e1nver era, seg\u00fan Agust\u00edn Mart\u00ednez, la actriz perfecta para dar verosimilitud a esa abuela vengadora. \u201cY luego ten\u00edamos el problema que hay siempre en las series polic\u00edacas, que es que sean cre\u00edbles\u201d, a\u00f1ade Jorge D\u00edaz. \u201cEst\u00e1s buscando un giro muy sorprendente, pero a la vez tiene que entrar de manera l\u00f3gica en la historia\u201d. Los giros no solo estaban en el argumento, tambi\u00e9n en el tono, y la serie vira de un drama polic\u00edaco m\u00e1s o menos amable a un thriller oscuro y violento que contrasta con la luminosidad del pueblo malague\u00f1o de Frigiliana y la luz de Almer\u00eda, donde se rod\u00f3 esta producci\u00f3n. \u201cCon el tono es una de las cosas con las que m\u00e1s se puede jugar ahora para sorprender al espectador. Es el arte de coger al espectador con la guardia baja\u201d, dice Mercero. <\/p>\n<p><img alt=\"Kiti M\u00e1nver, Hovik Keuchkerian y Nonna Cardoner, en un momento de 'Dos tumbas'.\" decoding=\"auto\" class=\"_re lazyload a_m-h\" height=\"277\"  width=\"414\"  src=\"https:\/\/www.europesays.com\/es\/wp-content\/uploads\/2025\/08\/4R3A2R4LUVBFXD4CRZW3J5HTIU.jpg\" loading=\"lazy\"\/>Kiti M\u00e1nver, Hovik Keuchkerian y Nonna Cardoner, en un momento de &#8216;Dos tumbas&#8217;.JORGE FUEMBUENA\/NETFLIXNovelistas y guionistas<\/p>\n<p class=\"\">\u00bfEs muy diferente escribir una serie que escribir una novela a seis manos? \u201cLa mayor diferencia es que en las novelas tenemos una estructura completamente horizontal: ninguno de los tres manda, no hay un coordinador, los tres tomamos las decisiones. Y en la serie hemos tenido jefe, Agust\u00edn, que era quien tomaba la \u00faltima decisi\u00f3n\u201d, explica Jorge D\u00edaz. El trabajo se lo dividieron de forma que cada uno se encarg\u00f3 de uno de los episodios. \u201cMe hace gracia que cuando escribimos novelas, todo el mundo nos dice, \u00bfc\u00f3mo hab\u00e9is adaptado el sistema de los guiones para escribir una novela? Y ahora que volvemos a los guiones, la gente nos pregunta c\u00f3mo hemos adaptado el sistema de las novelas para escribir guiones\u201d, contin\u00faa D\u00edaz. \u201cPero es el mismo sistema siempre: hay unas reuniones donde dise\u00f1amos la temporada entera, los puntos de giro importantes, el ritmo, el tono\u2026 Y despu\u00e9s cada uno se pone con su parte y todo pasa por el coordinador. En las novelas sustituimos esa figura por la de las relecturas y reescrituras cada uno de lo que han hecho sus compa\u00f1eros\u201d, explica. <\/p>\n<p><img alt=\"Jorge D\u00edaz, Agust\u00edn Mart\u00ednez y Antonio Mercero, componentes de Carmen Mola\" decoding=\"auto\" class=\"_re lazyload a_m-h\" height=\"276\"  width=\"414\"  src=\"https:\/\/www.europesays.com\/es\/wp-content\/uploads\/2025\/08\/75JRLBSZIXXWBPTAWEOYYNW364.jpg\" loading=\"lazy\"\/>De izquierda a derecha, Jorge D\u00edaz, Agust\u00edn Mart\u00ednez y Antonio Mercero, en una imagen de septiembre de 2024.Sof\u00eda Carabias (EFE)<\/p>\n<p class=\"\">\u00bfNo les da un poco de rabia que ahora sus nombres siempre vayan acompa\u00f1ados del de <a href=\"https:\/\/elpais.com\/noticias\/carmen-mola\/\" target=\"_blank\" rel=\"nofollow noopener\" title=\"https:\/\/elpais.com\/noticias\/carmen-mola\/\">Carmen Mola<\/a>, o incluso que queden ocultos detr\u00e1s de su pseud\u00f3nimo? \u201cYo estoy supercontento con Carmen Mola y Carmen Mola soy yo, no somos entes distintos\u201d, dice Mart\u00ednez. \u201cLlevamos 30 a\u00f1os haciendo series de televisi\u00f3n y nadie nos pon\u00eda nombre, y ahora a trav\u00e9s de Carmen Mola s\u00ed nos ponen nombre. O tampoco: saben que somos tres hombres pero no c\u00f3mo se llaman ni qu\u00e9 cara tienen, que tambi\u00e9n tiene su parte ventajosa\u201d. <\/p>\n<p class=\"\">Sean Carmen Mola o sean Agust\u00edn Mart\u00ednez, Jorge D\u00edaz y Antonio Mercero, sus series y novelas comparten algunos rasgos que detalla este \u00faltimo: \u201cEl g\u00e9nero, lo polic\u00edaco o la novela negra. Y dentro de eso, los giros y un retrato de la violencia, en este caso por medio de la venganza. Y ese empe\u00f1o en el ritmo, en sorprender al espectador o al lector, que es dif\u00edcil sin perder la verosimilitud, porque el espectador puede enarcar la ceja una vez, pero a la segunda a lo mejor se va\u201d. \u00bfY no les gustar\u00eda explorar otros g\u00e9neros? \u201cHemos hecho thriller hist\u00f3rico dos veces, con <a href=\"https:\/\/elpais.com\/babelia\/2021-11-05\/la-bestia-de-carmen-mola-todo-por-la-formula-todo-por-el-exito.html\" target=\"_self\" rel=\"nofollow noopener\" title=\"https:\/\/elpais.com\/babelia\/2021-11-05\/la-bestia-de-carmen-mola-todo-por-la-formula-todo-por-el-exito.html\">La bestia<\/a> y El infierno, y nos lo hemos pasado muy bien. Como guion es m\u00e1s dif\u00edcil porque estamos muy fuera de ese mundo. Llevamos cinco a\u00f1os de promoci\u00f3n continua, bastante nos cuesta ya ir acabando las novelas\u201d, concluye D\u00edaz. <\/p>\n","protected":false},"excerpt":{"rendered":"Agust\u00edn Mart\u00ednez, Jorge D\u00edaz y Antonio Mercero llevaban d\u00e9cadas escribiendo series antes de que se convirtieran en Carmen&hellip;\n","protected":false},"author":2,"featured_media":79380,"comment_status":"","ping_status":"","sticky":false,"template":"","format":"standard","meta":{"footnotes":""},"categories":[171],"tags":[29694,30338,146,147,25,24,13824,29696,29695,20801,152,8190,30339,30340,8189,23,807,214],"class_list":{"0":"post-79379","1":"post","2":"type-post","3":"status-publish","4":"format-standard","5":"has-post-thumbnail","7":"category-tv","8":"tag-alvaro-morte","9":"tag-carmen-mola","10":"tag-entertainment","11":"tag-entretenimiento","12":"tag-es","13":"tag-espana","14":"tag-estrenos-television","15":"tag-hovik-keuchkerian","16":"tag-kiti-manver","17":"tag-miniseries","18":"tag-netflix","19":"tag-series-espanolas","20":"tag-series-policias","21":"tag-series-suspense","22":"tag-series-television","23":"tag-spain","24":"tag-television","25":"tag-tv"},"share_on_mastodon":{"url":"","error":""},"_links":{"self":[{"href":"https:\/\/www.europesays.com\/es\/wp-json\/wp\/v2\/posts\/79379","targetHints":{"allow":["GET"]}}],"collection":[{"href":"https:\/\/www.europesays.com\/es\/wp-json\/wp\/v2\/posts"}],"about":[{"href":"https:\/\/www.europesays.com\/es\/wp-json\/wp\/v2\/types\/post"}],"author":[{"embeddable":true,"href":"https:\/\/www.europesays.com\/es\/wp-json\/wp\/v2\/users\/2"}],"replies":[{"embeddable":true,"href":"https:\/\/www.europesays.com\/es\/wp-json\/wp\/v2\/comments?post=79379"}],"version-history":[{"count":0,"href":"https:\/\/www.europesays.com\/es\/wp-json\/wp\/v2\/posts\/79379\/revisions"}],"wp:featuredmedia":[{"embeddable":true,"href":"https:\/\/www.europesays.com\/es\/wp-json\/wp\/v2\/media\/79380"}],"wp:attachment":[{"href":"https:\/\/www.europesays.com\/es\/wp-json\/wp\/v2\/media?parent=79379"}],"wp:term":[{"taxonomy":"category","embeddable":true,"href":"https:\/\/www.europesays.com\/es\/wp-json\/wp\/v2\/categories?post=79379"},{"taxonomy":"post_tag","embeddable":true,"href":"https:\/\/www.europesays.com\/es\/wp-json\/wp\/v2\/tags?post=79379"}],"curies":[{"name":"wp","href":"https:\/\/api.w.org\/{rel}","templated":true}]}}