{"id":80000,"date":"2025-08-29T13:36:10","date_gmt":"2025-08-29T13:36:10","guid":{"rendered":"https:\/\/www.europesays.com\/es\/80000\/"},"modified":"2025-08-29T13:36:10","modified_gmt":"2025-08-29T13:36:10","slug":"gerard-martin-inscrito-en-laliga","status":"publish","type":"post","link":"https:\/\/www.europesays.com\/es\/80000\/","title":{"rendered":"Gerard Mart\u00edn, inscrito en LaLiga"},"content":{"rendered":"<p class=\"ft-text\">\u00a1Uno menos! El FC Barcelona ha conseguido inscribir a <strong>Gerard Mart\u00edn<\/strong> en la Liga tras la cesi\u00f3n de I\u00f1aki Pe\u00f1a al Elche de Eder Sarabia y la venta de Jan Virgili al Mallorca. Los azulgranas siguen dando pasos para tener a todos los jugadores disponibles para Flick y, tras el canterano, solo quedan pendientes <strong>Wojciech Szczesny y Roony Bardghji<\/strong>.<\/p>\n<p class=\"ft-text\">El Bar\u00e7a se apresur\u00f3 para poder inscribir a <strong>Joan Garc\u00eda y Marcus Rashford<\/strong>, los dos grandes fichajes del curso. Para el guardameta utilizaron la lesi\u00f3n de larga duraci\u00f3n para poder apuntar al de Sallent, mientras que para el ingl\u00e9s fueron clave las salidas de<strong> I\u00f1igo Mart\u00ednez, Pablo Torre, \u00c1lex Valle o la venta del porcentaje que el Bar\u00e7a ten\u00eda por Trincao al Sporting de Portugal.<\/strong><\/p>\n<p><img decoding=\"async\" src=\"https:\/\/www.europesays.com\/es\/wp-content\/uploads\/2025\/08\/c06b8e16-ccbf-4fe2-8e50-f75ecff7bf27_alta-libre-aspect-ratio_default_0.jpg\" width=\"1200\" height=\"675\" alt=\"Dro celebra su gol con Gerard Mart\u00edn\" class=\"ft-helper-img-rd\" loading=\"lazy\" hasdataaida=\"true\"\/><\/p>\n<p class=\"ft-helper-fontColor-quaternary ft-helper-fontSize-body-S ft-helper-spacer-t-xxs\">Dro celebra su gol con Gerard Mart\u00edn  \/ Valent\u00ed Enrich<\/p>\n<p class=\"ft-text\">Tras todos estos movimientos, los azulgranas necesitaban cerrar m\u00e1s salidas para inscribir a los restantes. La salida de I\u00f1aki Pe\u00f1a en forma de cesi\u00f3n se hizo oficial el pasado mi\u00e9rcoles. El Bar\u00e7a lo renov\u00f3 hasta 2029 para diferir su salario y poder ahorrar m\u00e1s para el fair play financiero. <strong>Esa salida era necesaria para el siguiente movimiento de inscripci\u00f3n.<\/strong><\/p>\n<p class=\"ft-text\"><strong>Posteriormente vendieron a Jan Virgili al Mallorca por 4 millones por el 50% de sus derechos y la rescisi\u00f3n de contrato de Oriol Romeu. <\/strong>Todos estos movimientos han permitido a los cul\u00e9s la inscripci\u00f3n del canterano y deber\u00edan ser suficientes para la de Szczesny. El polaco deber\u00eda salir en la web de la Liga en las pr\u00f3ximas horas para poder viajar a Madrid con sus compa\u00f1eros.<\/p>\n<p>Se gan\u00f3 el puesto<\/p>\n<p class=\"ft-text\"><strong>Gerard Mart\u00edn vivi\u00f3 un curso de consolidaci\u00f3n con el primer equipo del FC Barcelona. <\/strong>El lateral zurdo, formado en La Masia, se estren\u00f3 de manera oficial en la 2024\/25 y aprovech\u00f3 las ausencias en defensa para ganarse la confianza de Hansi Flick. <strong>Para el recuerdo sus dos asistencias en las semifinales de la Champions League ante el Inter de Mil\u00e1n.<\/strong><\/p>\n<p class=\"ft-text\">El curso pasado jug\u00f3 con ficha del filial, pero esta temporada renov\u00f3 y tendr\u00e1 n\u00famero de primer equipo. <strong>A sus 23 a\u00f1os tiene delante una gran oportunidad en el primer equipo del Bar\u00e7a.<\/strong><\/p>\n<p><img decoding=\"async\" src=\"https:\/\/www.europesays.com\/es\/wp-content\/uploads\/2025\/08\/0c6b6ec0-e933-420e-9666-d55c10fe2826_alta-libre-aspect-ratio_default_0.jpg\" width=\"1200\" height=\"1023\" alt=\"Gerard Mart\u00edn sufri\u00f3 ante el Inter\" class=\"ft-helper-img-rd\" loading=\"lazy\" hasdataaida=\"true\"\/><\/p>\n<p class=\"ft-helper-fontColor-quaternary ft-helper-fontSize-body-S ft-helper-spacer-t-xxs\">Gerard Mart\u00edn, dos asistencias ante el Inter  \/ SPORT<\/p>\n<p class=\"ft-text\">Esta temporada podr\u00eda incluso ganar m\u00e1s protagonismo tras la salida de I\u00f1igo Mart\u00ednez ya que el alem\u00e1n <strong>lo ha probado como central zurdo en la pretemporada<\/strong>. Con la irrupci\u00f3n de Jofre Torrents, parece que su posici\u00f3n cada vez est\u00e1 m\u00e1s cerca del centro de la zaga que en la banda, pero Flick quer\u00eda tenerlo ya para tener m\u00e1s n\u00famero de jugadores disponibles<\/p>\n","protected":false},"excerpt":{"rendered":"\u00a1Uno menos! El FC Barcelona ha conseguido inscribir a Gerard Mart\u00edn en la Liga tras la cesi\u00f3n de&hellip;\n","protected":false},"author":2,"featured_media":80001,"comment_status":"","ping_status":"","sticky":false,"template":"","format":"standard","meta":{"footnotes":""},"categories":[268],"tags":[168,25,24,280,282,30464,25696,21956,1044,1730,289,281,23,167],"class_list":{"0":"post-80000","1":"post","2":"type-post","3":"status-publish","4":"format-standard","5":"has-post-thumbnail","7":"category-futbol","8":"tag-deportes","9":"tag-es","10":"tag-espana","11":"tag-football","12":"tag-futbol","13":"tag-gerard","14":"tag-gerard-martin","15":"tag-inscrito","16":"tag-liga","17":"tag-martin","18":"tag-oficial","19":"tag-soccer","20":"tag-spain","21":"tag-sports"},"share_on_mastodon":{"url":"","error":""},"_links":{"self":[{"href":"https:\/\/www.europesays.com\/es\/wp-json\/wp\/v2\/posts\/80000","targetHints":{"allow":["GET"]}}],"collection":[{"href":"https:\/\/www.europesays.com\/es\/wp-json\/wp\/v2\/posts"}],"about":[{"href":"https:\/\/www.europesays.com\/es\/wp-json\/wp\/v2\/types\/post"}],"author":[{"embeddable":true,"href":"https:\/\/www.europesays.com\/es\/wp-json\/wp\/v2\/users\/2"}],"replies":[{"embeddable":true,"href":"https:\/\/www.europesays.com\/es\/wp-json\/wp\/v2\/comments?post=80000"}],"version-history":[{"count":0,"href":"https:\/\/www.europesays.com\/es\/wp-json\/wp\/v2\/posts\/80000\/revisions"}],"wp:featuredmedia":[{"embeddable":true,"href":"https:\/\/www.europesays.com\/es\/wp-json\/wp\/v2\/media\/80001"}],"wp:attachment":[{"href":"https:\/\/www.europesays.com\/es\/wp-json\/wp\/v2\/media?parent=80000"}],"wp:term":[{"taxonomy":"category","embeddable":true,"href":"https:\/\/www.europesays.com\/es\/wp-json\/wp\/v2\/categories?post=80000"},{"taxonomy":"post_tag","embeddable":true,"href":"https:\/\/www.europesays.com\/es\/wp-json\/wp\/v2\/tags?post=80000"}],"curies":[{"name":"wp","href":"https:\/\/api.w.org\/{rel}","templated":true}]}}