{"id":80118,"date":"2025-08-29T14:50:08","date_gmt":"2025-08-29T14:50:08","guid":{"rendered":"https:\/\/www.europesays.com\/es\/80118\/"},"modified":"2025-08-29T14:50:08","modified_gmt":"2025-08-29T14:50:08","slug":"las-polemicas-mas-famosas-de-michael-jackson-a-67-anos-de-su-nacimiento","status":"publish","type":"post","link":"https:\/\/www.europesays.com\/es\/80118\/","title":{"rendered":"Las pol\u00e9micas m\u00e1s famosas de Michael Jackson, a 67 a\u00f1os de su nacimiento"},"content":{"rendered":"<p><strong><a href=\"https:\/\/www.clarin.com\/espectaculos\/biopic-michael-jackson-volvio-postergar-costo-estrena-finalmente_0_6gVjIRLG2Z.html\" target=\"_blank\" title=\"Michael Jackson\" alt=\"Michael Jackson\" rel=\"nofollow noopener\">Michael Jackson<\/a><\/strong> <strong>revolucion\u00f3 el mundo de la m\u00fasica pop<\/strong>, a fuerza de carisma, histrionismo y talento. Era el octavo de diez hijos que tuvieron Joseph y Katherine Jackson, tambi\u00e9n m\u00fasicos. Quiz\u00e1s por eso ten\u00eda la m\u00fasica en su ADN.<\/p>\n<p>Nacido el 25 de agosto de 1958 en Gary, Indiana (Estados Unidos), el <strong><a href=\"https:\/\/www.clarin.com\/internacional\/subastaron-us-7000-media-michael-jackson-uso-1997_0_vqGRtMmfrR.html\" target=\"_blank\" title=\"&quot;Rey del Pop&quot;\" alt=\"&quot;Rey del Pop&quot;\" rel=\"nofollow noopener\">\u00abRey del Pop\u00bb<\/a><\/strong>, apodado por su gran amiga Elizabeth Taylor, vivi\u00f3 una infancia llena de m\u00fasica. Tanto sus padres como sus hermanos ten\u00edan alg\u00fan talento musical. Cinco de ellos, incluido Michael, formaron parte de la banda <strong>\u00abLos 5 Jackson\u00bb<\/strong> entre 1968 y 1975.<\/p>\n<p>Jackson siempre fue noticia, tanto por lo que hac\u00eda en los escenarios como por su vida privada. En 1993 se cas\u00f3 con <strong>Lisa Marie Presley<\/strong>, aunque se divorci\u00f3 al poco tiempo. Luego, en 1997, hizo lo propio con la enfermera <strong>Deborah Jeanne Rowe<\/strong>, con quien <strong>tuvo a sus dos hijos mayores<\/strong>: <strong>Michael Joseph Jackson, Jr. <\/strong>y <strong><a href=\"https:\/\/www.clarin.com\/internacional\/dramatico-video-paris-jackson-hija-michael-alcoholica-adicta-heroina_0_mMMK9DkGkn.html\" target=\"_blank\" title=\"Paris Michael Katherine Jackson.\" alt=\"Paris Michael Katherine Jackson.\" rel=\"nofollow noopener\">Paris Michael Katherine Jackson<\/a><\/strong><a href=\"https:\/\/www.clarin.com\/internacional\/dramatico-video-paris-jackson-hija-michael-alcoholica-adicta-heroina_0_mMMK9DkGkn.html\" target=\"_blank\" title=\"Paris Michael Katherine Jackson.\" alt=\"Paris Michael Katherine Jackson.\" rel=\"nofollow noopener\">.<\/a><\/p>\n<p>Michael Jackson lanz\u00f3 su carrera como solista en 1971, tras algunos cortocircuitos con sus hermanos. Pero no fue hasta 1979 cuando se asoci\u00f3 con <strong>Quincy Jones<\/strong> para grabar su \u00e1lbum <strong>\u00abOff the Wall\u00bb<\/strong>, que inclu\u00eda \u00e9xitos como <strong>Don&#8217;t Stop &#8216;Til You Get Enough y Rock With You<\/strong>.<\/p>\n<p>En 1982 lleg\u00f3 <strong>Thriller<\/strong>, que en la actualidad sigue siendo el disco m\u00e1s vendido de la historia. Por este \u00e1lbum consigui\u00f3 varios reconocimientos, entre ellos ocho Grammys. Adem\u00e1s, los discos que grab\u00f3 posteriormente como <strong>Bad (1987), Dangerous (1991) y History (1995)<\/strong> tambi\u00e9n alcanzaron ventas millonarias en todo el mundo.<\/p>\n<p>A lo largo de su vida estuvo implicado en varias situaciones que cambiaron la imagen del artista, algunas m\u00e1s pol\u00e9micas que otras. A continuaci\u00f3n las m\u00e1s controversiales:<\/p>\n<p>Este <strong>29 de agosto cumplir\u00eda 67 a\u00f1os<\/strong>, pero el 25 de junio de 2009 el artista <strong>dej\u00f3 este mundo por una intoxicaci\u00f3n del anest\u00e9sico Propofol<\/strong> en combinaci\u00f3n con otros medicamentos suministrada por su m\u00e9dico <strong>Conrad Murray<\/strong>.<\/p>\n<p><strong>Su muerte fue inesperada<\/strong> y conmovi\u00f3 al mundo entero; no hab\u00eda ciudad donde no se lo llorara. Su <strong>funeral fue el 6 de julio de ese a\u00f1o<\/strong> en el estadio <strong>Staples Center de Los \u00c1ngeles<\/strong>. All\u00ed estuvieron sus hijos, sus padres y sus hermanos, entre otros seres queridos de su entorno. Sus restos se encuentran actualmente en el cementerio Forest Lawn de Glendale de Los \u00c1ngeles.<\/p>\n<p>Michael Jackson <strong>fue enterrado con un guante blanco<\/strong> en su mano derecha y el interior del ata\u00fad esta <strong>recubierto por terciopelo azul<\/strong>. Por fuera est\u00e1 <strong>chapado en oro bajo un sarc\u00f3fago de m\u00e1rmol blanco<\/strong>. Adem\u00e1s, guarda tres notas de sus hijos.<\/p>\n<p>El 30 de enero de 2023 <strong>se anunci\u00f3 la pel\u00edcula biogr\u00e1fica<\/strong> de Michael Jackson. Ser\u00e1 protagonizada por<strong> Jaafar Jackson<\/strong>, sobrino de Michael, y <strong>se estrenar\u00e1 el 24 de abril del a\u00f1o pr\u00f3ximo<\/strong>.<\/p>\n","protected":false},"excerpt":{"rendered":"Michael Jackson revolucion\u00f3 el mundo de la m\u00fasica pop, a fuerza de carisma, histrionismo y talento. Era el&hellip;\n","protected":false},"author":2,"featured_media":80119,"comment_status":"","ping_status":"","sticky":false,"template":"","format":"standard","meta":{"footnotes":""},"categories":[170],"tags":[146,147,25,24,184,185,23],"class_list":{"0":"post-80118","1":"post","2":"type-post","3":"status-publish","4":"format-standard","5":"has-post-thumbnail","7":"category-musica","8":"tag-entertainment","9":"tag-entretenimiento","10":"tag-es","11":"tag-espana","12":"tag-music","13":"tag-musica","14":"tag-spain"},"share_on_mastodon":{"url":"","error":""},"_links":{"self":[{"href":"https:\/\/www.europesays.com\/es\/wp-json\/wp\/v2\/posts\/80118","targetHints":{"allow":["GET"]}}],"collection":[{"href":"https:\/\/www.europesays.com\/es\/wp-json\/wp\/v2\/posts"}],"about":[{"href":"https:\/\/www.europesays.com\/es\/wp-json\/wp\/v2\/types\/post"}],"author":[{"embeddable":true,"href":"https:\/\/www.europesays.com\/es\/wp-json\/wp\/v2\/users\/2"}],"replies":[{"embeddable":true,"href":"https:\/\/www.europesays.com\/es\/wp-json\/wp\/v2\/comments?post=80118"}],"version-history":[{"count":0,"href":"https:\/\/www.europesays.com\/es\/wp-json\/wp\/v2\/posts\/80118\/revisions"}],"wp:featuredmedia":[{"embeddable":true,"href":"https:\/\/www.europesays.com\/es\/wp-json\/wp\/v2\/media\/80119"}],"wp:attachment":[{"href":"https:\/\/www.europesays.com\/es\/wp-json\/wp\/v2\/media?parent=80118"}],"wp:term":[{"taxonomy":"category","embeddable":true,"href":"https:\/\/www.europesays.com\/es\/wp-json\/wp\/v2\/categories?post=80118"},{"taxonomy":"post_tag","embeddable":true,"href":"https:\/\/www.europesays.com\/es\/wp-json\/wp\/v2\/tags?post=80118"}],"curies":[{"name":"wp","href":"https:\/\/api.w.org\/{rel}","templated":true}]}}