{"id":80132,"date":"2025-08-29T14:57:09","date_gmt":"2025-08-29T14:57:09","guid":{"rendered":"https:\/\/www.europesays.com\/es\/80132\/"},"modified":"2025-08-29T14:57:09","modified_gmt":"2025-08-29T14:57:09","slug":"israel-recupera-en-gaza-el-cuerpo-de-un-rehen-muerto-y-los-restos-de-otro","status":"publish","type":"post","link":"https:\/\/www.europesays.com\/es\/80132\/","title":{"rendered":"Israel recupera en Gaza el cuerpo de un reh\u00e9n muerto y los restos de otro"},"content":{"rendered":"<p>      CNN<br \/>\n        \u00a0\u2014\u00a0<\/p>\n<p class=\"paragraph inline-placeholder vossi-paragraph\" data-uri=\"es.cms.cnn.com\/_components\/paragraph\/instances\/cmewoue49005i28p1f6svg5px@published\" data-editable=\"text\" data-component-name=\"paragraph\" data-article-gutter=\"true\">\n            Las fuerzas israel\u00edes recuperaron el cuerpo de un reh\u00e9n muerto y los restos de otro en Gaza, anunci\u00f3 la oficina del primer ministro el viernes.\n    <\/p>\n<p class=\"paragraph inline-placeholder vossi-paragraph\" data-uri=\"es.cms.cnn.com\/_components\/paragraph\/instances\/cmewp08uw0005356npm9xpfwk@published\" data-editable=\"text\" data-component-name=\"paragraph\" data-article-gutter=\"true\">\n            El cuerpo recuperado fue identificado como de Ilan Weiss, de 56 a\u00f1os, del kibutz Be\u2019eri.\n    <\/p>\n<p class=\"paragraph inline-placeholder vossi-paragraph\" data-uri=\"es.cms.cnn.com\/_components\/paragraph\/instances\/cmewp0foi0007356nehrebikw@published\" data-editable=\"text\" data-component-name=\"paragraph\" data-article-gutter=\"true\">\n            La esposa y la hija de Weiss, Shiri y Noga, fueron tomadas como rehenes del kibutz Be\u2019eri durante el ataque liderado por Hamas el 7 de octubre. Fueron liberadas durante el primer alto el fuego en noviembre de 2023. En ese momento, se cre\u00eda que Weiss podr\u00eda estar vivo.\n    <\/p>\n<p class=\"paragraph inline-placeholder vossi-paragraph\" data-uri=\"es.cms.cnn.com\/_components\/paragraph\/instances\/cmewp0nr50009356nkaqegbx0@published\" data-editable=\"text\" data-component-name=\"paragraph\" data-article-gutter=\"true\">\n            Sin embargo, en enero de 2024, el kibutz Be\u2019eri anunci\u00f3 que Ilan Weiss hab\u00eda muerto durante el ataque a la comunidad y que su cuerpo hab\u00eda sido trasladado a Gaza.\n    <\/p>\n<p class=\"paragraph inline-placeholder vossi-paragraph\" data-uri=\"es.cms.cnn.com\/_components\/paragraph\/instances\/cmewp0s9f000b356nuac7abr9@published\" data-editable=\"text\" data-component-name=\"paragraph\" data-article-gutter=\"true\">\n            Los restos de otro reh\u00e9n, a\u00fan no identificado, tambi\u00e9n fueron recuperados en la misma operaci\u00f3n, seg\u00fan inform\u00f3 la oficina.\n    <\/p>\n<p class=\"paragraph inline-placeholder vossi-paragraph\" data-uri=\"es.cms.cnn.com\/_components\/paragraph\/instances\/cmewp0ya1000d356nia0c0jzv@published\" data-editable=\"text\" data-component-name=\"paragraph\" data-article-gutter=\"true\">\n            Las Fuerzas de Defensa de Israel (FDI) no informaron en qu\u00e9 lugar de Gaza se recuperaron los cuerpos.\n    <\/p>\n<p class=\"paragraph inline-placeholder vossi-paragraph\" data-uri=\"es.cms.cnn.com\/_components\/paragraph\/instances\/cmewp1scg000f356ngosib0b0@published\" data-editable=\"text\" data-component-name=\"paragraph\" data-article-gutter=\"true\">\n            El Foro de Familiares de Rehenes y Desaparecidos afirm\u00f3 que, junto con el dolor y la pena, la recuperaci\u00f3n del cuerpo de Weiss \u201cofrece cierto consuelo a la familia tras 692 d\u00edas de espera en medio de la incertidumbre\u201d.\n    <\/p>\n<p class=\"paragraph inline-placeholder vossi-paragraph\" data-uri=\"es.cms.cnn.com\/_components\/paragraph\/instances\/cmewp24is000h356nmwxj16bp@published\" data-editable=\"text\" data-component-name=\"paragraph\" data-article-gutter=\"true\">\n            Tras la recuperaci\u00f3n de los restos de los dos rehenes fallecidos, quedan 48 rehenes en Gaza, de los cuales se cree que 20 est\u00e1n vivos.\n    <\/p>\n","protected":false},"excerpt":{"rendered":"CNN \u00a0\u2014\u00a0 Las fuerzas israel\u00edes recuperaron el cuerpo de un reh\u00e9n muerto y los restos de otro en&hellip;\n","protected":false},"author":2,"featured_media":80133,"comment_status":"","ping_status":"","sticky":false,"template":"","format":"standard","meta":{"footnotes":""},"categories":[42],"tags":[17,18,13,14,694,11,61,62,63,64,74,19,20,9,10,15,16,12651,12,21,22,65,66,67],"class_list":{"0":"post-80132","1":"post","2":"type-post","3":"status-publish","4":"format-standard","5":"has-post-thumbnail","7":"category-internacional","8":"tag-breaking-news","9":"tag-breakingnews","10":"tag-featured-news","11":"tag-featurednews","12":"tag-gaza","13":"tag-headlines","14":"tag-internacional","15":"tag-international","16":"tag-international-news","17":"tag-internationalnews","18":"tag-israel","19":"tag-latest-news","20":"tag-latestnews","21":"tag-news","22":"tag-noticias","23":"tag-noticias-destacadas","24":"tag-noticiasdestacadas","25":"tag-rehenes","26":"tag-titulares","27":"tag-ultimas-noticias","28":"tag-ultimasnoticias","29":"tag-world","30":"tag-world-news","31":"tag-worldnews"},"share_on_mastodon":{"url":"","error":""},"_links":{"self":[{"href":"https:\/\/www.europesays.com\/es\/wp-json\/wp\/v2\/posts\/80132","targetHints":{"allow":["GET"]}}],"collection":[{"href":"https:\/\/www.europesays.com\/es\/wp-json\/wp\/v2\/posts"}],"about":[{"href":"https:\/\/www.europesays.com\/es\/wp-json\/wp\/v2\/types\/post"}],"author":[{"embeddable":true,"href":"https:\/\/www.europesays.com\/es\/wp-json\/wp\/v2\/users\/2"}],"replies":[{"embeddable":true,"href":"https:\/\/www.europesays.com\/es\/wp-json\/wp\/v2\/comments?post=80132"}],"version-history":[{"count":0,"href":"https:\/\/www.europesays.com\/es\/wp-json\/wp\/v2\/posts\/80132\/revisions"}],"wp:featuredmedia":[{"embeddable":true,"href":"https:\/\/www.europesays.com\/es\/wp-json\/wp\/v2\/media\/80133"}],"wp:attachment":[{"href":"https:\/\/www.europesays.com\/es\/wp-json\/wp\/v2\/media?parent=80132"}],"wp:term":[{"taxonomy":"category","embeddable":true,"href":"https:\/\/www.europesays.com\/es\/wp-json\/wp\/v2\/categories?post=80132"},{"taxonomy":"post_tag","embeddable":true,"href":"https:\/\/www.europesays.com\/es\/wp-json\/wp\/v2\/tags?post=80132"}],"curies":[{"name":"wp","href":"https:\/\/api.w.org\/{rel}","templated":true}]}}