{"id":80142,"date":"2025-08-29T15:04:08","date_gmt":"2025-08-29T15:04:08","guid":{"rendered":"https:\/\/www.europesays.com\/es\/80142\/"},"modified":"2025-08-29T15:04:08","modified_gmt":"2025-08-29T15:04:08","slug":"no-he-visto-nada-igual","status":"publish","type":"post","link":"https:\/\/www.europesays.com\/es\/80142\/","title":{"rendered":"No he visto nada igual"},"content":{"rendered":"<p class=\"c-paragraph\">El m\u00edtico <a href=\"https:\/\/www.20minutos.es\/deportes\/noticia\/5725705\/0\/john-mcenroe-desvela-los-tenistas-capaces-destronar-carlos-alcaraz-jannik-sinner-serian-mi-eleccion-ahora-mismo\/\" rel=\"nofollow noopener\" target=\"_blank\">John McEnroe<\/a> siempre ha mostrado su predilecci\u00f3n por <a href=\"https:\/\/www.20minutos.es\/tags\/deportes\/carlos-alcaraz.html\" rel=\"nofollow noopener\" target=\"_blank\">Carlos Alcaraz.<\/a> El extenista estadounidense, en el arranque del <a href=\"https:\/\/www.20minutos.es\/tags\/deportes\/us-open.html\" rel=\"nofollow noopener\" target=\"_blank\">US Open 2025<\/a>, <b>volvi\u00f3 a elogiar al espa\u00f1ol<\/b> despu\u00e9s de conseguir sus dos primeras victorias de forma incontestable en las pistas de Nueva York, ante Reilly Opelka y Mattia Belucci.\u00a0<\/p>\n<p class=\"c-paragraph\">El ganador de siete t\u00edtulos de Grand Slams asegur\u00f3 que Carlitos es el <b>\u00abjugador m\u00e1s talentoso\u00bb<\/b> que ha visto jugar a lo largo de su vida, incluso se atrevi\u00f3 a colocarlo por encima del &#8216;Big Three&#8217;: <a href=\"https:\/\/www.20minutos.es\/tags\/deportes\/roger-federer.html\" rel=\"nofollow noopener\" target=\"_blank\">Roger Federer<\/a>, <a href=\"https:\/\/www.20minutos.es\/tags\/deportes\/rafa-nadal.html\" rel=\"nofollow noopener\" target=\"_blank\">Rafa Nadal<\/a> y <a href=\"https:\/\/www.20minutos.es\/tags\/deportes\/novak-djokovic.html\" rel=\"nofollow noopener\" target=\"_blank\">Novak Djokovic.\u00a0<\/a><\/p>\n<p class=\"c-paragraph\">\u00abCarlos es el chico m\u00e1s talentoso que he visto en una pista de tenis. <b>Es m\u00e1s que Federer, Nadal o Djokovic, tres tenistas a los que tengo un gran respeto. <\/b>Tambi\u00e9n idolatr\u00e9 a Rod Laver y a Peter Sampras\u00bb, a\u00f1adi\u00f3 el propio McEnroe en los micr\u00f3fonos de ESPN.\u00a0<\/p>\n<p>Alcaraz, por encima de Sinner<\/p>\n<p class=\"c-paragraph\">Por otro lado, John aprovech\u00f3 la oportunidad para hablar sobre el binomio Alcaraz-Sinner y reconoci\u00f3 que \u00abson dos grandes jugadores\u00bb, pero Carlitos tiene un nivel superior si consigue mostrar su mejor versi\u00f3n en una pista de tenis: \u00abBajo mi punto de vista, <b>si ambos tenistas juegan lo mejor posible&#8230; Carlos es el mejor jugador. <\/b>Es muy bueno cuando est\u00e1 metido en el partido. Uno de los m\u00e1s r\u00e1pidos en una pista de tenis, y que posee una personalidad y una actitud incre\u00edble\u00bb.\u00a0<\/p>\n<p class=\"c-paragraph\">Una opini\u00f3n, curiosamente, que no coincide con la de su hermano Patrick McEnroe (exn\u00famero tres del mundo en dobles), que coloca al italiano por delante del murciano: \u00ab<b>Le doy a Sinner cierta ventaja, aunque el cara a cara favorece a Alcaraz.<\/b> Jannik ha ganado este a\u00f1o dos de los tres Grand Slams, y es m\u00e1s consistente\u00bb.\u00a0<\/p>\n","protected":false},"excerpt":{"rendered":"El m\u00edtico John McEnroe siempre ha mostrado su predilecci\u00f3n por Carlos Alcaraz. El extenista estadounidense, en el arranque&hellip;\n","protected":false},"author":2,"featured_media":80143,"comment_status":"","ping_status":"","sticky":false,"template":"","format":"standard","meta":{"footnotes":""},"categories":[274],"tags":[168,25,24,30479,23,167,327,326],"class_list":{"0":"post-80142","1":"post","2":"type-post","3":"status-publish","4":"format-standard","5":"has-post-thumbnail","7":"category-tenis","8":"tag-deportes","9":"tag-es","10":"tag-espana","11":"tag-mcenroe","12":"tag-spain","13":"tag-sports","14":"tag-tenis","15":"tag-tennis"},"share_on_mastodon":{"url":"","error":""},"_links":{"self":[{"href":"https:\/\/www.europesays.com\/es\/wp-json\/wp\/v2\/posts\/80142","targetHints":{"allow":["GET"]}}],"collection":[{"href":"https:\/\/www.europesays.com\/es\/wp-json\/wp\/v2\/posts"}],"about":[{"href":"https:\/\/www.europesays.com\/es\/wp-json\/wp\/v2\/types\/post"}],"author":[{"embeddable":true,"href":"https:\/\/www.europesays.com\/es\/wp-json\/wp\/v2\/users\/2"}],"replies":[{"embeddable":true,"href":"https:\/\/www.europesays.com\/es\/wp-json\/wp\/v2\/comments?post=80142"}],"version-history":[{"count":0,"href":"https:\/\/www.europesays.com\/es\/wp-json\/wp\/v2\/posts\/80142\/revisions"}],"wp:featuredmedia":[{"embeddable":true,"href":"https:\/\/www.europesays.com\/es\/wp-json\/wp\/v2\/media\/80143"}],"wp:attachment":[{"href":"https:\/\/www.europesays.com\/es\/wp-json\/wp\/v2\/media?parent=80142"}],"wp:term":[{"taxonomy":"category","embeddable":true,"href":"https:\/\/www.europesays.com\/es\/wp-json\/wp\/v2\/categories?post=80142"},{"taxonomy":"post_tag","embeddable":true,"href":"https:\/\/www.europesays.com\/es\/wp-json\/wp\/v2\/tags?post=80142"}],"curies":[{"name":"wp","href":"https:\/\/api.w.org\/{rel}","templated":true}]}}