{"id":80154,"date":"2025-08-29T15:10:21","date_gmt":"2025-08-29T15:10:21","guid":{"rendered":"https:\/\/www.europesays.com\/es\/80154\/"},"modified":"2025-08-29T15:10:21","modified_gmt":"2025-08-29T15:10:21","slug":"esta-casa-de-lyon-encuentra-en-el-papel-pintado-su-aliado-para-lograr-estancias-llenas-de-personalidad-y-contraste","status":"publish","type":"post","link":"https:\/\/www.europesays.com\/es\/80154\/","title":{"rendered":"Esta casa de Lyon encuentra en el papel pintado su aliado para lograr estancias llenas de personalidad y contraste"},"content":{"rendered":"<p id=\"ehml9WNygK\" data-wc=\"57\">La casa ideal debe ser bella, pero tambi\u00e9n tener personalidad, no estar hueca por dentro. Una condici\u00f3n que en el interiorista<strong>\u00a0Mikel Irastorza<\/strong> es innata, tal y como ha demostrado en esta vivienda de Lyon (Francia), donde se ha encargado tanto de la <a class=\"hm-link\" href=\"https:\/\/www.hola.com\/decoracion\/20250225814872\/como-planificar-reforma-casa-sin-estres-am\/\" data-mrf-recirculation=\"article-body-link\" rel=\"nofollow noopener\" target=\"_blank\">reforma<\/a> como del <strong>dise\u00f1o interior<\/strong>. El resultado es tan apasionante como diferente y elegante.<\/p>\n<p id=\"eQKmHKO6uZ\" data-wc=\"88\">\u00a0La &#8216;culpa&#8217; de este escenario, bello y con alma, la tiene, sin duda, el <strong>atrevido<\/strong> <strong>estilo ecl\u00e9ctico<\/strong> del dise\u00f1ador donostiarra. Una de las se\u00f1as de identidad de su trabajo que, junto a las extraordinarias <strong>paredes ornamentales<\/strong>, que act\u00faan como murales XL y acaparan las miradas, han contribuido a crear una vivienda llena de personalidad. Todo ello, aderezado con una <strong>distribuci\u00f3n<\/strong> que busca la <strong>luz<\/strong> y apuesta por la creaci\u00f3n de <strong>espacios funcionales<\/strong> y c\u00f3modos para disfrutar, donde las <strong>piezas de dise\u00f1o<\/strong> del siglo XX se sienten en casa.\u00a0<\/p>\n<p>  <img src=\"https:\/\/www.europesays.com\/es\/wp-content\/uploads\/2025\/08\/1db3d0e33c8e-salon-joana-lyon-01.jpg\"   width=\"1920\" height=\"1080\" loading=\"lazy\" decoding=\"async\" alt=\"Sal\u00f3n con sof\u00e1 blanco, pared con mural de papel pintado en colores tierra, alfombra, mesa de centro de dise\u00f1o con el sobre de cristal, jarr\u00f3n con girasoles,  butaca,  televisi\u00f3n colgada en la pared, techos con molduras\" fetchpriority=\"auto\" class=\"image ho-image\"\/>\u00a9 Frenchie Cristogatin<\/p>\n<p> Zona de estar<\/p>\n<p id=\"e2VJtW1DYPU\">Con un gran espacio com\u00fan, la <strong>zona del sal\u00f3n<\/strong> cuenta con <strong>dos \u00e1reas<\/strong> diferenciadas, tanto <strong>por uso<\/strong> como por el espectacular <strong>revestimiento<\/strong> de sus paredes. As\u00ed, la <strong>zona de estar<\/strong> se ha revestido en un <a class=\"hm-link\" href=\"https:\/\/www.hola.com\/decoracion\/20240213249209\/como-elegir-papel-pintado-mc\/\" data-mrf-recirculation=\"article-body-link\" rel=\"nofollow noopener\" target=\"_blank\">papel pintado\u00a0<\/a>de dise\u00f1o arquitect\u00f3nico de LondonArt, que parece un gran cuadro, mientras que en el<strong>\u00a0rinc\u00f3n de relax<\/strong> se han usado <strong>paneles de mader<\/strong>a. Sin duda, los paramentos verticales son la estrella de esta estancia y los encargados de <strong>definir<\/strong> toda la <strong>paleta crom\u00e1tica<\/strong> y el <strong>estilo<\/strong>, en general, de la casa.<\/p>\n<p id=\"eYXaYaNGHd\">La gama de <strong>colores tierra y terracota<\/strong> presente en todo el piso no solo ayuda a <strong>unificar<\/strong> y a dejar un interesante poso <strong>natural<\/strong>, sino que tambi\u00e9n ayuda a crear un<strong>\u00a0ambiente c\u00e1lido<\/strong>, perfecto para hacer frente a las fr\u00edos inviernos de esta ciudad del sur de Francia.\u00a0<\/p>\n<p>  <img src=\"https:\/\/www.europesays.com\/es\/wp-content\/uploads\/2025\/08\/da260aad09d1-salon-joana-lyon-03.jpg\"   width=\"1080\" height=\"1800\" loading=\"lazy\" decoding=\"async\" alt=\"Sal\u00f3n con sof\u00e1 blanco, mural de papel pintado en la pared, mesa de centro de cristal, mesa auxiliar negra, alfombra, jarr\u00f3n con girasoles, techo con molduras\" fetchpriority=\"auto\" class=\"image ho-image\"\/>\u00a9 Frenchie Cristogatin<\/p>\n<p> Paredes y techo<\/p>\n<p id=\"e_g9x95ZW2J\">En la zona de estar la mirada se dirige de la pared al <a class=\"hm-link\" href=\"https:\/\/www.hola.com\/decoracion\/20250213813072\/techo-protagonista-tendencia-decoracion\/\" data-mrf-recirculation=\"article-body-link\" rel=\"nofollow noopener\" target=\"_blank\">techo<\/a>, que tambi\u00e9n tienen un <strong>papel principal<\/strong> en el interiorismo, siguiendo las <strong>tendencias de decoraci\u00f3<\/strong>n de 2025 que lo tratan como un lienzo en blanco. \u00abOtro de los elementos que me gustar\u00eda destacar son las <strong>bandejas perif\u00e9ricas<\/strong> de todo el techo del sal\u00f3n, que sirven para <strong>iluminar<\/strong> y, a su vez, para intentar dar algo de <strong>sensaci\u00f3n<\/strong> de m\u00e1s <strong>altura<\/strong>, ya que al tratarse de un \u00e1tico, no era muy alto. Al haber trazado un plano tan abierto de cocina, comedor y sal\u00f3n, la sensaci\u00f3n era mayor\u00bb, se\u00f1ala Mikel Irastorza.<\/p>\n<p id=\"eV1lNpv-qZo\">Adem\u00e1s, hay que destacar el mobiliario, donde el <strong>sof\u00e1 blanco<\/strong> (de Westwing) se combina con una pieza tan especial como la<strong>\u00a0mesa de centro<\/strong> <strong>Coffee<\/strong> de Isamu Noguchi (editada por Vitra), los muebles de fresno de los a\u00f1os 80, comprados en Deco Arts (Berl\u00edn), o las mesas con pedestal Pano de Light &amp; Living (en Casa Gitane). Sin olvidar, la mullida alfombra, adquirida en Marruecos.\u00a0<\/p>\n<p>  <img src=\"https:\/\/www.europesays.com\/es\/wp-content\/uploads\/2025\/08\/b12823f2edc4-rincon-joana-lyon-06.jpg\"   width=\"1920\" height=\"1080\" loading=\"lazy\" decoding=\"async\" alt=\"Rinc\u00f3n de lectura con Loungue Chair de los Eames, alfombra gris con motivos geom\u00e9tricos, pared con paneles en gris y beige, banco, consola, mesa auxiliar negra, l\u00e1mpara de sobremesa negro, molduras en el techo\" fetchpriority=\"auto\" class=\"image ho-image\"\/>\u00a9 Frenchie Cristogatin<\/p>\n<p> Rinc\u00f3n de relax<\/p>\n<p id=\"ehLtEHD8Wvm\">La <strong>distribuci\u00f3n abierta<\/strong> ha permitido integrar un<strong>\u00a0<\/strong><a class=\"hm-link\" href=\"https:\/\/www.hola.com\/decoracion\/20250320821305\/10-rincones-acogedores-casa-refugio-paz-bienestar-lm\/\" data-mrf-recirculation=\"article-body-link\" rel=\"nofollow noopener\" target=\"_blank\">rinc\u00f3n de relax<\/a>, donde los <strong>paneles de madera<\/strong> de la colecci\u00f3n Tableau de Studio Zero para Inkiosto Bianco son, al igual que ocurr\u00eda en el estar, la estrella. Aunque aqu\u00ed tienen competencia, ya que se enfrentan a la Lounge Chair de los Eames (en Vitra).<\/p>\n<p id=\"eAO6n2Qo-9\">Una vez m\u00e1s, el dise\u00f1ador consigue en este piso ambientes brillantes que <strong>integran<\/strong> piezas <strong>ic\u00f3nicas<\/strong> con otras m\u00e1s <strong>contempor\u00e1neas<\/strong>. Una <strong>mezcla<\/strong> atractiva en medio de un escenario donde los <strong>colores c\u00e1lidos<\/strong> de la tierra, con tintes muy oto\u00f1ales, y los juegos geom\u00e9tricos centran toda la atenci\u00f3n.\u00a0<\/p>\n<p>  <img src=\"https:\/\/www.europesays.com\/es\/wp-content\/uploads\/2025\/08\/f51a590adaf6-comedor-joana-lyon-08.jpg\"   width=\"1920\" height=\"1080\" loading=\"lazy\" decoding=\"async\" alt=\"Cocina con comedor con mesa XL de madera con patas negras, sillas met\u00e1licas negras, l\u00e1mpara de techo negra, vinoteca XL, alfombra de fibras vegetales y cactus \" fetchpriority=\"auto\" class=\"image ho-image\"\/>\u00a9 Frenchie Cristogatin<\/p>\n<p> Espacio abierto y comunicado<\/p>\n<p id=\"eMyTWyPEd1i\">Con la reforma de esta casa de 120 m2, Irastorza llev\u00f3 a cabo una <strong>redistribuci\u00f3n<\/strong> del espacio, que afect\u00f3 especialmente a la <strong>zona de d\u00eda<\/strong>: sal\u00f3n, cocina y comedor. El <a class=\"hm-link\" href=\"https:\/\/www.hola.com\/decoracion\/20231204244590\/secretos-distribucion-abierta-espacios-nu\/\" data-mrf-recirculation=\"article-body-link\" rel=\"nofollow noopener\" target=\"_blank\">concepto abierto\u00a0<\/a>se apodera de estos ambientes, tomando como <strong>hilo conductor<\/strong> la <strong>paleta de colores (<\/strong>tierra, mostazas y arenas).\u00a0<\/p>\n<p id=\"eePsyKfIePd\">Un trabajo en el que el interiorista se sinti\u00f3 libre: \u00abAunque los clientes tuvieron una actuaci\u00f3n muy presente durante toda la obra, me permitieron actuar sobre los par\u00e1metros que les hab\u00eda planteado. \u00danicamente me pidieron una <strong>vinoteca<\/strong> grande en la cocina\u00bb.<\/p>\n<p>  <img src=\"https:\/\/www.europesays.com\/es\/wp-content\/uploads\/2025\/08\/fb39d2d444dc-comedor-joana-lyon-09.jpg\"   width=\"1080\" height=\"1800\" loading=\"lazy\" decoding=\"async\" alt=\"Comedor con mesa de madera con patas negras, alfombra de fibras vegetales, armario de madera XL, l\u00e1mpara de techo de color negro, sillas de comedor met\u00e1licas negras, cuadros en la pared\" fetchpriority=\"auto\" class=\"image ho-image\"\/>\u00a9 Frenchie Cristogatin<\/p>\n<p> Cocina con comedor<\/p>\n<p id=\"eluLgpQSCK\">Funcional y c\u00f3modo para el d\u00eda a d\u00eda, la <a class=\"hm-link\" href=\"https:\/\/www.hola.com\/decoracion\/20230928240171\/ideas-para-crear-una-zona-de-comedor-en-la-cocina-ms\/\" data-mrf-recirculation=\"article-body-link\" rel=\"nofollow noopener\" target=\"_blank\">cocina y el comedor<\/a> forman un solo ambiente, ya que, incluso, la <strong>mesa<\/strong>, dise\u00f1o del interiorista, se sit\u00faa justo a <strong>continuaci\u00f3n<\/strong> de la <strong>isla<\/strong>, casi como formando parte de ella. Esta disposici\u00f3n de los elementos favorece la <strong>vida familiar<\/strong> y hace m\u00e1s <strong>f\u00e1cil<\/strong> el <strong>d\u00eda a d\u00ed<\/strong><strong>a<\/strong>, evitando paseos innecesarios.\u00a0<\/p>\n<p>  <img src=\"https:\/\/www.europesays.com\/es\/wp-content\/uploads\/2025\/08\/d374f2137593-comedorjoana-lyon-12.jpg\"   width=\"1080\" height=\"1800\" loading=\"lazy\" decoding=\"async\" alt=\"Comedor con mesa de madera y patas negras, alfombra de fibras vegetales, l\u00e1mpara de techo, suelo de madera, cuadros en la pared, mueble bajo de madera, \" fetchpriority=\"auto\" class=\"image ho-image\"\/>\u00a9 Frenchie Cristogatin<\/p>\n<p> Comedor con salida a la terraza<\/p>\n<p id=\"e1RcSieaJOR\">El cuidado por el detalle es otra de las se\u00f1as de la forma de trabajar de Mikel Irastorza. As\u00ed, adem\u00e1s de las paredes, los <strong>suelos de tarima<\/strong> de roble en espiga y las nuevas <strong>carpinter\u00edas<\/strong> y <strong>ventanas<\/strong> fueron cuidadosamente seleccionados, para lograr <strong>maximizar<\/strong> la\u00a0<a class=\"hm-link\" href=\"https:\/\/www.hola.com\/decoracion\/20190520142342\/lograr-una-casa-luminosa\/\" data-mrf-recirculation=\"article-body-link\" rel=\"nofollow noopener\" target=\"_blank\">luz natural<\/a><strong>\u00a0<\/strong>y lograr un dise\u00f1o de alta gama. \u00abLas ventanas est\u00e1n realizadas con unos perfiles en aluminio, lo m\u00e1s reducido posible, para ganar sensaci\u00f3n de amplitud y entrada de luz\u00bb, explica el dise\u00f1ador.<\/p>\n<p id=\"eWfF6OfqEw\">Adem\u00e1s del parqu\u00e9, hay que destacar el papel de las <strong>alfombras<\/strong>, la del comedor de Zara Home, que act\u00faan tanto como <strong>elemento divisorio\u00a0<\/strong>como una forma de imprimir <strong>calidez<\/strong> y sensaci\u00f3n de hogar.\u00a0<\/p>\n<p>  <img src=\"https:\/\/www.europesays.com\/es\/wp-content\/uploads\/2025\/08\/97130c865f2e-cocina-joana-lyon-11.jpg\"   width=\"1080\" height=\"1800\" loading=\"lazy\" decoding=\"async\" alt=\"Cocina blanca con isla, sin armarios superiores, pared con un gran armario con frigor\u00edfico integrado, alfombra,bra, balda y antepecho de cer\u00e1mica, con aspecto de m\u00e1rmol\" fetchpriority=\"auto\" class=\"image ho-image\"\/>\u00a9 Frenchie Cristogatin<\/p>\n<p> Cocina con isla<\/p>\n<p id=\"e-6jKYQlSiM\">En espacios abiertos, como este de este piso de Lyon, las <a class=\"hm-link\" href=\"https:\/\/www.hola.com\/decoracion\/20221028219878\/cocinas-con-isla-para-copiar-il\/\" data-mrf-recirculation=\"article-body-link\" rel=\"nofollow noopener\" target=\"_blank\">cocinas con isla<\/a> son garant\u00eda de \u00e9xito, ya que funcionan tanto a <strong>nivel pr\u00e1ctico<\/strong> como <strong>decorativo<\/strong> y son clave en la <strong>distribuci\u00f3n<\/strong>. Realizada a medida por Cocinas Garcia, el interiorista ha apostado por el <strong>blanco<\/strong>, un color tan ligero como estiloso, y ha prescindido de los <strong>muebles altos<\/strong>, que podr\u00edan resultar pesados visualmente, colocando una <strong>balda<\/strong> sobre la zona del fregadero. Para no perder capacidad de almacenaje, ha dise\u00f1ado un gran frente de madera, que integra el frigor\u00edfico.\u00a0<\/p>\n<p id=\"eAMo2BsdtaI\">Tenemos que destacar tambi\u00e9n el <strong>revestimiento de cer\u00e1mica<\/strong> de la isla y el antepecho con aspecto de m\u00e1rmol (de Xtone). Una soluci\u00f3n muy pr\u00e1ctica en esta zona de la casa, expuesta a agua y manchas, que aporta, al mismo tiempo, un toque sofisticado.\u00a0<\/p>\n<p>  <img src=\"https:\/\/www.europesays.com\/es\/wp-content\/uploads\/2025\/08\/5136687da367-dormitorio-joana-lyon-13.jpg\"   width=\"1920\" height=\"1080\" loading=\"lazy\" decoding=\"async\" alt=\"Dormitorio principal con pared del cabecero con paneles, salida a la terraza, ventana de madera, ropa de cama azul, cojines azules sobre la cama, cuadro en la pared\" fetchpriority=\"auto\" class=\"image ho-image\"\/>\u00a9 Frenchie Cristogatin<\/p>\n<p> Dormitorio principal<\/p>\n<p id=\"eZi1N3iZLKt\">Si en el sal\u00f3n, el <strong>papel pintado<\/strong> vest\u00eda la zona de estar, lo mismo ocurre en el dormitorio, donde la<strong>\u00a0<\/strong><a class=\"hm-link\" href=\"https:\/\/www.hola.com\/decoracion\/20250424825394\/pared-cabecero-ideas-decorar-am\/\" data-mrf-recirculation=\"article-body-link\" rel=\"nofollow noopener\" target=\"_blank\">pared del cabecero<\/a> luce otro dise\u00f1o de LondonArt, acompa\u00f1ado de dos espectaculares <strong>apliques<\/strong> de Aromas del Campo. Eso s\u00ed, si en la parte social de la casa, los colores dominantes eran tierras y arenas, aqu\u00ed, el <strong>azul<\/strong> en sus distintas tonalidades es el elegido para crear una atm\u00f3sfera tranquila, que favorezca el descanso. Los <strong>cojines<\/strong> en este tono, lisos y estampados, de Mapo\u00e9sie y Le Printemps, que visten la cama, aportan una <strong>nota sofisticada<\/strong> y elegante, muy acorde con la personalidad de la casa. \u00a0<\/p>\n<p id=\"e4ApH9Tu4h\">Con salida a la terraza, la<strong>\u00a0luz natural<\/strong> vuelve a ser parte del dise\u00f1o interior. Las ventanas se han vestido con ligeros <strong>estores<\/strong> blancos, que dejan pasar la claridad y conectan la estancia con el exterior.\u00a0<\/p>\n<p>  <img src=\"https:\/\/www.europesays.com\/es\/wp-content\/uploads\/2025\/08\/f766bc9daf81-bano-joana-lyon-16.jpg\"   width=\"1080\" height=\"1800\" loading=\"lazy\" decoding=\"async\" alt=\"Ba\u00f1o con ducha, paredes y suelo porcel\u00e1nicos a juego, espejo retroiluminado, radiadlo toallero, mueble bajolavabo blanco\" fetchpriority=\"auto\" class=\"image ho-image\"\/>\u00a9 Frenchie Cristogatin<\/p>\n<p> Ba\u00f1o con paredes y suelo a juego<\/p>\n<p id=\"eEcjQhswkxR\">Los <strong><a class=\"hm-link\" href=\"https:\/\/www.hola.com\/decoracion\/20240307250512\/ideas-revestimiento-paredes-bano-ms\/\" data-mrf-recirculation=\"article-body-link\" rel=\"nofollow noopener\" target=\"_blank\">revestimientos<\/a>,\u00a0<\/strong>que juegan un papel importante en el sal\u00f3n, son tambi\u00e9n protagonistas en el <strong>ba\u00f1o<\/strong>. Aqu\u00ed, el <strong>gres porcel\u00e1nico<\/strong> SyrosGold (de KTL Cer\u00e1mica) viste paredes y suelo, creando un ambiente limpio visualmente, pero tambi\u00e9n exclusivo y elegante. Atm\u00f3sfera a la que tambi\u00e9n contribuyen los<strong>\u00a0tiradores de bronc<\/strong><strong>e<\/strong> del mueble bajolavabo Sai&#8217;Lanka (de MH World) y la<strong>\u00a0grifer\u00eda dorad<\/strong><strong>a<\/strong> de Tres.\u00a0<\/p>\n<p id=\"egogv-DZDFQ\">Sin embargo, no estamos ante un ba\u00f1o cl\u00e1sico o tradicional, ya que nuevamente el interiorista donostiarra vuelve a hacer magia, dise\u00f1ando un <strong>espacio moderno<\/strong>, <strong>funcional<\/strong> y lleno de estilo.\u00a0<\/p>\n","protected":false},"excerpt":{"rendered":"La casa ideal debe ser bella, pero tambi\u00e9n tener personalidad, no estar hueca por dentro. Una condici\u00f3n que&hellip;\n","protected":false},"author":2,"featured_media":80155,"comment_status":"","ping_status":"","sticky":false,"template":"","format":"standard","meta":{"footnotes":""},"categories":[173],"tags":[229,233,231,230,8372,14046,232,253,234,146,147,25,24,6120,23],"class_list":{"0":"post-80154","1":"post","2":"type-post","3":"status-publish","4":"format-standard","5":"has-post-thumbnail","7":"category-arte-y-diseno","8":"tag-arte","9":"tag-arte-y-diseno","10":"tag-arts","11":"tag-arts-and-design","12":"tag-decoracion","13":"tag-decoracion-de-interiores","14":"tag-design","15":"tag-discover","16":"tag-diseno","17":"tag-entertainment","18":"tag-entretenimiento","19":"tag-es","20":"tag-espana","21":"tag-reformas","22":"tag-spain"},"share_on_mastodon":{"url":"","error":""},"_links":{"self":[{"href":"https:\/\/www.europesays.com\/es\/wp-json\/wp\/v2\/posts\/80154","targetHints":{"allow":["GET"]}}],"collection":[{"href":"https:\/\/www.europesays.com\/es\/wp-json\/wp\/v2\/posts"}],"about":[{"href":"https:\/\/www.europesays.com\/es\/wp-json\/wp\/v2\/types\/post"}],"author":[{"embeddable":true,"href":"https:\/\/www.europesays.com\/es\/wp-json\/wp\/v2\/users\/2"}],"replies":[{"embeddable":true,"href":"https:\/\/www.europesays.com\/es\/wp-json\/wp\/v2\/comments?post=80154"}],"version-history":[{"count":0,"href":"https:\/\/www.europesays.com\/es\/wp-json\/wp\/v2\/posts\/80154\/revisions"}],"wp:featuredmedia":[{"embeddable":true,"href":"https:\/\/www.europesays.com\/es\/wp-json\/wp\/v2\/media\/80155"}],"wp:attachment":[{"href":"https:\/\/www.europesays.com\/es\/wp-json\/wp\/v2\/media?parent=80154"}],"wp:term":[{"taxonomy":"category","embeddable":true,"href":"https:\/\/www.europesays.com\/es\/wp-json\/wp\/v2\/categories?post=80154"},{"taxonomy":"post_tag","embeddable":true,"href":"https:\/\/www.europesays.com\/es\/wp-json\/wp\/v2\/tags?post=80154"}],"curies":[{"name":"wp","href":"https:\/\/api.w.org\/{rel}","templated":true}]}}