{"id":80162,"date":"2025-08-29T15:15:18","date_gmt":"2025-08-29T15:15:18","guid":{"rendered":"https:\/\/www.europesays.com\/es\/80162\/"},"modified":"2025-08-29T15:15:18","modified_gmt":"2025-08-29T15:15:18","slug":"ya-se-acabo-la-resaca-del-ascenso-ahora-hay-que-agarrarse-a-la-permanencia","status":"publish","type":"post","link":"https:\/\/www.europesays.com\/es\/80162\/","title":{"rendered":"\u201cYa se acab\u00f3 la resaca del ascenso, ahora hay que agarrarse a la permanencia\u201d"},"content":{"rendered":"<p class=\"ft-text\">Veljko Paunovic afronta con energ\u00eda, como siempre, la cita ante la Real Sociedad de ma\u00f1ana en el Carlos Tartiere. Los azules quieren estrenar el casillero de puntos ante un rival que ha acabado en empate los dos precedentes en la competici\u00f3n.<\/p>\n<p class=\"ft-text\"><strong>El fichaje de David Carmo<\/strong>. \u201cEs un refuerzo importante para la defensa. Tiene experiencia, ha jugado a un nivel alto, necesitamos de gente lo que sabe que es jugar en Premer, liga portuguesa, griega, ser campe\u00f3n con Olympiakos&#8230; Es el perfil que busc\u00e1bamos, un zurdo. Para ma\u00f1ana est\u00e1 disponible, no de inicio, pero va convocado\u201d<\/p>\n<p class=\"ft-text\"><strong>Saldo hasta ahora.<\/strong> \u201cPrimer partido fue distinto por la roja, por lo ya comentado. Fue un aprendizaje, tambi\u00e9n ante el Madrid, en adversas condiciones y logramos dar la cara. Hemos demostrado, sobre todo en la segunda parte ante el Madrid, ser protagonista. Este bagaje y la vacunaci\u00f3n que hemos tenido. Ahora hay que hacerse fuertes en casa, protagonistas, con nuestra afici\u00f3n tenemos que disputar todos los puntos en el Tartiere. Tenemos que entender que ya se acab\u00f3 la resaca del ascenso, ahora hay que agarrarse a la permanencia. Cumplimos un suelo y ahora hay otro objetivos. Y en ello nos centramos todos. Tenemos que ser de Primera, en la preparaci\u00f3n, en todo. Despu\u00e9s de 24 a\u00f1os no podemos dejar pasar esta oportunidad. Hay que despertar del sue\u00f1o del ascenso, todos, porque esto ya es Primera Divisi\u00f3n\u201d.<\/p>\n<p class=\"ft-text\"><strong>El par\u00f3n despu\u00e9s de la tercera jornada<\/strong>. \u201cNo pienso en ello. Nos preparamos para ganar, meter los primeros goles, con el apoyo de la gente\u201d.<\/p>\n<p class=\"ft-text\"><strong>Falta de goles de los delanteros. <\/strong>\u201cMa\u00f1ana es una oportunidad de que se acabe. Hay que aprovechar las ocasiones y ser el equipo que puede celebrar la primera victoria en Primera\u201d.<\/p>\n<p class=\"ft-text\"><strong>Real Sociedad.<\/strong> \u201cEs un equipazo, en un gran club, un gran equipo. Est\u00e1n en proceso de cambio, lo est\u00e1n haciendo bien, llegan\u00a0con un buen inicio pero es nuestro rival y vamos a pelear por lo nuestro\u201d.<\/p>\n<p class=\"ft-text\"><strong>Errores propios<\/strong>. \u201cQuiero mejorar en las p\u00e9rdidas, no tenerlas, y cuando ocurren estar m\u00e1s parados detr\u00e1s del bal\u00f3n. Lo hicimos en Segunda, pero aqu\u00ed te castigan m\u00e1s. Minimizar los errores es fundamental en todos los partidos de Primera\u201d.<\/p>\n<p class=\"ft-text\"><strong>Cierre del mercado. <\/strong>\u201cEstamos complet\u00e1ndonos. Van a sumar los que vienen. No quiero que solo pelee el equipo, quiero que mejoremos en el \u00e1rea rival y en la efectividad de nuestras ocasiones. Tiene que mejorar el \u00faltimo pase y la finalizaci\u00f3n\u201d.<\/p>\n<p class=\"ft-text\"><strong>Vestuario<\/strong>. \u201cEl equipo hizo m\u00e9ritos para tener confianza. Es una gran oportunidad. Estamos con ganas, cuando se acerque la hora estaremos m\u00e1s concentrados y enchufados, pero con buenas sensaciones, buena convivencia. Es fundamental\u201d.<\/p>\n<p class=\"ft-text\"><strong>La salida de Borja S\u00e1nchez.<\/strong> \u201cEs un magn\u00edfico muchacho,. Gran profesional. Estamos muy agradecidos con \u00e9l, le deseamos lo mejor. Le va a ir bien, seguro. Tenemos que concentrarnos en el grupo que tenemos y empezar a competir con los que estar\u00e1n aqu\u00ed todo el a\u00f1o\u201d.<\/p>\n","protected":false},"excerpt":{"rendered":"Veljko Paunovic afronta con energ\u00eda, como siempre, la cita ante la Real Sociedad de ma\u00f1ana en el Carlos&hellip;\n","protected":false},"author":2,"featured_media":80163,"comment_status":"","ping_status":"","sticky":false,"template":"","format":"standard","meta":{"footnotes":""},"categories":[93],"tags":[17577,30485,168,25,24,19104,260,5815,205,17193,3302,7209,18045,23,167],"class_list":{"0":"post-80162","1":"post","2":"type-post","3":"status-publish","4":"format-standard","5":"has-post-thumbnail","7":"category-deportes","8":"tag-acabo","9":"tag-centra","10":"tag-deportes","11":"tag-es","12":"tag-espana","13":"tag-foco","14":"tag-gente","15":"tag-goles","16":"tag-madrid","17":"tag-paunovic","18":"tag-real-oviedo","19":"tag-real-sociedad","20":"tag-resaca","21":"tag-spain","22":"tag-sports"},"share_on_mastodon":{"url":"","error":""},"_links":{"self":[{"href":"https:\/\/www.europesays.com\/es\/wp-json\/wp\/v2\/posts\/80162","targetHints":{"allow":["GET"]}}],"collection":[{"href":"https:\/\/www.europesays.com\/es\/wp-json\/wp\/v2\/posts"}],"about":[{"href":"https:\/\/www.europesays.com\/es\/wp-json\/wp\/v2\/types\/post"}],"author":[{"embeddable":true,"href":"https:\/\/www.europesays.com\/es\/wp-json\/wp\/v2\/users\/2"}],"replies":[{"embeddable":true,"href":"https:\/\/www.europesays.com\/es\/wp-json\/wp\/v2\/comments?post=80162"}],"version-history":[{"count":0,"href":"https:\/\/www.europesays.com\/es\/wp-json\/wp\/v2\/posts\/80162\/revisions"}],"wp:featuredmedia":[{"embeddable":true,"href":"https:\/\/www.europesays.com\/es\/wp-json\/wp\/v2\/media\/80163"}],"wp:attachment":[{"href":"https:\/\/www.europesays.com\/es\/wp-json\/wp\/v2\/media?parent=80162"}],"wp:term":[{"taxonomy":"category","embeddable":true,"href":"https:\/\/www.europesays.com\/es\/wp-json\/wp\/v2\/categories?post=80162"},{"taxonomy":"post_tag","embeddable":true,"href":"https:\/\/www.europesays.com\/es\/wp-json\/wp\/v2\/tags?post=80162"}],"curies":[{"name":"wp","href":"https:\/\/api.w.org\/{rel}","templated":true}]}}