{"id":80182,"date":"2025-08-29T15:25:08","date_gmt":"2025-08-29T15:25:08","guid":{"rendered":"https:\/\/www.europesays.com\/es\/80182\/"},"modified":"2025-08-29T15:25:08","modified_gmt":"2025-08-29T15:25:08","slug":"habra-pelea-en-los-jardines-de-la-casa-blanca-en-2026","status":"publish","type":"post","link":"https:\/\/www.europesays.com\/es\/80182\/","title":{"rendered":"Habr\u00e1 pelea en los jard\u00ednes de la Casa Blanca en 2026"},"content":{"rendered":"<p><a href=\"https:\/\/www.record.com.mx\/extremo\/pfl-apuesta-por-latinoamerica-jaime-pollack-liderara-la-expansion-regional-de-la-liga-de\" rel=\"nofollow noopener\" target=\"_blank\"><strong>Dana White<\/strong><\/a>, CEO de la <a href=\"https:\/\/www.record.com.mx\/extremo\/ufc-rompe-con-espn-transmitira-todas-sus-peleas-en-paramount-sin-pago-por-evento\" rel=\"nofollow noopener\" target=\"_blank\"><strong>UFC<\/strong><\/a> y gran amigo del presidente de los <strong>Estados Unidos de Am\u00e9rica<\/strong>, <strong>Donald Trump<\/strong>, anunci\u00f3 en redes sociales lo cerca que est\u00e1n las artes marciales mixtas de ser parte del aniversario 250 del pa\u00eds de las barras y las estrellas.<\/p>\n<p> <img loading=\"lazy\" decoding=\"async\" data-entity-uuid=\"4339f4c7-623c-4acc-925e-2279c6a0bc12\" data-entity-type=\"file\" src=\"https:\/\/www.europesays.com\/es\/wp-content\/uploads\/2025\/08\/GhxsREkXQAALplW.png\" width=\"420\" height=\"679\" data-caption=\"White y Trump ene vento | CAPTURA DE PANTALLA\"\/><\/p>\n<p>White y Trump ene vento | CAPTURA DE PANTALLA<\/p>\n<p>\u2018Lo lograron\u2019<\/p>\n<p>Durante un video, White coment\u00f3 que<strong> <\/strong><a href=\"https:\/\/www.record.com.mx\/extremo\/ufc-en-la-casa-blanca-dana-white-apunta-realizar-la-funcion-del-4-de-julio-ahi\" rel=\"nofollow noopener\" target=\"_blank\"><strong>La Casa Blanca<\/strong><\/a> y la UFC, \u2018lo lograron\u2019, aunque el CEO se limit\u00f3 a dar m\u00e1s detalles sobre lo que podr\u00eda ser uno de los momentos m\u00e1s ic\u00f3nicos del deporte, pero s\u00ed aseguro que en el transcurso de los d\u00edas, publicar\u00e1 m\u00e1s detalles al respecto.<\/p>\n<p>\u201cFue un gran d\u00eda, estoy a punto de despegar aqu\u00ed desde Washington D.C.\u201d, declar\u00f3 Danna White en un video publicado en sus redes sociales.<\/p>\n<p>\u201cLa pelea en la Casa Blanca est\u00e1 confirmada. Tendr\u00e9 m\u00e1s detalles sobre eso en las pr\u00f3ximas semanas. Lo conseguimos hoy\u201d, concluy\u00f3 el CEO de la UFC.<\/p>\n<p>Adem\u00e1s de Danna, el presidente Donald Trump, quien adem\u00e1s es un fan del deporte de lucha, tambi\u00e9n dio la notificaci\u00f3n de que hay una gran posibilidad de que el evento se realice en los jardines de rosaleda, en los alrededores del recinto, asegurando que ser\u00eda parte de los festejos del 250 Aniversario del pa\u00eds.<\/p>\n<blockquote class=\"twitter-tweet\" data-media-max-width=\"560\">\n<p lang=\"en\" dir=\"ltr\">\ud83d\udea8 Dana White says the UFC White House event is officially on \ud83d\udc40<\/p>\n<p>\u00abWhite House fight is ON. I will have more details on that in the next couple weeks. We got it done today.\u00bb<\/p>\n<p>\ud83c\udfa5 <a href=\"https:\/\/twitter.com\/danawhite?ref_src=twsrc%5Etfw\" rel=\"nofollow noopener\" target=\"_blank\">@danawhite<\/a> <a href=\"https:\/\/t.co\/EaBpWgASu0\" rel=\"nofollow\">pic.twitter.com\/EaBpWgASu0<\/a><\/p>\n<p>\u2014 Championship Rounds (@ChampRDS) <a href=\"https:\/\/twitter.com\/ChampRDS\/status\/1961249222021267465?ref_src=twsrc%5Etfw\" rel=\"nofollow noopener\" target=\"_blank\">August 29, 2025<\/a><\/p>\n<\/blockquote>\n<p>Levantan la mano<\/p>\n<p>Ante la noticia de una posibilidad real de que se lleve a cabo el evento en el 2026, varios peleadores han levantado la mano para ser parte de la historia, destacando a veteranos como <strong>Connor McGregor<\/strong> y el peleador ya retirado, <strong>Jon Jones<\/strong>.<\/p>\n<p><img loading=\"lazy\" decoding=\"async\" data-entity-uuid=\"9cca369f-2071-4ef2-a960-0315edebb0df\" data-entity-type=\"file\" src=\"https:\/\/www.europesays.com\/es\/wp-content\/uploads\/2025\/08\/Proyectooo nuevo - 2025-08-29T091138.808.jpg\" width=\"1200\" height=\"675\" data-caption=\"McGregor y Trump en la Casa Blanca | @TheNotoriousMMA\"\/><\/p>\n<p>McGregor y Trump en la Casa Blanca | @TheNotoriousMMA<\/p>\n<p><a href=\"https:\/\/www.record.com.mx\/extremo\/presentan-mexico-fight-league-la-nueva-liga-de-mma-que-buscar-impulsar-el-talento-latino\" rel=\"nofollow noopener\" target=\"_blank\"><strong>TAMBI\u00c9N TE PUEDE INTERESAR: Presentan Mexico Fight League, la nueva liga de MMA que buscar impulsar el talento latino<\/strong><\/a><\/p>\n<p><script async src=\"https:\/\/platform.twitter.com\/widgets.js\" charset=\"utf-8\"><\/script><\/p>\n","protected":false},"excerpt":{"rendered":"Dana White, CEO de la UFC y gran amigo del presidente de los Estados Unidos de Am\u00e9rica, Donald&hellip;\n","protected":false},"author":2,"featured_media":80183,"comment_status":"","ping_status":"","sticky":false,"template":"","format":"standard","meta":{"footnotes":""},"categories":[276],"tags":[168,25,24,1915,23,167,343],"class_list":{"0":"post-80182","1":"post","2":"type-post","3":"status-publish","4":"format-standard","5":"has-post-thumbnail","7":"category-ufc","8":"tag-deportes","9":"tag-es","10":"tag-espana","11":"tag-otros-deportes","12":"tag-spain","13":"tag-sports","14":"tag-ufc"},"share_on_mastodon":{"url":"","error":""},"_links":{"self":[{"href":"https:\/\/www.europesays.com\/es\/wp-json\/wp\/v2\/posts\/80182","targetHints":{"allow":["GET"]}}],"collection":[{"href":"https:\/\/www.europesays.com\/es\/wp-json\/wp\/v2\/posts"}],"about":[{"href":"https:\/\/www.europesays.com\/es\/wp-json\/wp\/v2\/types\/post"}],"author":[{"embeddable":true,"href":"https:\/\/www.europesays.com\/es\/wp-json\/wp\/v2\/users\/2"}],"replies":[{"embeddable":true,"href":"https:\/\/www.europesays.com\/es\/wp-json\/wp\/v2\/comments?post=80182"}],"version-history":[{"count":0,"href":"https:\/\/www.europesays.com\/es\/wp-json\/wp\/v2\/posts\/80182\/revisions"}],"wp:featuredmedia":[{"embeddable":true,"href":"https:\/\/www.europesays.com\/es\/wp-json\/wp\/v2\/media\/80183"}],"wp:attachment":[{"href":"https:\/\/www.europesays.com\/es\/wp-json\/wp\/v2\/media?parent=80182"}],"wp:term":[{"taxonomy":"category","embeddable":true,"href":"https:\/\/www.europesays.com\/es\/wp-json\/wp\/v2\/categories?post=80182"},{"taxonomy":"post_tag","embeddable":true,"href":"https:\/\/www.europesays.com\/es\/wp-json\/wp\/v2\/tags?post=80182"}],"curies":[{"name":"wp","href":"https:\/\/api.w.org\/{rel}","templated":true}]}}