{"id":80198,"date":"2025-08-29T15:34:12","date_gmt":"2025-08-29T15:34:12","guid":{"rendered":"https:\/\/www.europesays.com\/es\/80198\/"},"modified":"2025-08-29T15:34:12","modified_gmt":"2025-08-29T15:34:12","slug":"lo-nuevo-de-follet-y-la-primera-novela-de-woody-allen-dos-pesos-pesados-para-acabar-2025-2","status":"publish","type":"post","link":"https:\/\/www.europesays.com\/es\/80198\/","title":{"rendered":"Lo nuevo de Follet y la primera novela de Woody Allen, dos pesos pesados para acabar 2025"},"content":{"rendered":"<p class=\"paragraph\"><a href=\"https:\/\/www.heraldo.es\/noticias\/ocio-y-cultura\/2025\/08\/26\/hijas-criada-sonsoles-onega-nueva-serie-original-1849471.html\" title=\"&#039;Las hijas de la criada&#039;, de Sonsoles \u00d3nega, nueva serie original de Antena 3\" target=\"_blank\" rel=\"nofollow noopener\">El \u00faltimo cuatrimestre del a\u00f1o llega cargado de regresos, como el del brit\u00e1nico Ken Follet,<\/a> con &#8216;<b>El c\u00edrculo de los d\u00edas&#8217;<\/b>, y un estreno en el \u00e1mbito literario, el del cineasta estadounidense Woody Allen, que publica el 25 de septiembre su primera novela, &#8216;<b>\u00bfQu\u00e9 pasa con Baum?&#8217;,<\/b> en la que recrea con humor la escena cultural neoyorquina.<\/p>\n<p>Ken Follet vuelve al pasado en el &#8216;El c\u00edrculo de los d\u00edas&#8217;<\/p>\n<p class=\"paragraph\">Dos a\u00f1os despu\u00e9s de su \u00faltima novela,<b> &#8216;La armadura de la luz&#8217;<\/b>, en 2023, el exitoso escritor Ken Follet publica el 23 de septiembre &#8216;El c\u00edrculo de los d\u00edas&#8217; (Plaza &amp; Janes ), en el que se sumerge en las historias humanas que hubo tras la construcci\u00f3n del ic\u00f3nico monumento megal\u00edtico de Stonehenge, en Inglaterra.<\/p>\n<p class=\"paragraph\"><b>\u00abEsta historia tiene 4.500 a\u00f1os <\/b>y resulta tan actual como las noticias de hoy. Tiene guerra, venganza, limpieza \u00e9tnica, sexo y misoginia. El mundo ha cambiado, pero los humanos son pr\u00e1cticamente iguales\u00bb, ha dicho sobre su novela el brit\u00e1nico, que alcanz\u00f3 el n\u00famero uno en las listas de libros m\u00e1s vendidos de todo el mundo con su bestseller &#8216;Los pilares de la Tierra&#8217;.<\/p>\n<p>La primera novela de Woody Allen<\/p>\n<p class=\"paragraph\">Dos d\u00edas despu\u00e9s de la publicaci\u00f3n del libro de Follet, el 25 de septiembre, saldr\u00e1 a la venta la <b>primera novela de Woddy Allen,<\/b> &#8216;\u00bfQu\u00e9 pasa con Baum?, publicada por Alianza.<\/p>\n<p class=\"paragraph\">La historia est\u00e1 protagonizada por un escritor que no logra hacerse un <b>hueco en el mundillo literario, <\/b>lo que sirve al cineasta estadounidense para recrear con un humor irreverente la escena cultural neoyorquina.<\/p>\n<p>Vuelve George Smiley<\/p>\n<p class=\"paragraph\">La novela negra estar\u00e1 representada por &#8216;La decisi\u00f3n de Karla&#8217; (Planeta), con la que Nick Harkaway, hijo de John Le Carr\u00e9, contin\u00faa la serie de su padre de George Smiley, el <b>oficial de inteligencia de carrera de \u00abEl Circo\u00bb,<\/b> la agencia brit\u00e1nica de inteligencia en el extranjero.<\/p>\n<p>&#8216;El \u00faltimo secreto&#8217; de Dan Brown<\/p>\n<p class=\"paragraph\">El 10 de septiembre vuelve a las librer\u00edas otro de los escritores de \u00e9xito mundial, Dan Brown, con su nueva novela,<b> &#8216;El \u00faltimo secreto&#8217;, <\/b>que supondr\u00e1 el regreso del profesor Robert Langdon.<\/p>\n<p class=\"paragraph\">Con m\u00e1s de 250 millones de ejemplares vendidos en todo el mundo, las novelas de Dan Brown se publican en 56 idiomas. Es autor de \u00e9xitos internacionales como<b> &#8216;El c\u00f3digo Da Vinci&#8217;, &#8216;Origen&#8217;, &#8216;Inferno&#8217;, &#8216;El s\u00edmbolo perdido&#8217;, &#8216;\u00c1ngeles y demonios&#8217;, &#8216;La conspiraci\u00f3n&#8217; y &#8216;Fortaleza digital&#8217;.<\/b><\/p>\n<p>&#8216;La viuda&#8217;, de John Grisman<\/p>\n<p class=\"paragraph\">Otro cl\u00e1sico, el estadounidense John Grisman, regresa con &#8216;La viuda (&#8216;Plaza &amp; Jan\u00e9s) el <b>20 de noviembre.<\/b><\/p>\n<p class=\"paragraph\">El escritor, conocido por sus libros de ambiente judicial de suspense, que ha alcanzado ventas de m\u00e1s de 250 millones de ejemplares en todo el mundo, nos presenta a un abogado acusado de asesinato que se embarca en una carrera contrarreloj para<b> descubrir al verdadero culpable.<\/b><\/p>\n<p>Danielle Steel con &#8216;Los Whittier&#8217;<\/p>\n<p class=\"paragraph\">Y tambi\u00e9n este trimestre, el 13 de noviembre, se publicar\u00e1 lo nuevo de Danielle Steel, una de las autoras de ficci\u00f3n m\u00e1s vendidas. La nueva obra, &#8216;Los Whittier (Plaza &amp; Jan\u00e9s), <b>le sirve a la autora para volver a explorar en los v\u00ednculos familiares<\/b><\/p>\n<p>El &#8216;Coraz\u00f3n de oro&#8217; de Luz Gab\u00e1s<\/p>\n<p class=\"paragraph\">Tras el \u00e9xito de la obra ganadora del Premio Planeta 2022, &#8216;Lejos de Louisiana&#8217;, llega el 17 de septiembre la nueva obra de la espa\u00f1ola Luz Gab\u00e1s, &#8216;Coraz\u00f3n de oro&#8217;, <b>una novela \u00e9pica <\/b>ambientada en los inh\u00f3spitos territorios de California durante la fiebre del oro.<\/p>\n<p class=\"paragraph\">Con su primera novela, &#8216;Palmeras en la nieve&#8217;, Gab\u00e1s vendi\u00f3 m\u00e1s de medio mill\u00f3n de ejemplares en el extranjero, y su trabajo fue nominado, entonces, por primera vez, <b>para el premio Planeta<\/b> que ganar\u00eda m\u00e1s tarde.<\/p>\n<p>Novedades latinoamericanas<\/p>\n<p class=\"paragraph\">Y desde Latinoam\u00e9rica llegar\u00e1 &#8216;Soy la daga y soy la herida&#8217; (Alfaguara), de Laura Restrepo, que se publicar\u00e1 el 21 de octubre, en el que la escritora colombiana se adentra en una historia <b>entre lo real y el mito<\/b> sobre el negocio de la muerte.<\/p>\n<p class=\"paragraph\">Tambi\u00e9n &#8216;BUE&#8217; (Random House), del argentino Mart\u00edn Caparr\u00f3s, se podr\u00e1 disfrutar a partir del <b>6 de noviembre,<\/b> un homenaje a la Ciudad de Buenos Aires, su ciudad natal, en que se centra en la vida de tres amigos sin grandes ambiciones.<\/p>\n","protected":false},"excerpt":{"rendered":"El \u00faltimo cuatrimestre del a\u00f1o llega cargado de regresos, como el del brit\u00e1nico Ken Follet, con &#8216;El c\u00edrculo&hellip;\n","protected":false},"author":2,"featured_media":80199,"comment_status":"","ping_status":"","sticky":false,"template":"","format":"standard","meta":{"footnotes":""},"categories":[172],"tags":[11490,224,146,147,25,24,30488,225,1645,30487,1078,23],"class_list":{"0":"post-80198","1":"post","2":"type-post","3":"status-publish","4":"format-standard","5":"has-post-thumbnail","7":"category-libros","8":"tag-acabar","9":"tag-books","10":"tag-entertainment","11":"tag-entretenimiento","12":"tag-es","13":"tag-espana","14":"tag-follet","15":"tag-libros","16":"tag-novela","17":"tag-pesados","18":"tag-primera","19":"tag-spain"},"share_on_mastodon":{"url":"","error":""},"_links":{"self":[{"href":"https:\/\/www.europesays.com\/es\/wp-json\/wp\/v2\/posts\/80198","targetHints":{"allow":["GET"]}}],"collection":[{"href":"https:\/\/www.europesays.com\/es\/wp-json\/wp\/v2\/posts"}],"about":[{"href":"https:\/\/www.europesays.com\/es\/wp-json\/wp\/v2\/types\/post"}],"author":[{"embeddable":true,"href":"https:\/\/www.europesays.com\/es\/wp-json\/wp\/v2\/users\/2"}],"replies":[{"embeddable":true,"href":"https:\/\/www.europesays.com\/es\/wp-json\/wp\/v2\/comments?post=80198"}],"version-history":[{"count":0,"href":"https:\/\/www.europesays.com\/es\/wp-json\/wp\/v2\/posts\/80198\/revisions"}],"wp:featuredmedia":[{"embeddable":true,"href":"https:\/\/www.europesays.com\/es\/wp-json\/wp\/v2\/media\/80199"}],"wp:attachment":[{"href":"https:\/\/www.europesays.com\/es\/wp-json\/wp\/v2\/media?parent=80198"}],"wp:term":[{"taxonomy":"category","embeddable":true,"href":"https:\/\/www.europesays.com\/es\/wp-json\/wp\/v2\/categories?post=80198"},{"taxonomy":"post_tag","embeddable":true,"href":"https:\/\/www.europesays.com\/es\/wp-json\/wp\/v2\/tags?post=80198"}],"curies":[{"name":"wp","href":"https:\/\/api.w.org\/{rel}","templated":true}]}}