{"id":80316,"date":"2025-08-29T16:46:08","date_gmt":"2025-08-29T16:46:08","guid":{"rendered":"https:\/\/www.europesays.com\/es\/80316\/"},"modified":"2025-08-29T16:46:08","modified_gmt":"2025-08-29T16:46:08","slug":"torrente-presidente-se-estrenara-el-13-de-marzo-de-2026-cine-estrenos-y-criticas","status":"publish","type":"post","link":"https:\/\/www.europesays.com\/es\/80316\/","title":{"rendered":"\u2018Torrente presidente\u2019 se estrenar\u00e1 el 13 de marzo de 2026 | Cine: estrenos y cr\u00edticas"},"content":{"rendered":"<p class=\"\">Torrente presidente, la sexta pel\u00edcula de la saga sat\u00edrica dirigida y protagonizada por <a href=\"https:\/\/elpais.com\/noticias\/santiago-segura\/\" target=\"_blank\" rel=\"noreferrer nofollow noopener\" title=\"https:\/\/elpais.com\/noticias\/santiago-segura\/\">Santiago Segura<\/a>, se estrenar\u00e1 el 13 de marzo de 2026, seg\u00fan ha confirmado a EFE Sony Pictures. El rodaje del filme se hab\u00eda vuelto viral despu\u00e9s de que se filtrara un v\u00eddeo en redes sociales en el que se muestra al protagonista dirigi\u00e9ndose desde un balc\u00f3n como l\u00edder de un partido que se llama Nox. Un s\u00edmil nada disimulado \u2014incluso en el logotipo, los colores o el lema: \u201cCon Carrascal a defender lo nuestro\u201d\u2014 con la formaci\u00f3n pol\u00edtica ultra <a href=\"https:\/\/elpais.com\/noticias\/vox-espana\/\" rel=\"nofollow noopener\" title=\"https:\/\/elpais.com\/noticias\/vox-espana\/\" target=\"_blank\">Vox<\/a>. La filtraci\u00f3n entonces caus\u00f3 una ola de comentarios.<\/p>\n<blockquote class=\"twitter-tweet\">\n<p lang=\"es\" dir=\"ltr\">El mejor documental que he visto sobre el fascismo ha sido Torrente.<br \/>Define a la perfecci\u00f3n al votante<br \/>m\u00e1s aventajado de Vox,el promedio es a\u00fan m\u00e1s desagradable <a href=\"https:\/\/t.co\/vn1tuKDBlD\" rel=\"nofollow\">pic.twitter.com\/vn1tuKDBlD<\/a><\/p>\n<p>\u2014 isufbenyusuf (@isufbenyusuf) <a href=\"https:\/\/twitter.com\/isufbenyusuf\/status\/1955581145342791753?ref_src=twsrc%5Etfw\" rel=\"nofollow noopener\" target=\"_blank\">August 13, 2025<\/a><\/p><\/blockquote>\n<p class=\"\">\u201cProbablemente acabar\u00edas en la c\u00e1rcel. Cuando gobierne yo, cuando gobernemos nosotros, eso no va a pasar. A esa persona se la gratificar\u00e1 por haber ahorrado dinero a la polic\u00eda. \u00a1Espa\u00f1a!\u201d, se escucha decir al personaje en la escena filtrada. La pol\u00e9mica escal\u00f3 tanto que el propio Segura, que acaba de estrenar <a href=\"https:\/\/elpais.com\/cultura\/2025-06-29\/que-empiece-ya-que-el-publico-se-va-asi-es-una-tarde-de-plan-familiar-en-el-cine-viendo-padre-no-hay-mas-que-uno-5.html\" rel=\"nofollow noopener\" title=\"https:\/\/elpais.com\/cultura\/2025-06-29\/que-empiece-ya-que-el-publico-se-va-asi-es-una-tarde-de-plan-familiar-en-el-cine-viendo-padre-no-hay-mas-que-uno-5.html\" target=\"_blank\">Padre no hay m\u00e1s que uno 5<\/a>, tuvo que responder en redes sociales a los que se hab\u00edan sentido ofendidos tras la filtraci\u00f3n de la escena. \u201c\u00bfPor qu\u00e9, a ra\u00edz de una imagen robada, reconstruir en tu cabeza y juzgar una pel\u00edcula que ni siquiera has visto?\u201c, se pregunt\u00f3 el director.<\/p>\n<p class=\"\">Segura ya hab\u00eda anunciado el pasado verano que hab\u00eda estado dos a\u00f1os escribiendo el guion de la nueva entrega de la saga sobre el personaje <a href=\"https:\/\/elpais.com\/diario\/2006\/11\/14\/cultura\/1163458805_850215.html\" target=\"_blank\" rel=\"noreferrer nofollow noopener\" title=\"https:\/\/elpais.com\/diario\/2006\/11\/14\/cultura\/1163458805_850215.html\">Jos\u00e9 Luis Torrente<\/a>, el polic\u00eda machista y racista que \u00e9l mismo interpreta, y que es una de las m\u00e1s taquilleras del cine espa\u00f1ol \u2014m\u00e1s de 70 millones de euros recaudados en total\u2014. Poco m\u00e1s se conoce sobre el proyecto: ni el desarrollo concreto de la trama, ni qu\u00e9 actores acompa\u00f1ar\u00e1n a Segura en esta nueva aventura cinematogr\u00e1fica. <\/p>\n<p class=\"\">La historia de Torrente en el cine espa\u00f1ol empez\u00f3 en 1998 con Torrente: El brazo tonto de la ley, incluida dentro de la programaci\u00f3n de la Semana de la Cr\u00edtica del Festival de Cannes. Luego le que siguieron Torrente 2: Misi\u00f3n en Marbella (2001), Torrente 3: El protector (2005), Torrente 4: Crisis Letal (2011) y, la \u00faltima hasta ahora, Torrente 5: Operaci\u00f3n Eurovegas (2014).<\/p>\n<p><script async src=\"https:\/\/platform.twitter.com\/widgets.js\" charset=\"utf-8\"><\/script><\/p>\n","protected":false},"excerpt":{"rendered":"Torrente presidente, la sexta pel\u00edcula de la saga sat\u00edrica dirigida y protagonizada por Santiago Segura, se estrenar\u00e1 el&hellip;\n","protected":false},"author":2,"featured_media":80317,"comment_status":"","ping_status":"","sticky":false,"template":"","format":"standard","meta":{"footnotes":""},"categories":[169],"tags":[177,209,146,147,25,24,13802,176,175,753,644,30525,19288,23,624],"class_list":{"0":"post-80316","1":"post","2":"type-post","3":"status-publish","4":"format-standard","5":"has-post-thumbnail","7":"category-cine","8":"tag-cine","9":"tag-cultura","10":"tag-entertainment","11":"tag-entretenimiento","12":"tag-es","13":"tag-espana","14":"tag-estrenos-cine","15":"tag-film","16":"tag-movies","17":"tag-peliculas","18":"tag-polemicas","19":"tag-sagas-cine","20":"tag-santiago-segura","21":"tag-spain","22":"tag-vox"},"share_on_mastodon":{"url":"","error":""},"_links":{"self":[{"href":"https:\/\/www.europesays.com\/es\/wp-json\/wp\/v2\/posts\/80316","targetHints":{"allow":["GET"]}}],"collection":[{"href":"https:\/\/www.europesays.com\/es\/wp-json\/wp\/v2\/posts"}],"about":[{"href":"https:\/\/www.europesays.com\/es\/wp-json\/wp\/v2\/types\/post"}],"author":[{"embeddable":true,"href":"https:\/\/www.europesays.com\/es\/wp-json\/wp\/v2\/users\/2"}],"replies":[{"embeddable":true,"href":"https:\/\/www.europesays.com\/es\/wp-json\/wp\/v2\/comments?post=80316"}],"version-history":[{"count":0,"href":"https:\/\/www.europesays.com\/es\/wp-json\/wp\/v2\/posts\/80316\/revisions"}],"wp:featuredmedia":[{"embeddable":true,"href":"https:\/\/www.europesays.com\/es\/wp-json\/wp\/v2\/media\/80317"}],"wp:attachment":[{"href":"https:\/\/www.europesays.com\/es\/wp-json\/wp\/v2\/media?parent=80316"}],"wp:term":[{"taxonomy":"category","embeddable":true,"href":"https:\/\/www.europesays.com\/es\/wp-json\/wp\/v2\/categories?post=80316"},{"taxonomy":"post_tag","embeddable":true,"href":"https:\/\/www.europesays.com\/es\/wp-json\/wp\/v2\/tags?post=80316"}],"curies":[{"name":"wp","href":"https:\/\/api.w.org\/{rel}","templated":true}]}}