{"id":80318,"date":"2025-08-29T16:47:11","date_gmt":"2025-08-29T16:47:11","guid":{"rendered":"https:\/\/www.europesays.com\/es\/80318\/"},"modified":"2025-08-29T16:47:11","modified_gmt":"2025-08-29T16:47:11","slug":"jose-mourinho-deja-fenerbahce-tras-no-clasificar-para-la-champions-league-2","status":"publish","type":"post","link":"https:\/\/www.europesays.com\/es\/80318\/","title":{"rendered":"Jos\u00e9 Mourinho deja Fenerbah\u00e7e tras no clasificar para la Champions League"},"content":{"rendered":"\n<p>ESTAMBUL\u00a0\u2014\u00a0La ca\u00edda en desgracia de Jos\u00e9 Mourinho en el f\u00fatbol de \u00e9lite se aceler\u00f3 el viernes cuando el carism\u00e1tico entrenador portugu\u00e9s dej\u00f3 el club turco Fenerbah\u00e7e, dos d\u00edas despu\u00e9s de no logr\u00f3 que el equipo regresara a la Liga de Campeones tras una larga ausencia.<\/p>\n<p>Fue otro breve periodo con un equipo \u2014este dur\u00f3 apenas un a\u00f1o, en una liga europea de segundo nivel\u2014 deja la carrera de Mourinho, de 62 a\u00f1os, en una encrucijada. Y podr\u00eda llevar a que los equipos de primer nivel no quieran arriesgarse con un entrenador cuyos mejores d\u00edas podr\u00edan haber quedado atr\u00e1s.<\/p>\n<p>Fenerbah\u00e7e fue eliminado por el Benfica en el playoff de la clasificaci\u00f3n a la m\u00e1xima competencia europea el mi\u00e9rcoles. Esto fue otro duro golpe al estatus de Mourinho, quien alguna vez fue considerado uno de los mejores entrenadores del mundo y tuvo una famosa rivalidad con Pep Guardiola durante su tiempo en Espa\u00f1a.<\/p>\n<p>Ganador de la Liga de Campeones con el Oporto e Inter de Mil\u00e1n, Mourinho no ha dirigido en la m\u00e1xima competencia europea en seis a\u00f1os. Gan\u00f3 la tercera categor\u00eda, la Conference League, con la Roma en 2022, pero su tiempo en el club italiano de 2021 a 2024 estuvo marcado por disputas que resurgieron en su breve y ca\u00f3tico per\u00edodo en Turqu\u00eda.<\/p>\n<p>Tiempos turbulentos en Turqu\u00eda<\/p>\n<p>Hubo un incidente en abril cuando agarr\u00f3 la nariz del entrenador del Galatasaray, Okan Buruk, en el derbi de Estambul, lo que le vali\u00f3 una suspensi\u00f3n de tres partidos y una multa.<\/p>\n<p>De hecho, los encendidos partidos entre los dos rivales locales sacaron lo peor de Mourinho. Dos meses antes, fue suspendido cuatro partidos despu\u00e9s de hacer un comentario incendiario tras un partido de liga contra el Galatasaray, que anunci\u00f3 su intenci\u00f3n de iniciar acciones legales contra Mourinho.<\/p>\n<p>Mourinho, quien a menudo se quejaba de lo que percib\u00eda como un mal arbitraje en Turqu\u00eda, luc\u00eda como un hombre frustrado e infeliz durante su tiempo con el Fenerbah\u00e7e.<\/p>\n<p>Se hab\u00eda ido el encanto y la autoconfianza que usualmente emanaba el autodenominado \u201cSpecial One\u201d durante los a\u00f1os de auge en su primera etapa en el Chelsea de 2004 a 2007.<\/p>\n<p>\u201cCreo que lo mejor que tengo que hacer es que cuando deje el Fenerbah\u00e7e vaya a un club que no juegue competiciones de la UEFA\u201d, dijo en octubre. \u201cAs\u00ed que encuentras un club en Inglaterra del fondo de la tabla, necesita un entrenador en dos a\u00f1os, estoy listo para ir\u201d.<\/p>\n<p>Qui\u00e9n sabe, tal vez ese sea el destino de Mourinho despu\u00e9s de su salida del Fenerbah\u00e7e, cuya propia ausencia de la Liga de Campeones ahora se extiende a 17 temporadas.<\/p>\n<p>\u201cTomaremos caminos separados que Jos\u00e9 Mourinho\u201d, public\u00f3 el Fenerbah\u00e7e a sus millones de seguidores en un breve comunicado en sus cuentas de X e Instagram. \u201cLe agradecemos por sus esfuerzos para nuestro equipo y le deseamos \u00e9xito en su futura carrera\u201d.<\/p>\n<p>No hubo un comunicado inmediato en el sitio web oficial del club.<\/p>\n<p>\u00bfQu\u00e9 sigue para Mourinho?<\/p>\n<p>Mourinho fue una vez un ganador serial de trofeos, una garant\u00eda de t\u00edtulos.<\/p>\n<p>Sin embargo, ahora van dos clubes \u2014Tottenham (de 2019 a 2021) y Fenerbah\u00e7e\u2014 con los que no ha ganado ning\u00fan t\u00edtulo. Y su trayectoria profesional va en descenso: del Real Madrid, al Manchester United, al Tottenham, a la Roma y luego al Fenerbah\u00e7e.<\/p>\n<p>Entrenar a su natal Portugal podr\u00eda ser una opci\u00f3n futura para Mourinho, quien estableci\u00f3 una s\u00f3lida reputaci\u00f3n por ser un entrenador pragm\u00e1tico, t\u00e1cticamente astuto con una habilidad asombrosa para ganar partidos \u00fanicos. Esos atributos podr\u00edan servirle bien en el f\u00fatbol internacional.<\/p>\n<p>Sin embargo, los d\u00edas de liderar equipos al \u00e9xito en la Liga de Campeones o en las principales ligas europeas parecen estar muy lejos.<\/p>\n<p>Solskjaer tambi\u00e9n fuera en Turqu\u00eda<\/p>\n<p>No han sido un buen par de d\u00edas para los exentrenadores del Man United en Turqu\u00eda.<\/p>\n<p>El jueves, Ole Gunnar Solskjaer, quien reemplaz\u00f3 a Mourinho al frente del United en 2018, fue despedido por el Besiktas horas despu\u00e9s de la derrota ante el equipo suizo Lausanne en los playoffs de la Conference League.<\/p>\n<p>Solskjaer hab\u00eda estado a cargo desde enero.<\/p>\n<p>___<\/p>\n<p>Deportes en espa\u00f1ol AP: https:\/\/apnews.com\/hub\/deportes<\/p>\n","protected":false},"excerpt":{"rendered":"ESTAMBUL\u00a0\u2014\u00a0La ca\u00edda en desgracia de Jos\u00e9 Mourinho en el f\u00fatbol de \u00e9lite se aceler\u00f3 el viernes cuando el&hellip;\n","protected":false},"author":2,"featured_media":80319,"comment_status":"","ping_status":"","sticky":false,"template":"","format":"standard","meta":{"footnotes":""},"categories":[93],"tags":[1611,5926,30527,1798,168,978,622,25,24,5824,24503,30526,1044,30528,1045,23,167,159,8584,1079],"class_list":{"0":"post-80318","1":"post","2":"type-post","3":"status-publish","4":"format-standard","5":"has-post-thumbnail","7":"category-deportes","8":"tag-ano","9":"tag-campeones","10":"tag-carismatico-entrenador","11":"tag-club","12":"tag-deportes","13":"tag-dia","14":"tag-equipo","15":"tag-es","16":"tag-espana","17":"tag-europeo","18":"tag-fenerbahce","19":"tag-jose-mourinho","20":"tag-liga","21":"tag-maximo-competencia","22":"tag-partido","23":"tag-spain","24":"tag-sports","25":"tag-tiempo","26":"tag-turquia","27":"tag-vez"},"share_on_mastodon":{"url":"","error":""},"_links":{"self":[{"href":"https:\/\/www.europesays.com\/es\/wp-json\/wp\/v2\/posts\/80318","targetHints":{"allow":["GET"]}}],"collection":[{"href":"https:\/\/www.europesays.com\/es\/wp-json\/wp\/v2\/posts"}],"about":[{"href":"https:\/\/www.europesays.com\/es\/wp-json\/wp\/v2\/types\/post"}],"author":[{"embeddable":true,"href":"https:\/\/www.europesays.com\/es\/wp-json\/wp\/v2\/users\/2"}],"replies":[{"embeddable":true,"href":"https:\/\/www.europesays.com\/es\/wp-json\/wp\/v2\/comments?post=80318"}],"version-history":[{"count":0,"href":"https:\/\/www.europesays.com\/es\/wp-json\/wp\/v2\/posts\/80318\/revisions"}],"wp:featuredmedia":[{"embeddable":true,"href":"https:\/\/www.europesays.com\/es\/wp-json\/wp\/v2\/media\/80319"}],"wp:attachment":[{"href":"https:\/\/www.europesays.com\/es\/wp-json\/wp\/v2\/media?parent=80318"}],"wp:term":[{"taxonomy":"category","embeddable":true,"href":"https:\/\/www.europesays.com\/es\/wp-json\/wp\/v2\/categories?post=80318"},{"taxonomy":"post_tag","embeddable":true,"href":"https:\/\/www.europesays.com\/es\/wp-json\/wp\/v2\/tags?post=80318"}],"curies":[{"name":"wp","href":"https:\/\/api.w.org\/{rel}","templated":true}]}}