{"id":80330,"date":"2025-08-29T16:54:13","date_gmt":"2025-08-29T16:54:13","guid":{"rendered":"https:\/\/www.europesays.com\/es\/80330\/"},"modified":"2025-08-29T16:54:13","modified_gmt":"2025-08-29T16:54:13","slug":"se-puede-decir-mas-alto-pero-no-mas-claro","status":"publish","type":"post","link":"https:\/\/www.europesays.com\/es\/80330\/","title":{"rendered":"se puede decir m\u00e1s alto, pero no m\u00e1s claro"},"content":{"rendered":"<p>El pe\u00f3n forestal de Burgos\u00a0<a href=\"https:\/\/www.lasexta.com\/programas\/al-rojo-vivo\/alberto-pablo-peon-forestal-castilla-leon-tantas-casas-quemadas-vidas-arruinadas-merecen-como-minimo-dimision_2025082968b186b16dcbcd3be24613b5.html?so=so%3Asour-twitter%3Acn-alrojovivo\" target=\"_blank\" rel=\"nofollow noopener\"><b>Alberto de Pablo ha querido lanzar un mensaje muy directo a trav\u00e9s de una entrevista<\/b> en directo en el programa Al rojo vivo<\/a> de laSexta a los responsables pol\u00edticos de la Junta de Castilla y Le\u00f3n tras todos los incendios que han sacudido a la comunidad aut\u00f3noma durante este mes de agosto.<\/p>\n<p>Preguntado por qu\u00e9 ser\u00eda mejor para apagar los fuegos, si mejorar sus condiciones, la gesti\u00f3n o si ambas, \u00e9l ha sido tajante. <b>\u00abTodo cuenta y todo es parte de lo mismo. Yo soy pe\u00f3n especialista y no somos bomberos como tal<\/b>. No nos reconoce la categor\u00eda, con todo lo que conlleva, como lo relacionado con las enfermedades laborales\u00bb, ha explicado.\u00a0<\/p>\n<p><b>\u00abPor dinero no trabajamos, porque cobramos 1.300 euros<\/b>, pero llegamos a los incendios con vocaci\u00f3n para intentar ayudar a la gente y salvar nuestros montes, y nos encontramos con que los montes del cortafuegos no est\u00e1n desbrozados\u00bb, ha a\u00f1adido De Pablo, que se ha preguntado con c\u00f3mo van a sujetar un fuego de llamas de 15 metros si cuando llegan solo hay matorral y vegetaci\u00f3n quem\u00e1ndose constantemente.<\/p>\n<p>Adem\u00e1s, tambi\u00e9n ha criticado la mala gesti\u00f3n a nivel organizativo: \u00ab<b>Trabajamos jornadas de 10, 12, 16 y hasta 18 horas durante cuatro, cinco o seis d\u00edas<\/b>. Algunos compa\u00f1eros de Le\u00f3n nos han dicho que han trabajado hasta 14 d\u00edas seguidos y que est\u00e9s trabajando 12 horas y luego no te traigan unas m\u00edseras botellas de agua ni una m\u00edsera comida&#8230;\u00bb.<\/p>\n<p><b>Finalmente, al ser preguntado por qu\u00e9 le dir\u00eda a los responsables pol\u00edticos<\/b>, que en su caso son Alfonso Fern\u00e1ndez Ma\u00f1ueco como presidente de la Junta de Castilla y Le\u00f3n y\u00a0Juan Carlos Su\u00e1rez Qui\u00f1ones, como consejero de Medio Ambiente de la regi\u00f3n, De Pablo ha sido muy contundente.<\/p>\n<p>\u00abHay que mejorar la gesti\u00f3n y exigir responsabilidades pol\u00edticas. <b>Tantas casas quemadas y vidas arruinadas, como m\u00ednimo, merecen una dimisi\u00f3n<\/b>\u00ab, ha concluido.\u00a0<\/p>\n<p>Estas declaraciones se han producido <b>durante la concentraci\u00f3n que han hecho miembros de los cuerpos de bombero de la comunidad<\/b> en los exteriores de las Cortes, en Valladolid, ya que Ma\u00f1ueco ha tenido que comparecer este viernes a petici\u00f3n del grupo parlamentario socialista.<\/p>\n","protected":false},"excerpt":{"rendered":"El pe\u00f3n forestal de Burgos\u00a0Alberto de Pablo ha querido lanzar un mensaje muy directo a trav\u00e9s de una&hellip;\n","protected":false},"author":2,"featured_media":80331,"comment_status":"","ping_status":"","sticky":false,"template":"","format":"standard","meta":{"footnotes":""},"categories":[5],"tags":[24022,4343,17,18,25,24,13,14,11,5622,19,20,9,10,15,16,23,12,21,22],"class_list":{"0":"post-80330","1":"post","2":"type-post","3":"status-publish","4":"format-standard","5":"has-post-thumbnail","7":"category-titulares","8":"tag-alfonso-fernandez-manueco","9":"tag-bomberos","10":"tag-breaking-news","11":"tag-breakingnews","12":"tag-es","13":"tag-espana","14":"tag-featured-news","15":"tag-featurednews","16":"tag-headlines","17":"tag-lasexta","18":"tag-latest-news","19":"tag-latestnews","20":"tag-news","21":"tag-noticias","22":"tag-noticias-destacadas","23":"tag-noticiasdestacadas","24":"tag-spain","25":"tag-titulares","26":"tag-ultimas-noticias","27":"tag-ultimasnoticias"},"share_on_mastodon":{"url":"","error":""},"_links":{"self":[{"href":"https:\/\/www.europesays.com\/es\/wp-json\/wp\/v2\/posts\/80330","targetHints":{"allow":["GET"]}}],"collection":[{"href":"https:\/\/www.europesays.com\/es\/wp-json\/wp\/v2\/posts"}],"about":[{"href":"https:\/\/www.europesays.com\/es\/wp-json\/wp\/v2\/types\/post"}],"author":[{"embeddable":true,"href":"https:\/\/www.europesays.com\/es\/wp-json\/wp\/v2\/users\/2"}],"replies":[{"embeddable":true,"href":"https:\/\/www.europesays.com\/es\/wp-json\/wp\/v2\/comments?post=80330"}],"version-history":[{"count":0,"href":"https:\/\/www.europesays.com\/es\/wp-json\/wp\/v2\/posts\/80330\/revisions"}],"wp:featuredmedia":[{"embeddable":true,"href":"https:\/\/www.europesays.com\/es\/wp-json\/wp\/v2\/media\/80331"}],"wp:attachment":[{"href":"https:\/\/www.europesays.com\/es\/wp-json\/wp\/v2\/media?parent=80330"}],"wp:term":[{"taxonomy":"category","embeddable":true,"href":"https:\/\/www.europesays.com\/es\/wp-json\/wp\/v2\/categories?post=80330"},{"taxonomy":"post_tag","embeddable":true,"href":"https:\/\/www.europesays.com\/es\/wp-json\/wp\/v2\/tags?post=80330"}],"curies":[{"name":"wp","href":"https:\/\/api.w.org\/{rel}","templated":true}]}}