{"id":80483,"date":"2025-08-29T18:31:08","date_gmt":"2025-08-29T18:31:08","guid":{"rendered":"https:\/\/www.europesays.com\/es\/80483\/"},"modified":"2025-08-29T18:31:08","modified_gmt":"2025-08-29T18:31:08","slug":"este-torneo-en-manacor-es-emocionante-para-todos","status":"publish","type":"post","link":"https:\/\/www.europesays.com\/es\/80483\/","title":{"rendered":"\u201cEste torneo en Manacor es emocionante para todos\u201d"},"content":{"rendered":"<p class=\"ft-text\">El <strong>Rafa Nadal Open by Movistar, torneo del ATP Challenger Tour<\/strong> que se celebra esta semana en la <a class=\"ft-link ft-link--decoration\" href=\"https:\/\/www.diariodemallorca.es\/tags\/rafa-nadal-academy\/\" rel=\"nofollow noopener\" target=\"_blank\">Rafa Nadal Academy<\/a>, <strong>encara la recta final de su s\u00e9ptima edici\u00f3n<\/strong> con un gran \u00e9xito de asistencia. Tampoco ha querido perderse el torneo el propio <a class=\"ft-link ft-link--decoration\" href=\"https:\/\/www.diariodemallorca.es\/tags\/rafa-nadal\/\" rel=\"nofollow noopener\" target=\"_blank\">Rafa Nadal<\/a>, que este jueves<strong> asisti\u00f3 como un aficionado m\u00e1s al torneo<\/strong>.<\/p>\n<p class=\"ft-text\">Nadal no perdi\u00f3 detalle de la remontada que protagoniz\u00f3 Dani Rinc\u00f3n (jugador formado en la academia) ante el brit\u00e1nico Hamish Stewart: \u00abPara la Academia es bonito ver a jugadores de este nivel. <strong>Jugar aqu\u00ed en las instalaciones es bueno para los chicos que se forman aqu\u00ed y tambi\u00e9n para toda la gente que trabaja todo el a\u00f1o en las instalaciones<\/strong> y que respira tenis. Tener un torneo de este calibre aqu\u00ed es emocionante para todos\u00bb, coment\u00f3 el manacor\u00ed.<\/p>\n<p>Entrada gratuita<\/p>\n<p class=\"ft-text\">El <strong>Rafa Nadal Open by Movistar <\/strong>se disputa en las instalaciones de la <a href=\"https:\/\/www.diariodemallorca.es\/tags\/rafa-nadal-academy\/\" class=\"ft-link ft-link--decoration\" rel=\"nofollow noopener\" target=\"_blank\">Rafa Nadal Academy by Movistar<\/a><strong>hasta el pr\u00f3ximo 31 de agosto y la entrada es gratuita<\/strong>. En las seis ediciones previas se han proclamado campeones Duje Ajdukovic (2024), Hamad Medjedovic (2023), Luca Nardi (2022), Lukas Lacko (2021), Emil Ruusuvuori (2019) y Bernard Tomic (2018).<\/p>\n<p class=\"ft-text\">Adem\u00e1s de lo deportivo, Rafa<strong> record\u00f3 que el torneo tambi\u00e9n se ha convertido en un evento social <\/strong>en la isla. \u00abPara Manacor y para Mallorca, tener un evento deportivo que se convierte en un evento social <strong>genera cosas positivas en todos los sentidos<\/strong> y hace que la gente disfrute\u00bb. Y es que, <strong>durante esta semana se llevan a cabo numerosas actividades vinculadas con la gastronom\u00eda local, ocio y m\u00fasica<\/strong> para toda la familia.<\/p>\n<p>Pone en valor los torneos Challenger e ITF<\/p>\n<p class=\"ft-text\">Rafa Nadal tambi\u00e9n <strong>ha querido poner en valor la importancia del ATP Challenger Tour<\/strong> en el contexto del tenis internacional: <strong>\u00abEs el paso previo al circuito<\/strong> que el gran p\u00fablico ve por televisi\u00f3n. De hecho, muchos de los jugadores que est\u00e1n jugando este tipo de torneos lo combinan con los de primer nivel. <strong>Los Challenger y los torneos ITF son los que te ayudan a formarte como tenista<\/strong> antes de ser un jugador destacado\u00bb.<\/p>\n<p class=\"ft-text\">El campe\u00f3n de 22 t\u00edtulos de <a class=\"ft-link ft-link--decoration\" href=\"https:\/\/www.diariodemallorca.es\/tags\/grand-slam\/\" rel=\"nofollow noopener\" target=\"_blank\">Grand Slam<\/a>, que <strong>en sus inicios se proclam\u00f3 campe\u00f3n en los torneos Challenger de El Espinar y en Barletta<\/strong>, ha aplaudido la apuesta que Espa\u00f1a lleva a\u00f1os haciendo por incrementar este tipo de torneos: \u00ab<strong>\u01eaue Espa\u00f1a haya invertido durante muchos a\u00f1os en tener muchos torneos ITF y ahora invierta en tener muchos Challenger es una gran noticia <\/strong>para que los tenistas espa\u00f1oles, con recursos limitados, puedan seguir creciendo, compitiendo al primer nivel sin tener que desplazarse a la otra parte del mundo. <strong>Es una gran ventaja<\/strong> y es algo que Espa\u00f1a ha sabido hacer muy bien\u00bb.<\/p>\n","protected":false},"excerpt":{"rendered":"El Rafa Nadal Open by Movistar, torneo del ATP Challenger Tour que se celebra esta semana en la&hellip;\n","protected":false},"author":2,"featured_media":80484,"comment_status":"","ping_status":"","sticky":false,"template":"","format":"standard","meta":{"footnotes":""},"categories":[274],"tags":[168,13473,25,24,4661,3489,12830,6894,28063,23,167,327,326,775],"class_list":{"0":"post-80483","1":"post","2":"type-post","3":"status-publish","4":"format-standard","5":"has-post-thumbnail","7":"category-tenis","8":"tag-deportes","9":"tag-emocionante","10":"tag-es","11":"tag-espana","12":"tag-manacor","13":"tag-nadal","14":"tag-rafa","15":"tag-rafa-nadal","16":"tag-rafa-nadal-academy","17":"tag-spain","18":"tag-sports","19":"tag-tenis","20":"tag-tennis","21":"tag-torneo"},"share_on_mastodon":{"url":"","error":""},"_links":{"self":[{"href":"https:\/\/www.europesays.com\/es\/wp-json\/wp\/v2\/posts\/80483","targetHints":{"allow":["GET"]}}],"collection":[{"href":"https:\/\/www.europesays.com\/es\/wp-json\/wp\/v2\/posts"}],"about":[{"href":"https:\/\/www.europesays.com\/es\/wp-json\/wp\/v2\/types\/post"}],"author":[{"embeddable":true,"href":"https:\/\/www.europesays.com\/es\/wp-json\/wp\/v2\/users\/2"}],"replies":[{"embeddable":true,"href":"https:\/\/www.europesays.com\/es\/wp-json\/wp\/v2\/comments?post=80483"}],"version-history":[{"count":0,"href":"https:\/\/www.europesays.com\/es\/wp-json\/wp\/v2\/posts\/80483\/revisions"}],"wp:featuredmedia":[{"embeddable":true,"href":"https:\/\/www.europesays.com\/es\/wp-json\/wp\/v2\/media\/80484"}],"wp:attachment":[{"href":"https:\/\/www.europesays.com\/es\/wp-json\/wp\/v2\/media?parent=80483"}],"wp:term":[{"taxonomy":"category","embeddable":true,"href":"https:\/\/www.europesays.com\/es\/wp-json\/wp\/v2\/categories?post=80483"},{"taxonomy":"post_tag","embeddable":true,"href":"https:\/\/www.europesays.com\/es\/wp-json\/wp\/v2\/tags?post=80483"}],"curies":[{"name":"wp","href":"https:\/\/api.w.org\/{rel}","templated":true}]}}