{"id":80524,"date":"2025-08-29T18:54:06","date_gmt":"2025-08-29T18:54:06","guid":{"rendered":"https:\/\/www.europesays.com\/es\/80524\/"},"modified":"2025-08-29T18:54:06","modified_gmt":"2025-08-29T18:54:06","slug":"alcaraz-darderi-en-directo-tercera-ronda-del-us-open-a-que-hora-empieza-y-donde-verlo-en-vivo-el-espanol","status":"publish","type":"post","link":"https:\/\/www.europesays.com\/es\/80524\/","title":{"rendered":"Alcaraz &#8211; Darderi, en directo: tercera ronda del US Open, a qu\u00e9 hora empieza y d\u00f3nde verlo en vivo &#8211; El Espa\u00f1ol"},"content":{"rendered":"<ol>\n<li><a href=\"https:\/\/news.google.com\/rss\/articles\/CBMi0AFBVV95cUxOc3RISTdBaW9Sbm5qOFh4NHptdS1TZkNRQWVBeGYyTzR2ZTNEYXowTVc0ZzNFaEZBSUhGeFVqNDJmczF0TmdMTVU4c0tOZEx5Z2d4YUJOYzVieTg2NHB5Y1lVMmFuWEhNSUVlbjlseVgyM1k0SG81RUNINUFtdnF0X2c1aFo0Mm1TU0k0Y0QtLVlpZ3B4ZFl6U0hRam54VUllV01sNDZqRk50V3VvLVFjVS15VG1kanZEMWRiR3lKM3RIWlByLTZXalFJVWt3c2RH?oc=5\" target=\"_blank\" rel=\"nofollow noopener\">Alcaraz &#8211; Darderi, en directo: tercera ronda del US Open, a qu\u00e9 hora empieza y d\u00f3nde verlo en vivo<\/a>&nbsp;&nbsp;El Espa\u00f1ol<\/li>\n<li><a href=\"https:\/\/news.google.com\/rss\/articles\/CBMipgFBVV95cUxOWjFobnliZnctVGJVeEM3WHR2YkVXTDlNM29iZmxEeUpPekFSMmdqZnpTa3VoUzgyNEdXS3RxeC1QRG9rbDg5QkFFeG1oSE9mU2hMR3JsYWM5RjFDeUt6TVFONHhRSHhMcDRidDhVTm1sWVVXam5oZ21WcVhqeUNWVEtFWDdLQkg5cWpTQ0NLN3dLUnU1UUQxbW9HSVRWSGpWT2NEaXVn0gG6AUFVX3lxTE9pd09EWHU3aFhPZkstbzljc29GangzNVluTnVVVW5PSlFYaGVCdHJ3cmZJRFBhYVVmMGJFZUNlRy0zRkJuTWZOVVBweE1IYmlHcmJoY1V0VlpLY1JJNDdKRlBLVlpkY2YySmRmUHJrSDBZQlMxMWZBWnZTQzd2QzlsYTE4eHZZQ3V4X0J1dzFqclhBRHBISlZxU2ZJUmx1STE1ZThOdllTMjIyVE51aXlUTWc5d0lsOWNzZw?oc=5\" target=\"_blank\" rel=\"nofollow noopener\">Resumen y resultado del Darderi &#8211; Alcaraz: tercera ronda del US Open<\/a>&nbsp;&nbsp;Diario AS<\/li>\n<li><a href=\"https:\/\/news.google.com\/rss\/articles\/CBMivwFBVV95cUxPUHhZaDVjSl9TYllOcHNtOE5COHBrcGNKU1F6cVFJWDMyZEhEWm1ORklST3VkR0VzTnJIYS1vcmlwVlBzT3RBT2FTQmRNNGw4OC1Gb2U0UjVhZHM2clYydUtMYUxFcjdsOWVKaUlhUWFYNlRJVjZQWHl6elFkYy1UaEdaOW90SUJpMUNOd1J6R3VKRzcyWW0tMVQ4X3lteHpPMzRETlFkbE11WVlSdTNtVHlPd3BGQVVQU0F6aE5Gbw?oc=5\" target=\"_blank\" rel=\"nofollow noopener\">Darderi &#8211; Alcaraz, en directo | El partido del US Open, en vivo | Tenis | Deportes<\/a>&nbsp;&nbsp;EL PA\u00cdS<\/li>\n<li><a href=\"https:\/\/news.google.com\/rss\/articles\/CBMivgFBVV95cUxNczVHN3BPX2xzNGF1dTZLbDIyRUlVTFF6TUpDLXEwUVFHLXhDNWsweXo3V1VPMDh3bDZnV2tiZHJpUGFUQzVUb29fR1g4Q1MyOFk4RmhGTTc4WmVSSFdqX0VtRk1rNUxPNmtZdnBjTkg2LTh5ZXNOQXZ0dVRpbnIwN1J6bmNfd0RYYm80bWlmamJGT2xwMDZnZTVHZTZ0MHBVOWZVTjFsWW44RFZ3aHJSNWZ1SE4yR2RqNUMwcXFB0gG-AUFVX3lxTFBVN1hvYTJaVW5GUC1iUUlmMnkzaWVzYV9pa0VXdFJQQ1o1ZURsZlBMbVpwdHFnek9CWGVQY1BYdGhyX2pJdFVtMXNUNGZMTXN0VEd1NkpIT1dHdzltcjlDTklJVDRacGZaWERXNTJmbk0wajNnMVdDeVBEcFIzd3RLUFZKMFNJMkk3OEFESUVuRXBqRnVkUmpjWGNTMzZDZkRGaWVlN3Nta2RFVFdwOUE3YTdWZnJDV1F5cmlCVXc?oc=5\" target=\"_blank\" rel=\"nofollow noopener\">Carlos Alcaraz &#8211; Luciano Darderi, Us Open en directo<\/a>&nbsp;&nbsp;El Mundo<\/li>\n<li><a href=\"https:\/\/news.google.com\/rss\/articles\/CBMiowFBVV95cUxPUm16czBVQVVBRVNfUTdyZkRIVFN2RS1COW9hRnVwaFBmUjVCU1RHczE1UmdsVWt5RHZTZi00cmU5SnJ3YV9xenMxR0lpRk9LcFNTNHV3Ri1ERG1LRW90dE82QTFLTHBxMlBSOUMwclVPYm5EZExGUGppUTFJNkcweHN3Z1FpWG1iYy0zVXVEdFQwTW96cFNoMFlRTW9ZSHFMb2Q4?oc=5\" target=\"_blank\" rel=\"nofollow noopener\">Alcaraz vs Darderi, US Open 2025 hoy: resultado y \u00faltima hora, en directo<\/a>&nbsp;&nbsp;El Confidencial<\/li>\n<\/ol>\n","protected":false},"excerpt":{"rendered":"Alcaraz &#8211; Darderi, en directo: tercera ronda del US Open, a qu\u00e9 hora empieza y d\u00f3nde verlo en&hellip;\n","protected":false},"author":2,"featured_media":80525,"comment_status":"","ping_status":"","sticky":false,"template":"","format":"standard","meta":{"footnotes":""},"categories":[274],"tags":[168,25,24,7249,23,167,327,326,541],"class_list":{"0":"post-80524","1":"post","2":"type-post","3":"status-publish","4":"format-standard","5":"has-post-thumbnail","7":"category-tenis","8":"tag-deportes","9":"tag-es","10":"tag-espana","11":"tag-ranking-atp","12":"tag-spain","13":"tag-sports","14":"tag-tenis","15":"tag-tennis","16":"tag-us-open"},"share_on_mastodon":{"url":"","error":""},"_links":{"self":[{"href":"https:\/\/www.europesays.com\/es\/wp-json\/wp\/v2\/posts\/80524","targetHints":{"allow":["GET"]}}],"collection":[{"href":"https:\/\/www.europesays.com\/es\/wp-json\/wp\/v2\/posts"}],"about":[{"href":"https:\/\/www.europesays.com\/es\/wp-json\/wp\/v2\/types\/post"}],"author":[{"embeddable":true,"href":"https:\/\/www.europesays.com\/es\/wp-json\/wp\/v2\/users\/2"}],"replies":[{"embeddable":true,"href":"https:\/\/www.europesays.com\/es\/wp-json\/wp\/v2\/comments?post=80524"}],"version-history":[{"count":0,"href":"https:\/\/www.europesays.com\/es\/wp-json\/wp\/v2\/posts\/80524\/revisions"}],"wp:featuredmedia":[{"embeddable":true,"href":"https:\/\/www.europesays.com\/es\/wp-json\/wp\/v2\/media\/80525"}],"wp:attachment":[{"href":"https:\/\/www.europesays.com\/es\/wp-json\/wp\/v2\/media?parent=80524"}],"wp:term":[{"taxonomy":"category","embeddable":true,"href":"https:\/\/www.europesays.com\/es\/wp-json\/wp\/v2\/categories?post=80524"},{"taxonomy":"post_tag","embeddable":true,"href":"https:\/\/www.europesays.com\/es\/wp-json\/wp\/v2\/tags?post=80524"}],"curies":[{"name":"wp","href":"https:\/\/api.w.org\/{rel}","templated":true}]}}