{"id":80526,"date":"2025-08-29T18:55:13","date_gmt":"2025-08-29T18:55:13","guid":{"rendered":"https:\/\/www.europesays.com\/es\/80526\/"},"modified":"2025-08-29T18:55:13","modified_gmt":"2025-08-29T18:55:13","slug":"estrategia-inteligente-el-diario-vasco","status":"publish","type":"post","link":"https:\/\/www.europesays.com\/es\/80526\/","title":{"rendered":"Estrategia inteligente | El Diario Vasco"},"content":{"rendered":"<p>El vencedor en Pal es un caso muy curioso del ciclismo actual. Cuando parec\u00eda que su carrera ciclista estaba en declive, los meses de confinamiento  &#8230; le sirvieron para descubrir el ciclismo virtual a trav\u00e9s de la plataforma Zwift \u2013competiciones virtuales realizadas sobre rodillos fijos\u2013. Lograr la victoria en esta plataforma le sirvi\u00f3 para firmar con el equipo Alpecin en 2021. A partir de ah\u00ed lleg\u00f3 al UAE y ha ido demostrando su enorme potencial. Las ca\u00eddas han sido su lastre. Seguramente le han impedido, junto a una evidente falta de regularidad, ser un corredor m\u00e1s importante en el panorama actual. Autor de una verdadera exhibici\u00f3n, logr\u00f3 en Pal un gran triunfo.<\/p>\n<p class=\"v-p\">En el mismo equipo, UAE, decepci\u00f3n importante de Juan Ayuso. A las primeras de cambio pierde mucho tiempo y sigue generando dudas sobre su futuro como corredor importante en las grandes vueltas. La apuesta de UAE es Almeida, pero los responsables del equipo deber\u00e1n analizar a conciencia el bajo rendimiento de Ayuso.<\/p>\n<p class=\"v-p\">Me parece muy inteligente la actitud de Visma. Ceder el maillot de l\u00edder a Traeen har\u00e1 que el Bahrain lleve el peso de la carrera durante los siguientes d\u00edas y eso supone disponer de un aliado para ese trabajo. Como director, habr\u00eda hecho lo mismo. La Vuelta a Espa\u00f1a es una carrera muy exigente para que la controle un solo equipo desde el inicio.<\/p>\n<p class=\"v-p\">UAE ha vivido las dos caras de la moneda con un gran triunfo de Vine y un buen Almeida, pero un decepcionante Ayuso. <\/p>\n<p class=\"v-p\">Tambi\u00e9n creo que Vingegard no ense\u00f1\u00f3 todas sus cartas. Se limit\u00f3 a seguir el ritmo de sus rivales m\u00e1s fuertes y vimos a un muy buen Ciccone y a un seguro Almeida. Valoro positivamente la estrategia defensiva de Visma, consciente de que la Vuelta es muy larga. La llegada a Cerler mostrar\u00e1 si Jonas Vingegaard mantiene esta estrategia o pasa el ataque. De cualquier manera, creo que actuaron con inteligencia.<\/p>\n","protected":false},"excerpt":{"rendered":"El vencedor en Pal es un caso muy curioso del ciclismo actual. Cuando parec\u00eda que su carrera ciclista&hellip;\n","protected":false},"author":2,"featured_media":80527,"comment_status":"","ping_status":"","sticky":false,"template":"","format":"standard","meta":{"footnotes":""},"categories":[273],"tags":[313,312,168,25,24,1090,17889,23,167],"class_list":{"0":"post-80526","1":"post","2":"type-post","3":"status-publish","4":"format-standard","5":"has-post-thumbnail","7":"category-ciclismo","8":"tag-ciclismo","9":"tag-cycling","10":"tag-deportes","11":"tag-es","12":"tag-espana","13":"tag-estrategia","14":"tag-inteligente","15":"tag-spain","16":"tag-sports"},"share_on_mastodon":{"url":"","error":""},"_links":{"self":[{"href":"https:\/\/www.europesays.com\/es\/wp-json\/wp\/v2\/posts\/80526","targetHints":{"allow":["GET"]}}],"collection":[{"href":"https:\/\/www.europesays.com\/es\/wp-json\/wp\/v2\/posts"}],"about":[{"href":"https:\/\/www.europesays.com\/es\/wp-json\/wp\/v2\/types\/post"}],"author":[{"embeddable":true,"href":"https:\/\/www.europesays.com\/es\/wp-json\/wp\/v2\/users\/2"}],"replies":[{"embeddable":true,"href":"https:\/\/www.europesays.com\/es\/wp-json\/wp\/v2\/comments?post=80526"}],"version-history":[{"count":0,"href":"https:\/\/www.europesays.com\/es\/wp-json\/wp\/v2\/posts\/80526\/revisions"}],"wp:featuredmedia":[{"embeddable":true,"href":"https:\/\/www.europesays.com\/es\/wp-json\/wp\/v2\/media\/80527"}],"wp:attachment":[{"href":"https:\/\/www.europesays.com\/es\/wp-json\/wp\/v2\/media?parent=80526"}],"wp:term":[{"taxonomy":"category","embeddable":true,"href":"https:\/\/www.europesays.com\/es\/wp-json\/wp\/v2\/categories?post=80526"},{"taxonomy":"post_tag","embeddable":true,"href":"https:\/\/www.europesays.com\/es\/wp-json\/wp\/v2\/tags?post=80526"}],"curies":[{"name":"wp","href":"https:\/\/api.w.org\/{rel}","templated":true}]}}