{"id":80530,"date":"2025-08-29T18:57:09","date_gmt":"2025-08-29T18:57:09","guid":{"rendered":"https:\/\/www.europesays.com\/es\/80530\/"},"modified":"2025-08-29T18:57:09","modified_gmt":"2025-08-29T18:57:09","slug":"miles-norris-el-nuevo-fichaje-del-barca-de-basquet-sport","status":"publish","type":"post","link":"https:\/\/www.europesays.com\/es\/80530\/","title":{"rendered":"Miles Norris, el nuevo fichaje del Bar\u00e7a de b\u00e1squet &#8211; SPORT"},"content":{"rendered":"<ol>\n<li><a href=\"https:\/\/news.google.com\/rss\/articles\/CBMioAFBVV95cUxOZ1ZfcTAtYXpPQUFUN09oclZ6M25mVmRWdUlzREVSSnluNm9sTlM0ZG9VbThWS3BBcDNobEtET3RPZ3o2eWR6WUQ4MWZZbTE4UHdZMFNhYXVtRmlyN0ZZOTNFd05WdnRLaExJYzJqSHUzZDgzRjBoRU9hM01RTEFMQkpVSy1DLXk2cHdueFEwQ0pBTG54d3Zndm1rd084TTM3?oc=5\" target=\"_blank\" rel=\"nofollow noopener\">Miles Norris, el nuevo fichaje del Bar\u00e7a de b\u00e1squet<\/a>&nbsp;&nbsp;SPORT<\/li>\n<li><a href=\"https:\/\/news.google.com\/rss\/articles\/CBMi9AFBVV95cUxOVVBQUGZLSTh1ZGFqS1p1SDUtY0s1VmpWbXVnWU01TTltaVJVbWYzajlUcGxIdzhtajRMTXk1R0FEUndHWGdHTGVVRHB6WkEyc2dxdU5EdVlKWlpsWWU4ck9tZ0J4cHNIeENKbUFnRXhBWk9sWjgwczdaNzhfcURuZkRZRjRWVFJNbUhpVzUtX0YzVl9pN0R4bThwbGZGa2hpaW9zcURzRk1xU1M2SnNXNmcxQ09CRUljZnBpb2pQQW1ORkZWTWEtdVgzdXctNVpGLWEtdnZ6eW8tUnBnM1pRZGE1YVBKb1VfdmdOb3hGbTlXN01B?oc=5\" target=\"_blank\" rel=\"nofollow noopener\">Inicio de la pretemporada con revisiones m\u00e9dicas en el primer d\u00eda de Miles Norris al Bar\u00e7a<\/a>&nbsp;&nbsp;FC Barcelona<\/li>\n<li><a href=\"https:\/\/news.google.com\/rss\/articles\/CBMi4gFBVV95cUxOTGQ0QWl6dUVzTUJaS3IzNGtxWlh4aVFwcmtmQ0xRSXBoWHpIQzBKMEZJWGhLcURlVmlRUGhMVVZUREp1SjNPSERCYTFSUjYyNll3bG11YUVDTVVGR2ttcXIzV3V0Q25NMEdRSkp2ZVo2UTE5QXhaMm52LWRmOTJjTGVtN05wdUpkNzVEeEE0Q3BwQW0xdFNLVEJfRHlINWJsdXdvS2lQTFprU0dwVGZWb0k3c0xtSDhPUVhnSW9PaDlhQlVNVW5hS3ZDcmk0SGV6NzgxZXVWRVozVlhQSkJrZ0RB0gHnAUFVX3lxTE05bzJNWjdkakpnMS1OVWFCTXdfVHRDdHctM0hOd0h6MXd5X2NHSUhxRVRZX0xjMHlDM0NNaUlQNDZ0QmFoNHVwbkxPelFRLVlMeGNEZHhIWlROc29RMnFidnA5SVIwLXBlR3pFU3VCMkZDVW10MjZfeWtmMklsaFNzOTczRXloZ0JfYV9PYmFvNkV3YmdSNE9lNkUxQ3dQS2Z4M285blZSR0VGOGdEX0xjaVk2ZExJQmpidHpRSmpxR2paT2V1dlJybnBjYWtZNzd6NXlYU2VNSV9ZRHhGZWc2VGdSdlZkRQ?oc=5\" target=\"_blank\" rel=\"nofollow noopener\">Arranca el Bar\u00e7a de basket 2025-26 con una novedad: Pe\u00f1arroya recibe al \u00faltimo fichaje de Navarro<\/a>&nbsp;&nbsp;Cr\u00f3nica Global<\/li>\n<li><a href=\"https:\/\/news.google.com\/rss\/articles\/CBMijgFBVV95cUxNS2Z1MlNSNU1wUEJpUGN4RDhkOGZfbTFyY3dGWFVaYWZKS0lQRG9xQUxlcU5JN25DbEo2ZDBDVWV6ZklGN1Zuc3pEN29aNFhlRTl4TGhyZ2xPbGFVZDN6SW9Zdjd5VUp2V2dLa2xPY2JlS3BMY3pNMUNsakthaV91QUtNbHNmMTlIVXZFTXp30gGiAUFVX3lxTFBRSFc3NldDamROeUsxVldyMTJ3M05Oa1hUZkkyekhtalZ0dGdPY1BkTHJxbU8wZzVPWE9LZE8teUtINlVLMDJPVGlsVzFoZk9qSEEwNTM4MUYycU56NU1QQnZzaDNjX1lwOEV1T0lWLWxLdWUxUlFKTGhxMUVuXzRJWTRqQ3lQaHVIa3paYmdXY0l1VkZsb3JVazdTUmdrajFNUQ?oc=5\" target=\"_blank\" rel=\"nofollow noopener\">El Bar\u00e7a cierra su proyecto 2025-26 con Miles Norris<\/a>&nbsp;&nbsp;Diario AS<\/li>\n<li><a href=\"https:\/\/news.google.com\/rss\/articles\/CBMisgFBVV95cUxPbkkxTEJPYXJvMDJmRU40Und1NldjVllva3p2a3dEX0x4T0NKNHUyNXk2NE8wVHBGV2xHbjFzeUF5cnA3TUJsMHRwRW9Uc0VrSnduWUMtUGd4Szh0QmFkWWw4UmlQaGVIUE90Z1d5Z1NudS1hVjIwT0tPM2d5d00yQnYzLXlKN1JhUW03eVU4ZWNVcEcxemtxRXF6MWdydDE4elpDS2JxeXlDeWsyWmhjT09B0gG_AUFVX3lxTE5OVlBmNVlaX3V6VHNBd3pxVU9YNi1pSFM5VFFnZm0tbUhWN0FyLXNTcG5YUFVVdVlJV0ttdEdxNGtFOGc3RmRqeFByYXloaDZMNUdQMjVhX3B0UkY0WWU0LVRVZFlwVFNzWExfd0xLdUJ5SnJqbS0wX2Z5LTNqVUVFWTF0R0JHUGZwN2YyMnZaTUxITVJsR09vU3FrbTBhWERjRjBYRVRhRWJMcVdkcHN6NTY5UjJTYmRDbU1PTlNB?oc=5\" target=\"_blank\" rel=\"nofollow noopener\">El Bar\u00e7a arranca su pretemporada con las revisiones m\u00e9dicas<\/a>&nbsp;&nbsp;Mundo Deportivo<\/li>\n<\/ol>\n","protected":false},"excerpt":{"rendered":"Miles Norris, el nuevo fichaje del Bar\u00e7a de b\u00e1squet&nbsp;&nbsp;SPORT Inicio de la pretemporada con revisiones m\u00e9dicas en el&hellip;\n","protected":false},"author":2,"featured_media":80531,"comment_status":"","ping_status":"","sticky":false,"template":"","format":"standard","meta":{"footnotes":""},"categories":[269],"tags":[299,2296,1918,298,4597,168,25,24,30586,23,167],"class_list":{"0":"post-80530","1":"post","2":"type-post","3":"status-publish","4":"format-standard","5":"has-post-thumbnail","7":"category-baloncesto","8":"tag-baloncesto","9":"tag-barca","10":"tag-basket","11":"tag-basketball","12":"tag-basquet","13":"tag-deportes","14":"tag-es","15":"tag-espana","16":"tag-milesnorris","17":"tag-spain","18":"tag-sports"},"share_on_mastodon":{"url":"","error":""},"_links":{"self":[{"href":"https:\/\/www.europesays.com\/es\/wp-json\/wp\/v2\/posts\/80530","targetHints":{"allow":["GET"]}}],"collection":[{"href":"https:\/\/www.europesays.com\/es\/wp-json\/wp\/v2\/posts"}],"about":[{"href":"https:\/\/www.europesays.com\/es\/wp-json\/wp\/v2\/types\/post"}],"author":[{"embeddable":true,"href":"https:\/\/www.europesays.com\/es\/wp-json\/wp\/v2\/users\/2"}],"replies":[{"embeddable":true,"href":"https:\/\/www.europesays.com\/es\/wp-json\/wp\/v2\/comments?post=80530"}],"version-history":[{"count":0,"href":"https:\/\/www.europesays.com\/es\/wp-json\/wp\/v2\/posts\/80530\/revisions"}],"wp:featuredmedia":[{"embeddable":true,"href":"https:\/\/www.europesays.com\/es\/wp-json\/wp\/v2\/media\/80531"}],"wp:attachment":[{"href":"https:\/\/www.europesays.com\/es\/wp-json\/wp\/v2\/media?parent=80530"}],"wp:term":[{"taxonomy":"category","embeddable":true,"href":"https:\/\/www.europesays.com\/es\/wp-json\/wp\/v2\/categories?post=80530"},{"taxonomy":"post_tag","embeddable":true,"href":"https:\/\/www.europesays.com\/es\/wp-json\/wp\/v2\/tags?post=80530"}],"curies":[{"name":"wp","href":"https:\/\/api.w.org\/{rel}","templated":true}]}}