{"id":80548,"date":"2025-08-29T19:11:09","date_gmt":"2025-08-29T19:11:09","guid":{"rendered":"https:\/\/www.europesays.com\/es\/80548\/"},"modified":"2025-08-29T19:11:09","modified_gmt":"2025-08-29T19:11:09","slug":"aitor-esteban-carga-contra-sanchez-y-acusa-al-psoe-de-agarrarse-al-poder-como-una-lapa","status":"publish","type":"post","link":"https:\/\/www.europesays.com\/es\/80548\/","title":{"rendered":"Aitor Esteban carga contra S\u00e1nchez y acusa al PSOE de \u00abagarrarse al poder como una lapa\u00bb"},"content":{"rendered":"<p>\u00abNo importa si hay presupuestos, inventa y pone sobre la mesa planes de regeneraci\u00f3n, no importa que no tenga mayor\u00eda\u00bb, dice el presidente del PNV en el primer mitin del curso pol\u00edtico\n<\/p>\n<p><img fetchpriority=\"high\" class=\"voc-img\" src=\"https:\/\/www.europesays.com\/es\/wp-content\/uploads\/2025\/08\/1495416665-REtgRi4hA9rkg4XRWM5hr0I-1200x840@diario_abc.JPG\" loading=\"eager\" decoding=\"async\" alt=\"El presidente del PNV, Aitor Esteban, durante la celebraci\u00f3n de un acto del partido\" width=\"1200\" height=\"840\"\/><\/p>\n<p>El presidente del PNV, Aitor Esteban, durante la celebraci\u00f3n de un acto del partido    ep  <\/p>\n<p><img decoding=\"async\" class=\"voc-author__img\" src=\"https:\/\/www.europesays.com\/es\/wp-content\/uploads\/2025\/08\/autor-6241-foto-2.png\" alt=\"Gerard Bono\"\/><\/p>\n<p>29\/08\/2025<br \/>\n<br \/><strong><br \/>\nActualizado a las 20:27h.<br \/>\n<\/strong><\/p>\n<p class=\"voc-p\" style=\"\">Acostumbrado en los \u00faltimos meses a mantener un perfil bajo en sus declaraciones sobre el PSOE, este viernes Aitor Esteban ha<strong> sorprendido cargando con dureza contra los socialistas<\/strong> en el primer mitin del curso pol\u00edtico que su partido ha celebrado en Zarauz (Guip\u00fazcoa). El presidente del PNV ha acusado a los socialistas de \u00abagarrarse al poder como una lapa\u00bb, tras se\u00f1alar tambi\u00e9n al Partido Popular, al que ha calificado de \u00abci\u00e9naga de insulto y mentira\u00bb, en respuesta al secretario general del PP, Miguel Tellado, que el lunes llam\u00f3 \u00abtrampantojo\u00bb a los nacionalistas. <\/p>\n<p class=\"voc-p\" style=\"\">Si bien el choque con los populares viene de atr\u00e1s, no es as\u00ed la acusaci\u00f3n sobre el partido que lidera Pedro S\u00e1nchez, a quien el PNV hizo presidente con sus votos tras las elecciones de julio de 2023.<strong> \u00abNo importa si hay presupuestos, inventa<\/strong> y pone sobre la mesa planes de regeneraci\u00f3n, no importa que no tenga mayor\u00eda para gobernar&#8230;.\u00ab, ha dicho Esteban. <\/p>\n<p class=\"voc-p\" style=\"\">El l\u00edder de los nacionalistas ha afirmado despu\u00e9s que van a ser \u00abconstructivos en las instituciones vascas\u00bb \u2013PNV y Partido Socialista de Euskadi (PSE) gobiernan en coalici\u00f3n en la regi\u00f3n\u2013, pero ha advertido que <strong>no van a \u00abconsentir que desde Madrid se impongan pol\u00edticas\u00bb.<\/strong> Hac\u00eda referencia a unas palabras de la delegada del Gobierno en el Pa\u00eds Vasco, Marisol Garmendia, defendiendo un centro de refugiados en Vitoria. Es evidente que lo que diga ella lo hace en nombre del Gobierno de Espa\u00f1a y el PNV no est\u00e1 de acuerdo con el modelo de la residencia Arana en Gasteiz\u00ab, ha puntualizado. <\/p>\n<p class=\"voc-p\" style=\"\">Sin embargo, el ataque de Esteban ha estado lejos de centrarse en la figura de Garmendia. Antes, tambi\u00e9n ha mencionado a la ministra de Defensa, Margarita Robles. <strong>\u00abHa acusado a las comunidades aut\u00f3nomas del PP de no ejercer sus competencias<\/strong>. Es posible que haya sido as\u00ed. Cuidado con pretender con esta excusa centralizar competencias que pertenezcan al Pa\u00eds Vasco o Navarra. No vamos a permitir que se retroceda ni un \u00e1pice\u00bb, ha dicho. <\/p>\n<p>Reportar un error<\/p>\n","protected":false},"excerpt":{"rendered":"\u00abNo importa si hay presupuestos, inventa y pone sobre la mesa planes de regeneraci\u00f3n, no importa que no&hellip;\n","protected":false},"author":2,"featured_media":80549,"comment_status":"","ping_status":"","sticky":false,"template":"","format":"standard","meta":{"footnotes":""},"categories":[8],"tags":[6630,827,14527,17,18,25,24,16142,13,14,11,30587,19,20,9,10,15,16,4233,1699,23,12,21,22],"class_list":{"0":"post-80548","1":"post","2":"type-post","3":"status-publish","4":"format-standard","5":"has-post-thumbnail","7":"category-espana","8":"tag-acusa","9":"tag-agarrarse","10":"tag-aitor","11":"tag-breaking-news","12":"tag-breakingnews","13":"tag-es","14":"tag-espana","15":"tag-esteban","16":"tag-featured-news","17":"tag-featurednews","18":"tag-headlines","19":"tag-lapa","20":"tag-latest-news","21":"tag-latestnews","22":"tag-news","23":"tag-noticias","24":"tag-noticias-destacadas","25":"tag-noticiasdestacadas","26":"tag-poder","27":"tag-psoe","28":"tag-spain","29":"tag-titulares","30":"tag-ultimas-noticias","31":"tag-ultimasnoticias"},"share_on_mastodon":{"url":"","error":""},"_links":{"self":[{"href":"https:\/\/www.europesays.com\/es\/wp-json\/wp\/v2\/posts\/80548","targetHints":{"allow":["GET"]}}],"collection":[{"href":"https:\/\/www.europesays.com\/es\/wp-json\/wp\/v2\/posts"}],"about":[{"href":"https:\/\/www.europesays.com\/es\/wp-json\/wp\/v2\/types\/post"}],"author":[{"embeddable":true,"href":"https:\/\/www.europesays.com\/es\/wp-json\/wp\/v2\/users\/2"}],"replies":[{"embeddable":true,"href":"https:\/\/www.europesays.com\/es\/wp-json\/wp\/v2\/comments?post=80548"}],"version-history":[{"count":0,"href":"https:\/\/www.europesays.com\/es\/wp-json\/wp\/v2\/posts\/80548\/revisions"}],"wp:featuredmedia":[{"embeddable":true,"href":"https:\/\/www.europesays.com\/es\/wp-json\/wp\/v2\/media\/80549"}],"wp:attachment":[{"href":"https:\/\/www.europesays.com\/es\/wp-json\/wp\/v2\/media?parent=80548"}],"wp:term":[{"taxonomy":"category","embeddable":true,"href":"https:\/\/www.europesays.com\/es\/wp-json\/wp\/v2\/categories?post=80548"},{"taxonomy":"post_tag","embeddable":true,"href":"https:\/\/www.europesays.com\/es\/wp-json\/wp\/v2\/tags?post=80548"}],"curies":[{"name":"wp","href":"https:\/\/api.w.org\/{rel}","templated":true}]}}