{"id":80614,"date":"2025-08-29T19:50:11","date_gmt":"2025-08-29T19:50:11","guid":{"rendered":"https:\/\/www.europesays.com\/es\/80614\/"},"modified":"2025-08-29T19:50:11","modified_gmt":"2025-08-29T19:50:11","slug":"julia-roberts-estreno-en-venecia-una-pelicula-que-expone-las-tensiones-eticas-y-culturales-de-nuestro-tiempo","status":"publish","type":"post","link":"https:\/\/www.europesays.com\/es\/80614\/","title":{"rendered":"Julia Roberts estren\u00f3 en Venecia una pel\u00edcula que expone las tensiones \u00e9ticas y culturales de nuestro tiempo"},"content":{"rendered":"<p><img alt=\"Julia Roberts debuta en el\" class=\"global-image\" decoding=\"async\" fetchpriority=\"high\" height=\"534\" loading=\"eager\" src=\"https:\/\/www.europesays.com\/es\/wp-content\/uploads\/2025\/08\/VXZ4SWI3ABFTHGTE57L53XBA5Y.JPG\" width=\"800\"\/>Julia Roberts debuta en el Festival de Venecia con &#8216;After the Hunt&#8217;, un drama sobre la cultura de la cancelaci\u00f3n<\/p>\n<p class=\"paragraph\"><b>Julia Roberts <\/b>espera \u201cagitarlo todo\u201d para los espectadores de su nueva pel\u00edcula sobre una profesora universitaria que lidia con la compleja pol\u00edtica de los campus estadounidenses, en su debut en el<b> Festival de Cine de Venecia<\/b> este viernes.<\/p>\n<p class=\"paragraph\">La estrella de <b>Mujer bonita<\/b> asisti\u00f3 por primera vez en su carrera al festival de la ciudad italiana con <b>After the Hunt<\/b>, un drama psicol\u00f3gico sobre la cultura de la cancelaci\u00f3n dirigido por el italiano <b>Luca Guadagnino<\/b>.<\/p>\n<p class=\"paragraph\">En una conferencia de prensa el viernes antes del estreno,<b> Roberts<\/b> dijo que la pel\u00edcula no pretende responder preguntas, sino provocarlas.<\/p>\n<p class=\"paragraph\">\u201cTodos salen con diferentes sentimientos, emociones y puntos de vista. Te das cuenta de en qu\u00e9 crees firmemente y cu\u00e1les son tus convicciones, porque nosotros lo agitamos todo por ti\u201d, dijo a los periodistas.<\/p>\n<p><img alt=\"La pel\u00edcula, dirigida por Luca\" class=\"global-image\" decoding=\"async\" fetchpriority=\"low\" height=\"1280\" loading=\"lazy\" src=\"https:\/\/www.europesays.com\/es\/wp-content\/uploads\/2025\/08\/U4E5JIXPSNEEPBQLQCPPEJC7VQ.jpg\" width=\"1920\"\/>La pel\u00edcula, dirigida por Luca Guadagnino, explora la pol\u00edtica universitaria y los dilemas morales en los campus estadounidenses<\/p>\n<p class=\"paragraph\"><b>Roberts<\/b> interpreta a una profesora de la Universidad de Yale atormentada por un secreto de su pasado despu\u00e9s de que una estudiante acusa a uno de sus colegas de agresi\u00f3n sexual.<\/p>\n<p class=\"paragraph\">Preguntas sobre la verdad y la ficci\u00f3n, y sobre si los personajes son narradores confiables, atraviesan la pel\u00edcula del director de <b>Hasta los huesos<\/b>.<\/p>\n<p class=\"paragraph\">Tocando la cultura de la Generaci\u00f3n Z y la brecha generacional entre estudiantes y profesores, la pel\u00edcula producida por Amazon tiene matices del drama <b>T\u00e1r <\/b>de<b> Todd Field <\/b>de 2022, que le vali\u00f3 a <b>Cate Blanchett<\/b> el premio a mejor actriz en Venecia.<\/p>\n<p class=\"paragraph\">\u201cNo todo est\u00e1 hecho para que te sientas c\u00f3modo\u201d, dice el personaje de<b> Roberts<\/b> en la pel\u00edcula a la estudiante que afirma haber sido agredida.<\/p>\n<p><img alt=\"Roberts interpreta a una profesora\" class=\"global-image\" decoding=\"async\" fetchpriority=\"low\" height=\"522\" loading=\"lazy\" src=\"https:\/\/www.europesays.com\/es\/wp-content\/uploads\/2025\/08\/RYE24YWBRZEPLNB674N3NUF6Y4.jpg\" width=\"634\"\/>Roberts interpreta a una profesora de Yale enfrentada a su pasado tras una acusaci\u00f3n de agresi\u00f3n sexual en la universidad<\/p>\n<p class=\"paragraph\"><b>Roberts<\/b> afirm\u00f3 que la pel\u00edcula no defiende un punto de vista en particular.<\/p>\n<p class=\"paragraph\">\u201cEstamos desafiando a la gente a tener conversaciones y a emocionarse por ello o a enfurecerse por ello, depende de ti\u201d, dijo.<\/p>\n<p class=\"paragraph\">\u201cEstamos perdiendo un poco el arte de la conversaci\u00f3n en la humanidad en este momento y si hacer esta pel\u00edcula logra algo, conseguir que todos hablen entre s\u00ed es lo m\u00e1s emocionante que siento que podr\u00edamos lograr\u201d.<\/p>\n<p class=\"paragraph\">El habitual de<b> Venecia<\/b> <b>Guadagnino<\/b> \u2014cuyo <b>Ll\u00e1mame por tu nombre<\/b> de 2017 ayud\u00f3 a lanzar a <b>Timoth\u00e9e Chalamet<\/b> al estrellato\u2014 estuvo en la competencia principal de Venecia el a\u00f1o pasado con <b>Queer<\/b>, una adaptaci\u00f3n de la novela hom\u00f3nima de <b>William Burroughs<\/b> protagonizada por <b>Daniel Craig<\/b>.<\/p>\n<p><img alt=\"'After the Hunt' busca provocar\" class=\"global-image\" decoding=\"async\" fetchpriority=\"low\" height=\"3487\" loading=\"lazy\" src=\"https:\/\/www.europesays.com\/es\/wp-content\/uploads\/2025\/08\/F4LZTZ6RBZCI5APWRXSY33ZZJM.JPG\" width=\"5231\"\/>&#8216;After the Hunt&#8217; busca provocar debate sobre la verdad, la ficci\u00f3n y la confiabilidad de los narradores en la era de la cancelaci\u00f3n<\/p>\n<p class=\"paragraph\">Tambi\u00e9n el viernes, en el tercer d\u00eda del festival, se produjo el regreso a Venecia tras 20 a\u00f1os de <b>Park Chan-wook,<\/b> el maestro surcoreano de la comedia negra, con su nuevo largometraje, <b>No Other Choice<\/b>.<\/p>\n<p class=\"paragraph\">Es una de las 21 pel\u00edculas en la competencia principal por el m\u00e1ximo galard\u00f3n de Venecia, el <b>Le\u00f3n de Oro<\/b>.<\/p>\n<p class=\"paragraph\">Carcajadas llenaron la sala en una proyecci\u00f3n de prensa temprana para la comedia de suspenso, en la que un leal empleado de una empresa papelera con una familia devota es despedido y luego decide eliminar a cualquier posible rival para un nuevo puesto de trabajo.<\/p>\n<p class=\"paragraph\">\u201cLo tengo todo\u201d, dice el protagonista Man-su (interpretado por <b>Lee Byung-hun<\/b>) al inicio de la pel\u00edcula, antes de que todo salga terriblemente mal.<\/p>\n<p><img alt=\"El festival se consolida como\" class=\"global-image\" decoding=\"async\" fetchpriority=\"low\" height=\"3132\" loading=\"lazy\" src=\"https:\/\/www.europesays.com\/es\/wp-content\/uploads\/2025\/08\/S32X2WAVG5F6NPEW4YYHV4IYMY.JPG\" width=\"4698\"\/>El festival se consolida como plataforma clave para estrenos internacionales y posibles contendientes a los premios Oscar<\/p>\n<p class=\"paragraph\">Hace tres a\u00f1os, <b>Park<\/b> gan\u00f3 el premio a mejor director en <b>Cannes<\/b> por <b>Decision to Leave<\/b>, un thriller rom\u00e1ntico aclamado por la cr\u00edtica.<\/p>\n<p class=\"paragraph\">El veterano director estuvo por \u00faltima vez en <b>Venecia<\/b> en 2005 con <b>Lady Vengeance<\/b>, parte de una trilog\u00eda que explora los rincones oscuros de la experiencia humana.<\/p>\n<p class=\"paragraph\">Los dos primeros contendientes m\u00e1s fuertes para el <b>Le\u00f3n de Oro<\/b> incluyen la pel\u00edcula de apertura <b>La Grazia <\/b>de <b>Paolo Sorrentino<\/b> sobre un presidente italiano que lucha con la indecisi\u00f3n respecto a la eutanasia.<\/p>\n<p class=\"paragraph\">El jueves marc\u00f3 el regreso de la ganadora del <b>Oscar Emma Stone<\/b> en la s\u00e1tira oscura <b>Bugonia<\/b>, de <b>Yorgos Lanthimos<\/b>, sobre dos inadaptados obsesionados con las conspiraciones que secuestran al director ejecutivo de una farmac\u00e9utica.<\/p>\n<p><img alt=\"Emma Stone y Yorgos Lanthimos\" class=\"global-image\" decoding=\"async\" fetchpriority=\"low\" height=\"1079\" loading=\"lazy\" src=\"https:\/\/www.europesays.com\/es\/wp-content\/uploads\/2025\/08\/BS6IYCT6LRGBRFAQWUSJ3GNOOE.jpg\" width=\"1920\"\/>Emma Stone y Yorgos Lanthimos vuelven a Venecia con &#8216;Bugonia&#8217;, una s\u00e1tira oscura sobre conspiraciones<\/p>\n<p class=\"paragraph\"><b>Stone<\/b> y el director griego <b>Lanthimos<\/b>, que trabajan juntos por quinta vez, esperan repetir la exitosa f\u00f3rmula de 2023, cuando <b>Pobres criaturas<\/b> se llev\u00f3 el m\u00e1ximo galard\u00f3n, el <b>Le\u00f3n de Oro<\/b>, en <b>Venecia<\/b>.<\/p>\n<p class=\"paragraph\">Variety calific\u00f3 a <b>Bugonia<\/b> de \u201cfascinante\u201d, diciendo que <b>Lanthimos<\/b> estaba \u201cen la cima de su juego nihilista y visionario\u201d, mientras que la revista Time dijo que <b>Stone<\/b> \u201cno pod\u00eda equivocarse\u201d.<\/p>\n<p class=\"paragraph\">La actuaci\u00f3n de G<b>eorge Clooney <\/b>como una estrella de Hollywood envejecida que lucha con sus decisiones profesionales en <b>Jay Kelly<\/b>, producida por Netflix y dirigida por <b>Noah Baumbach<\/b>, recibi\u00f3 cr\u00edticas menos favorables.<\/p>\n<p class=\"paragraph\">The Guardian la calific\u00f3 como \u201cuna pel\u00edcula terrible, sentimental y autocomplaciente\u201d.<\/p>\n<p><img alt=\"El Festival de Venecia presenta\" class=\"global-image\" decoding=\"async\" fetchpriority=\"low\" height=\"3667\" loading=\"lazy\" src=\"https:\/\/www.europesays.com\/es\/wp-content\/uploads\/2025\/08\/2Z3PJBQFKVERLGHYQ3L7XTUI24.JPG\" width=\"5500\"\/>El Festival de Venecia presenta tambi\u00e9n el regreso de Park Chan-wook con &#8216;No Other Choice&#8217;, una comedia negra en competencia<\/p>\n<p class=\"paragraph\">Otra pel\u00edcula muy esperada, que se proyectar\u00e1 el domingo, es <b>El mago del Kremlin<\/b> de <b>Olivier Assayas<\/b>, en la que el brit\u00e1nico <b>Jude Law <\/b>interpreta al presidente ruso Vladimir Putin durante su ascenso al poder.<\/p>\n<p class=\"paragraph\">Una pel\u00edcula sobre la guerra en Gaza, <b>La voz de Hind Rajab<\/b>, de la directora tunecina <b>Kaouther Ben Hania<\/b>, ha atra\u00eddo la atenci\u00f3n de grandes figuras de Hollywood y se estrenar\u00e1 la pr\u00f3xima semana.<\/p>\n<p class=\"paragraph\">El festival \u2014que se ha convertido en una plataforma crucial de lanzamiento para grandes producciones internacionales que luego han tenido \u00e9xito en los <b>Oscar<\/b>\u2014 se extiende hasta el 6 de septiembre.<\/p>\n<p class=\"paragraph\">Fuente: AFP<\/p>\n<p class=\"paragraph\">[Fotos: Reuters\/ Yara Nardi y Amazon MGM Studios v\u00eda AP y Focus Features]<\/p>\n<p class=\"paragraph\">.<\/p>\n","protected":false},"excerpt":{"rendered":"Julia Roberts debuta en el Festival de Venecia con &#8216;After the Hunt&#8217;, un drama sobre la cultura de&hellip;\n","protected":false},"author":2,"featured_media":80615,"comment_status":"","ping_status":"","sticky":false,"template":"","format":"standard","meta":{"footnotes":""},"categories":[169],"tags":[3118,177,146,147,25,24,406,176,175,23,18853],"class_list":{"0":"post-80614","1":"post","2":"type-post","3":"status-publish","4":"format-standard","5":"has-post-thumbnail","7":"category-cine","8":"tag-arts-culture-entertainment","9":"tag-cine","10":"tag-entertainment","11":"tag-entretenimiento","12":"tag-es","13":"tag-espana","14":"tag-europe","15":"tag-film","16":"tag-movies","17":"tag-spain","18":"tag-venice"},"share_on_mastodon":{"url":"","error":""},"_links":{"self":[{"href":"https:\/\/www.europesays.com\/es\/wp-json\/wp\/v2\/posts\/80614","targetHints":{"allow":["GET"]}}],"collection":[{"href":"https:\/\/www.europesays.com\/es\/wp-json\/wp\/v2\/posts"}],"about":[{"href":"https:\/\/www.europesays.com\/es\/wp-json\/wp\/v2\/types\/post"}],"author":[{"embeddable":true,"href":"https:\/\/www.europesays.com\/es\/wp-json\/wp\/v2\/users\/2"}],"replies":[{"embeddable":true,"href":"https:\/\/www.europesays.com\/es\/wp-json\/wp\/v2\/comments?post=80614"}],"version-history":[{"count":0,"href":"https:\/\/www.europesays.com\/es\/wp-json\/wp\/v2\/posts\/80614\/revisions"}],"wp:featuredmedia":[{"embeddable":true,"href":"https:\/\/www.europesays.com\/es\/wp-json\/wp\/v2\/media\/80615"}],"wp:attachment":[{"href":"https:\/\/www.europesays.com\/es\/wp-json\/wp\/v2\/media?parent=80614"}],"wp:term":[{"taxonomy":"category","embeddable":true,"href":"https:\/\/www.europesays.com\/es\/wp-json\/wp\/v2\/categories?post=80614"},{"taxonomy":"post_tag","embeddable":true,"href":"https:\/\/www.europesays.com\/es\/wp-json\/wp\/v2\/tags?post=80614"}],"curies":[{"name":"wp","href":"https:\/\/api.w.org\/{rel}","templated":true}]}}