{"id":80626,"date":"2025-08-29T19:56:04","date_gmt":"2025-08-29T19:56:04","guid":{"rendered":"https:\/\/www.europesays.com\/es\/80626\/"},"modified":"2025-08-29T19:56:04","modified_gmt":"2025-08-29T19:56:04","slug":"ee-uu-revoca-visados-a-funcionarios-palestinos-antes-de-la-asamblea-general-de-la-onu","status":"publish","type":"post","link":"https:\/\/www.europesays.com\/es\/80626\/","title":{"rendered":"EE.UU. revoca visados a funcionarios palestinos antes de la Asamblea General de la ONU"},"content":{"rendered":"<p>\n         Publicado<br \/>\n            29\/08\/2025 &#8211; 21:36 CEST\n            <\/p>\n<p>          <img decoding=\"async\" class=\"c-ad__placeholder__logo\" src=\"https:\/\/static.euronews.com\/website\/images\/logos\/logo-euronews-stacked-outlined-72x72-grey-9.svg\" width=\"72\" height=\"72\" alt=\"\" loading=\"lazy\"\/><br \/>\n          PUBLICIDAD<\/p>\n<p>El secretario de Estado estadounidense, <strong>Marco Rubio, ha revocado los visados de varios funcionarios de la Autoridad Palestina<\/strong> (AP) y de la Organizaci\u00f3n para la Liberaci\u00f3n de Palestina (OLP) antes de la <a href=\"https:\/\/es.euronews.com\/2025\/07\/31\/canada-y-malta-se-suman-a-francia-y-reino-unido-en-el-reconocimiento-del-estado-de-palesti\" rel=\"nofollow noopener\" target=\"_blank\">reuni\u00f3n anual de la Asamblea General de la ONU<\/a> del pr\u00f3ximo mes, en la que los grupos han estado representados anteriormente.<\/p>\n<p>El Departamento de Estado inform\u00f3 el viernes en un comunicado de que Rubio tambi\u00e9n hab\u00eda ordenado que <strong>se denegaran algunas nuevas solicitudes de visado<\/strong> de funcionarios palestinos. La decisi\u00f3n es la \u00faltima de una serie de medidas que la Administraci\u00f3n Trump ha tomado para <strong>atacar a los palestinos con restricciones de visado<\/strong> y se produce el mismo d\u00eda en que el Ej\u00e9rcito israel\u00ed <a href=\"https:\/\/es.euronews.com\/2025\/08\/29\/israel-devuelve-los-cadaveres-de-2-rehenes-y-declara-la-ciudad-de-gaza-zona-de-combate\" rel=\"nofollow noopener\" target=\"_blank\">declar\u00f3 la ciudad de Gaza zona de combate<\/a>.<\/p>\n<p>El Departamento de Estado tambi\u00e9n <strong>suspendi\u00f3 un programa que permit\u00eda a los ni\u00f1os palestinos heridos de Gaza<\/strong> venir a EE.UU. para recibir tratamiento m\u00e9dico despu\u00e9s de una protesta en las redes sociales por parte de algunos conservadores. El Departamento de Estado no especific\u00f3 cu\u00e1ntos visados se hab\u00edan revocado ni cu\u00e1ntas solicitudes se hab\u00edan denegado. El Departamento no respondi\u00f3 inmediatamente a una petici\u00f3n de m\u00e1s detalles.<\/p>\n<p>No estaba claro si el presidente palestino <a href=\"https:\/\/es.euronews.com\/2025\/06\/10\/el-presidente-de-la-autoridad-palestina-mahmud-abbas-se-declara-partidario-de-desmilitariz\" rel=\"nofollow noopener\" target=\"_blank\"><strong>Mahmud Abbas<\/strong><\/a> se ver\u00eda afectado. La declaraci\u00f3n s\u00ed dec\u00eda que a los representantes asignados a la misi\u00f3n de la Autoridad Palestina en las Naciones Unidas <strong>se les conceder\u00edan exenciones en virtud del acuerdo de pa\u00eds<\/strong> anfitri\u00f3n de EE.UU. con la ONU para que puedan continuar sus operaciones en Nueva York.<\/p>\n<p>\u00abRedunda en inter\u00e9s de nuestra seguridad nacional hacer que la OLP y la AP rindan cuentas por <strong>no cumplir sus compromisos<\/strong> y por socavar las perspectivas de paz\u00bb, dec\u00eda el comunicado. \u00abAntes de que la OLP y la AP puedan ser consideradas socios para la paz, deben repudiar sistem\u00e1ticamente el terrorismo -incluida la masacre del 7 de octubre- y poner fin a la incitaci\u00f3n al terrorismo en la educaci\u00f3n, como exige la legislaci\u00f3n estadounidense y como prometi\u00f3 la OLP\u00bb. <\/p>\n<p>El embajador palestino ante la ONU, Riyad Mansour, dijo a la prensa el viernes que acababa de conocer la decisi\u00f3n de Rubio y <strong>que estaba evaluando su impacto<\/strong>. \u00abVeremos exactamente lo que significa y c\u00f3mo se aplica a cualquiera de nuestra delegaci\u00f3n, y responderemos en consecuencia\u00bb, dijo.<\/p>\n<p>Mansour dijo que Abbas iba a encabezar la delegaci\u00f3n a las reuniones de la ONU del pr\u00f3ximo mes y que se esperaba que se dirigiera a la Asamblea General, como ha hecho <strong>durante muchos a\u00f1os<\/strong>.<\/p>\n<p>Tambi\u00e9n se espera que asista el 22 de septiembre a una reuni\u00f3n de alto nivel <strong>copresidida por Francia y Arabia Saud\u00ed<\/strong> sobre <a href=\"https:\/\/es.euronews.com\/2025\/07\/30\/la-ue-y-la-liga-arabe-reafirman-su-apoyo-a-la-solucion-de-los-dos-estados-e-instan-a-hamas\" rel=\"nofollow noopener\" target=\"_blank\">la soluci\u00f3n de los dos Estados<\/a>, que aboga por que Israel conviva con una Palestina independiente.<\/p>\n<p>En la ONU, 147 de los 193 Estados miembros de la organizaci\u00f3n reconocen a Palestina como pa\u00eds y en la Asamblea General <strong>tiene el estatus de Estado observador<\/strong> no miembro desde 2012.<\/p>\n<p>Fuentes adicionales<strong> \u2022 AP<\/strong><\/p>\n","protected":false},"excerpt":{"rendered":"Publicado 29\/08\/2025 &#8211; 21:36 CEST PUBLICIDAD El secretario de Estado estadounidense, Marco Rubio, ha revocado los visados de&hellip;\n","protected":false},"author":2,"featured_media":80627,"comment_status":"","ping_status":"","sticky":false,"template":"","format":"standard","meta":{"footnotes":""},"categories":[42],"tags":[30616,30615,17,18,13,14,1258,11,61,62,63,64,19,20,30073,9,10,15,16,732,76,12,21,22,65,66,67],"class_list":{"0":"post-80626","1":"post","2":"type-post","3":"status-publish","4":"format-standard","5":"has-post-thumbnail","7":"category-internacional","8":"tag-asamblea-general-de-las-naciones-unidas","9":"tag-autoridad-nacional-palestina","10":"tag-breaking-news","11":"tag-breakingnews","12":"tag-featured-news","13":"tag-featurednews","14":"tag-guerra-israel-hamas","15":"tag-headlines","16":"tag-internacional","17":"tag-international","18":"tag-international-news","19":"tag-internationalnews","20":"tag-latest-news","21":"tag-latestnews","22":"tag-naciones-unidas","23":"tag-news","24":"tag-noticias","25":"tag-noticias-destacadas","26":"tag-noticiasdestacadas","27":"tag-onu","28":"tag-palestina","29":"tag-titulares","30":"tag-ultimas-noticias","31":"tag-ultimasnoticias","32":"tag-world","33":"tag-world-news","34":"tag-worldnews"},"share_on_mastodon":{"url":"","error":""},"_links":{"self":[{"href":"https:\/\/www.europesays.com\/es\/wp-json\/wp\/v2\/posts\/80626","targetHints":{"allow":["GET"]}}],"collection":[{"href":"https:\/\/www.europesays.com\/es\/wp-json\/wp\/v2\/posts"}],"about":[{"href":"https:\/\/www.europesays.com\/es\/wp-json\/wp\/v2\/types\/post"}],"author":[{"embeddable":true,"href":"https:\/\/www.europesays.com\/es\/wp-json\/wp\/v2\/users\/2"}],"replies":[{"embeddable":true,"href":"https:\/\/www.europesays.com\/es\/wp-json\/wp\/v2\/comments?post=80626"}],"version-history":[{"count":0,"href":"https:\/\/www.europesays.com\/es\/wp-json\/wp\/v2\/posts\/80626\/revisions"}],"wp:featuredmedia":[{"embeddable":true,"href":"https:\/\/www.europesays.com\/es\/wp-json\/wp\/v2\/media\/80627"}],"wp:attachment":[{"href":"https:\/\/www.europesays.com\/es\/wp-json\/wp\/v2\/media?parent=80626"}],"wp:term":[{"taxonomy":"category","embeddable":true,"href":"https:\/\/www.europesays.com\/es\/wp-json\/wp\/v2\/categories?post=80626"},{"taxonomy":"post_tag","embeddable":true,"href":"https:\/\/www.europesays.com\/es\/wp-json\/wp\/v2\/tags?post=80626"}],"curies":[{"name":"wp","href":"https:\/\/api.w.org\/{rel}","templated":true}]}}